{"id":42749,"date":"2024-04-18T17:07:53","date_gmt":"2024-04-18T15:07:53","guid":{"rendered":"https:\/\/edelweiss-panorama.ch\/?p=42749"},"modified":"2024-06-17T16:09:37","modified_gmt":"2024-06-17T14:09:37","slug":"avantages-de-lib","status":"publish","type":"post","link":"https:\/\/edelweiss-panorama.ch\/fr\/ib-benefits\/","title":{"rendered":"Pourquoi choisir l'IB ? En savoir plus sur les cinq atouts pr\u00e9cieux"},"content":{"rendered":"\t\t<div data-elementor-type=\"wp-post\" data-elementor-id=\"42749\" class=\"elementor elementor-42749\" data-elementor-post-type=\"post\">\n\t\t\t\t<div class=\"elementor-element elementor-element-37917cc e-flex e-con-boxed e-con e-parent\" data-id=\"37917cc\" data-element_type=\"container\" data-e-type=\"container\">\n\t\t\t\t\t<div class=\"e-con-inner\">\n\t\t\t\t<div class=\"elementor-element elementor-element-fb368d6 elementor-invisible elementor-widget elementor-widget-heading\" data-id=\"fb368d6\" data-element_type=\"widget\" data-e-type=\"widget\" data-settings=\"{&quot;motion_fx_motion_fx_scrolling&quot;:&quot;yes&quot;,&quot;_animation&quot;:&quot;fadeInLeft&quot;,&quot;motion_fx_devices&quot;:[&quot;desktop&quot;,&quot;tablet&quot;,&quot;mobile&quot;]}\" data-widget_type=\"heading.default\">\n\t\t\t\t<div class=\"elementor-widget-container\">\n\t\t\t\t\t<h2 class=\"elementor-heading-title elementor-size-default\">Why Choose the IB? Learn About the Five Valuable Assets<\/h2>\t\t\t\t<\/div>\n\t\t\t\t<\/div>\n\t\t\t\t\t<\/div>\n\t\t\t\t<\/div>\n\t\t<div class=\"elementor-element elementor-element-4de539e e-flex e-con-boxed e-con e-parent\" data-id=\"4de539e\" data-element_type=\"container\" data-e-type=\"container\">\n\t\t\t\t\t<div class=\"e-con-inner\">\n\t\t\t\t<div class=\"elementor-element elementor-element-7bd4411 elementor-widget elementor-widget-text-editor\" data-id=\"7bd4411\" data-element_type=\"widget\" data-e-type=\"widget\" data-widget_type=\"text-editor.default\">\n\t\t\t\t<div class=\"elementor-widget-container\">\n\t\t\t\t\t\t\t\t\t<p><span style=\"color: #000000;\"><a href=\"https:\/\/edelweiss-panorama.ch\/ib-programs\/\"><span style=\"text-decoration: underline;\">The <b>International Baccalaureate (IB)<\/b><\/span><\/a>, increasingly sought-after in 2024, offers a unique and enriching educational framework that allows students to take charge of their learning journey, fostering the necessary skills and confidence to excel and make meaningful contributions to society. This program not only benefits students but also enhances the teaching experience, positioning educators as key architects of academic excellence. They collaborate within a vibrant global network, enjoying a fulfilling career marked by mutual engagement and support.\u00a0<\/span><\/p><p><span style=\"color: #000000;\">Additionally, the IB is known for bolstering the prestige of schools, delivering successful outcomes that benefit the entire community. Offered by nearly all <a href=\"https:\/\/edelweiss-panorama.ch\/swiss-boarding-schools\/\"><span style=\"text-decoration: underline;\">boarding schools in Switzerland<\/span><\/a>, the IB stands as a testament to superior educational standards recognized worldwide.<\/span><\/p><p><span style=\"color: #000000;\">This program brings many valuable benefits to students, enriching their educational experience in a variety of ways :<\/span><\/p>\t\t\t\t\t\t\t\t<\/div>\n\t\t\t\t<\/div>\n\t\t\t\t\t<\/div>\n\t\t\t\t<\/div>\n\t\t<div class=\"elementor-element elementor-element-11e24f6 e-flex e-con-boxed e-con e-parent\" data-id=\"11e24f6\" data-element_type=\"container\" data-e-type=\"container\">\n\t\t\t\t\t<div class=\"e-con-inner\">\n\t\t\t\t<div class=\"elementor-element elementor-element-beb214b elementor-widget__width-initial elementor-widget elementor-widget-heading\" data-id=\"beb214b\" data-element_type=\"widget\" data-e-type=\"widget\" data-widget_type=\"heading.default\">\n\t\t\t\t<div class=\"elementor-widget-container\">\n\t\t\t\t\t<h2 class=\"elementor-heading-title elementor-size-default\">1. Critical Thinking <\/h2>\t\t\t\t<\/div>\n\t\t\t\t<\/div>\n\t\t\t\t\t<\/div>\n\t\t\t\t<\/div>\n\t\t<div class=\"elementor-element elementor-element-070e89c e-flex e-con-boxed e-con e-parent\" data-id=\"070e89c\" data-element_type=\"container\" data-e-type=\"container\">\n\t\t\t\t\t<div class=\"e-con-inner\">\n\t\t<div class=\"elementor-element elementor-element-27ddd41 e-con-full e-flex e-con e-child\" data-id=\"27ddd41\" data-element_type=\"container\" data-e-type=\"container\">\n\t\t\t\t<div class=\"elementor-element elementor-element-3605509 elementor-widget elementor-widget-text-editor\" data-id=\"3605509\" data-element_type=\"widget\" data-e-type=\"widget\" data-widget_type=\"text-editor.default\">\n\t\t\t\t<div class=\"elementor-widget-container\">\n\t\t\t\t\t\t\t\t\t<p>Critical thinking is an essential part of the International Baccalaureate (IB) philosophy and an integral part of the entire curriculum.<\/p><p>Unlike traditional education models that may focus heavily on rote memorization, the IB emphasizes the importance of understanding the underlying principles and concepts behind facts and figures.<\/p><p>\u00a0<\/p>\t\t\t\t\t\t\t\t<\/div>\n\t\t\t\t<\/div>\n\t\t\t\t<\/div>\n\t\t<div class=\"elementor-element elementor-element-b54d012 e-con-full e-flex e-con e-child\" data-id=\"b54d012\" data-element_type=\"container\" data-e-type=\"container\">\n\t\t\t\t<div class=\"elementor-element elementor-element-d630b73 elementor-invisible elementor-widget elementor-widget-image\" data-id=\"d630b73\" data-element_type=\"widget\" data-e-type=\"widget\" data-settings=\"{&quot;_animation&quot;:&quot;fadeInRight&quot;}\" data-widget_type=\"image.default\">\n\t\t\t\t<div class=\"elementor-widget-container\">\n\t\t\t\t\t\t\t\t\t\t\t\t\t\t\t<img fetchpriority=\"high\" decoding=\"async\" width=\"620\" height=\"413\" src=\"https:\/\/edelweiss-panorama.ch\/wp-content\/uploads\/2024\/04\/heads-with-lightbulb-brains-illustration.jpeg\" class=\"attachment-large size-large wp-image-42751\" alt=\"critical thinking\" srcset=\"https:\/\/edelweiss-panorama.ch\/wp-content\/uploads\/2024\/04\/heads-with-lightbulb-brains-illustration.jpeg 620w, https:\/\/edelweiss-panorama.ch\/wp-content\/uploads\/2024\/04\/heads-with-lightbulb-brains-illustration-300x200.jpeg 300w, https:\/\/edelweiss-panorama.ch\/wp-content\/uploads\/2024\/04\/heads-with-lightbulb-brains-illustration-18x12.jpeg 18w\" sizes=\"(max-width: 620px) 100vw, 620px\" \/>\t\t\t\t\t\t\t\t\t\t\t\t\t\t\t<\/div>\n\t\t\t\t<\/div>\n\t\t\t\t<\/div>\n\t\t\t\t\t<\/div>\n\t\t\t\t<\/div>\n\t\t<div class=\"elementor-element elementor-element-e2479bc e-flex e-con-boxed e-con e-parent\" data-id=\"e2479bc\" data-element_type=\"container\" data-e-type=\"container\">\n\t\t\t\t\t<div class=\"e-con-inner\">\n\t\t\t\t<div class=\"elementor-element elementor-element-054ff2d elementor-widget elementor-widget-text-editor\" data-id=\"054ff2d\" data-element_type=\"widget\" data-e-type=\"widget\" data-widget_type=\"text-editor.default\">\n\t\t\t\t<div class=\"elementor-widget-container\">\n\t\t\t\t\t\t\t\t\t<p><span style=\"color: #006fb9;\"><strong>Encouraging Inquiry and Analysis<\/strong><\/span><\/p><p>IB students are encouraged to be inquisitive about the world around them. They are taught to question what they learn, delve deeper into topics, and analyze information critically. This approach nurtures an <b>intellectual curiosity<\/b> that drives students to explore subjects more fully and understand them at a complex level.\u00a0<\/p><p><span style=\"color: #006fb9;\"><strong>Developing Reasoned Arguments<\/strong><\/span><\/p><p>In the IB, students learn to form their own opinions and arguments, but crucially, they are also taught to base these on solid reasoning and evidence. The curriculum supports the development of reasoned arguments through essays, presentations, and projects that require students to gather and evaluate information before presenting their conclusions.<\/p><p><span style=\"color: #006fb9;\"><strong>Promoting Reflective Thinking<\/strong><\/span><\/p><p>Reflection is another key aspect of critical thinking promoted by the IB. Students regularly reflect on their learning processes, the content they have engaged with, and their own perspectives. This reflective practice not only deepens their understanding but also fosters a habit of lifelong learning and <b>self-improvement<\/b>.<\/p><p><span style=\"color: #006fb9;\"><strong>Interdisciplinary Understanding<\/strong><\/span><\/p><p>The IB\u2019s interdisciplinary approach encourages students to see connections between subjects and disciplines. This broadens their thinking and helps them to understand complex, <b>real-world issues<\/b> from multiple viewpoints, which is essential in developing sophisticated critical thinking skills. \u00a0\u00a0<\/p>\t\t\t\t\t\t\t\t<\/div>\n\t\t\t\t<\/div>\n\t\t\t\t\t<\/div>\n\t\t\t\t<\/div>\n\t\t<div class=\"elementor-element elementor-element-659dcf0 e-flex e-con-boxed e-con e-parent\" data-id=\"659dcf0\" data-element_type=\"container\" data-e-type=\"container\">\n\t\t\t\t\t<div class=\"e-con-inner\">\n\t\t\t\t<div class=\"elementor-element elementor-element-185f821 elementor-widget__width-initial elementor-widget elementor-widget-heading\" data-id=\"185f821\" data-element_type=\"widget\" data-e-type=\"widget\" data-widget_type=\"heading.default\">\n\t\t\t\t<div class=\"elementor-widget-container\">\n\t\t\t\t\t<h2 class=\"elementor-heading-title elementor-size-default\">2. Experiential learning <\/h2>\t\t\t\t<\/div>\n\t\t\t\t<\/div>\n\t\t\t\t\t<\/div>\n\t\t\t\t<\/div>\n\t\t<div class=\"elementor-element elementor-element-2607b2f e-flex e-con-boxed e-con e-parent\" data-id=\"2607b2f\" data-element_type=\"container\" data-e-type=\"container\">\n\t\t\t\t\t<div class=\"e-con-inner\">\n\t\t\t\t<div class=\"elementor-element elementor-element-6f9a116 elementor-widget elementor-widget-text-editor\" data-id=\"6f9a116\" data-element_type=\"widget\" data-e-type=\"widget\" data-widget_type=\"text-editor.default\">\n\t\t\t\t<div class=\"elementor-widget-container\">\n\t\t\t\t\t\t\t\t\t<p>The International Baccalaureate (IB) Diploma Programme is renowned not only for its rigorous academic rigor but also for its comprehensive development approach through the Creativity, Activity, Service (CAS) component. CAS is pivotal in molding students into well-rounded individuals equipped with the skills necessary for success beyond the classroom.<\/p><p><span style=\"color: #006fb9;\"><strong>Holistic Development Through CAS<\/strong><\/span><\/p><p>CAS challenges students to step outside their academic comfort zones and engage in activities that foster <b>personal growth<\/b> and community interaction. This component of the IB Diploma requires students to explore their creative capacities (Creativity), participate in physical exertion (Activity), and contribute meaningfully to society (Service). It\u2019s an experiential learning process that enriches the IB&#8217;s demanding educational framework by integrating <strong>real-world experiences<\/strong> that develop resilience, adaptability, and interpersonal skills.<\/p>\t\t\t\t\t\t\t\t<\/div>\n\t\t\t\t<\/div>\n\t\t\t\t\t<\/div>\n\t\t\t\t<\/div>\n\t\t<div class=\"elementor-element elementor-element-eb0a61d e-flex e-con-boxed e-con e-parent\" data-id=\"eb0a61d\" data-element_type=\"container\" data-e-type=\"container\">\n\t\t\t\t\t<div class=\"e-con-inner\">\n\t\t<div class=\"elementor-element elementor-element-441c4f1 e-con-full e-flex e-con e-child\" data-id=\"441c4f1\" data-element_type=\"container\" data-e-type=\"container\">\n\t\t\t\t<\/div>\n\t\t<div class=\"elementor-element elementor-element-0cd9c54 e-con-full e-flex e-con e-child\" data-id=\"0cd9c54\" data-element_type=\"container\" data-e-type=\"container\">\n\t\t\t\t<div class=\"elementor-element elementor-element-4fe3824 elementor-invisible elementor-widget elementor-widget-testimonial\" data-id=\"4fe3824\" data-element_type=\"widget\" data-e-type=\"widget\" data-settings=\"{&quot;_animation&quot;:&quot;fadeInLeft&quot;}\" data-widget_type=\"testimonial.default\">\n\t\t\t\t<div class=\"elementor-widget-container\">\n\t\t\t\t\t\t\t<div class=\"elementor-testimonial-wrapper\">\n\t\t\t\t\t\t\t<div class=\"elementor-testimonial-content\">\"The creativity, activity, service (CAS) component of the Diploma Programme encouraged learning beyond the classroom. I explored a number of diverse areas, from sports to various charitable projects in orphanages and hospitals. CAS helped me to develop the necessary skills to cope with demanding workloads and better manage my time\u2014this was very useful to me as an undergraduate student and is invaluable now as a doctoral researcher.\"<\/div>\n\t\t\t\n\t\t\t\t\t\t<div class=\"elementor-testimonial-meta elementor-has-image elementor-testimonial-image-position-aside\">\n\t\t\t\t<div class=\"elementor-testimonial-meta-inner\">\n\t\t\t\t\t\t\t\t\t\t\t<div class=\"elementor-testimonial-image\">\n\t\t\t\t\t\t\t<img decoding=\"async\" width=\"150\" height=\"150\" src=\"https:\/\/edelweiss-panorama.ch\/wp-content\/uploads\/2024\/04\/dp-graduate-lilian-anegbe.jpeg\" class=\"attachment-full size-full wp-image-42755\" alt=\"IB Alumnus\" srcset=\"https:\/\/edelweiss-panorama.ch\/wp-content\/uploads\/2024\/04\/dp-graduate-lilian-anegbe.jpeg 150w, https:\/\/edelweiss-panorama.ch\/wp-content\/uploads\/2024\/04\/dp-graduate-lilian-anegbe-12x12.jpeg 12w, https:\/\/edelweiss-panorama.ch\/wp-content\/uploads\/2024\/04\/dp-graduate-lilian-anegbe-70x70.jpeg 70w, https:\/\/edelweiss-panorama.ch\/wp-content\/uploads\/2024\/04\/dp-graduate-lilian-anegbe-125x125.jpeg 125w, https:\/\/edelweiss-panorama.ch\/wp-content\/uploads\/2024\/04\/dp-graduate-lilian-anegbe-45x45.jpeg 45w\" sizes=\"(max-width: 150px) 100vw, 150px\" \/>\t\t\t\t\t\t<\/div>\n\t\t\t\t\t\n\t\t\t\t\t\t\t\t\t\t<div class=\"elementor-testimonial-details\">\n\t\t\t\t\t\t\t\t\t\t\t\t\t\t<div class=\"elementor-testimonial-name\">Lilian Anegbe<\/div>\n\t\t\t\t\t\t\t\t\t\t\t\t\t\t\t\t\t\t\t\t\t\t<div class=\"elementor-testimonial-job\">IB Alumnus <\/div>\n\t\t\t\t\t\t\t\t\t\t\t\t\t<\/div>\n\t\t\t\t\t\t\t\t\t<\/div>\n\t\t\t<\/div>\n\t\t\t\t\t<\/div>\n\t\t\t\t\t\t<\/div>\n\t\t\t\t<\/div>\n\t\t\t\t<\/div>\n\t\t<div class=\"elementor-element elementor-element-4fe4740 e-con-full e-flex e-con e-child\" data-id=\"4fe4740\" data-element_type=\"container\" data-e-type=\"container\">\n\t\t\t\t<\/div>\n\t\t\t\t\t<\/div>\n\t\t\t\t<\/div>\n\t\t<div class=\"elementor-element elementor-element-59aa9dc e-flex e-con-boxed e-con e-parent\" data-id=\"59aa9dc\" data-element_type=\"container\" data-e-type=\"container\">\n\t\t\t\t\t<div class=\"e-con-inner\">\n\t\t\t\t<div class=\"elementor-element elementor-element-13cc65a elementor-widget elementor-widget-text-editor\" data-id=\"13cc65a\" data-element_type=\"widget\" data-e-type=\"widget\" data-widget_type=\"text-editor.default\">\n\t\t\t\t<div class=\"elementor-widget-container\">\n\t\t\t\t\t\t\t\t\t<p><span style=\"color: #006fb9;\"><strong>Experiential Learning in Action<\/strong><\/span><\/p><p>CAS is more than just an obligation; it&#8217;s a journey of self-discovery and skill development. It compels students to communicate effectively, collaborate with peers, and take initiative\u2014skills that are indispensable in higher education and the professional world. Students are often placed in scenarios where they must lead teams, organize events, or undertake community projects, like organizing a school dance or leading a community outreach trip. These activities demand not only courage and leadership but also a strong sense of <b>commitment and teamwork<\/b>.<\/p>\t\t\t\t\t\t\t\t<\/div>\n\t\t\t\t<\/div>\n\t\t\t\t\t<\/div>\n\t\t\t\t<\/div>\n\t\t<div class=\"elementor-element elementor-element-b007a39 e-flex e-con-boxed e-con e-parent\" data-id=\"b007a39\" data-element_type=\"container\" data-e-type=\"container\">\n\t\t\t\t\t<div class=\"e-con-inner\">\n\t\t<div class=\"elementor-element elementor-element-6e186e4 e-con-full e-flex e-con e-child\" data-id=\"6e186e4\" data-element_type=\"container\" data-e-type=\"container\">\n\t\t\t\t<\/div>\n\t\t<div class=\"elementor-element elementor-element-f4ef945 e-con-full e-flex e-con e-child\" data-id=\"f4ef945\" data-element_type=\"container\" data-e-type=\"container\">\n\t\t\t\t<div class=\"elementor-element elementor-element-b771dfb elementor-widget elementor-widget-image\" data-id=\"b771dfb\" data-element_type=\"widget\" data-e-type=\"widget\" data-settings=\"{&quot;motion_fx_motion_fx_scrolling&quot;:&quot;yes&quot;,&quot;motion_fx_opacity_effect&quot;:&quot;yes&quot;,&quot;motion_fx_opacity_level&quot;:{&quot;unit&quot;:&quot;px&quot;,&quot;size&quot;:8.1,&quot;sizes&quot;:[]},&quot;motion_fx_opacity_direction&quot;:&quot;out-in&quot;,&quot;motion_fx_opacity_range&quot;:{&quot;unit&quot;:&quot;%&quot;,&quot;size&quot;:&quot;&quot;,&quot;sizes&quot;:{&quot;start&quot;:20,&quot;end&quot;:80}},&quot;motion_fx_devices&quot;:[&quot;desktop&quot;,&quot;tablet&quot;,&quot;mobile&quot;]}\" data-widget_type=\"image.default\">\n\t\t\t\t<div class=\"elementor-widget-container\">\n\t\t\t\t\t\t\t\t\t\t\t\t\t\t\t<img decoding=\"async\" width=\"750\" height=\"750\" src=\"https:\/\/edelweiss-panorama.ch\/wp-content\/uploads\/2024\/04\/Experiential-Learning-Cycle-01-1-1024x1024.png\" class=\"attachment-large size-large wp-image-42759\" alt=\"experiential learning\" srcset=\"https:\/\/edelweiss-panorama.ch\/wp-content\/uploads\/2024\/04\/Experiential-Learning-Cycle-01-1-1024x1024.png 1024w, https:\/\/edelweiss-panorama.ch\/wp-content\/uploads\/2024\/04\/Experiential-Learning-Cycle-01-1-300x300.png 300w, https:\/\/edelweiss-panorama.ch\/wp-content\/uploads\/2024\/04\/Experiential-Learning-Cycle-01-1-150x150.png 150w, https:\/\/edelweiss-panorama.ch\/wp-content\/uploads\/2024\/04\/Experiential-Learning-Cycle-01-1-768x768.png 768w, https:\/\/edelweiss-panorama.ch\/wp-content\/uploads\/2024\/04\/Experiential-Learning-Cycle-01-1-12x12.png 12w, https:\/\/edelweiss-panorama.ch\/wp-content\/uploads\/2024\/04\/Experiential-Learning-Cycle-01-1-70x70.png 70w, https:\/\/edelweiss-panorama.ch\/wp-content\/uploads\/2024\/04\/Experiential-Learning-Cycle-01-1-246x246.png 246w, https:\/\/edelweiss-panorama.ch\/wp-content\/uploads\/2024\/04\/Experiential-Learning-Cycle-01-1-276x276.png 276w, https:\/\/edelweiss-panorama.ch\/wp-content\/uploads\/2024\/04\/Experiential-Learning-Cycle-01-1-125x125.png 125w, https:\/\/edelweiss-panorama.ch\/wp-content\/uploads\/2024\/04\/Experiential-Learning-Cycle-01-1-45x45.png 45w, https:\/\/edelweiss-panorama.ch\/wp-content\/uploads\/2024\/04\/Experiential-Learning-Cycle-01-1.png 1250w\" sizes=\"(max-width: 750px) 100vw, 750px\" \/>\t\t\t\t\t\t\t\t\t\t\t\t\t\t\t<\/div>\n\t\t\t\t<\/div>\n\t\t\t\t<\/div>\n\t\t<div class=\"elementor-element elementor-element-f96a76c e-con-full e-flex e-con e-child\" data-id=\"f96a76c\" data-element_type=\"container\" data-e-type=\"container\">\n\t\t\t\t<\/div>\n\t\t\t\t\t<\/div>\n\t\t\t\t<\/div>\n\t\t<div class=\"elementor-element elementor-element-4f3a823 e-flex e-con-boxed e-con e-parent\" data-id=\"4f3a823\" data-element_type=\"container\" data-e-type=\"container\">\n\t\t\t\t\t<div class=\"e-con-inner\">\n\t\t\t\t<div class=\"elementor-element elementor-element-8a6828f elementor-widget__width-initial elementor-widget elementor-widget-heading\" data-id=\"8a6828f\" data-element_type=\"widget\" data-e-type=\"widget\" data-widget_type=\"heading.default\">\n\t\t\t\t<div class=\"elementor-widget-container\">\n\t\t\t\t\t<h2 class=\"elementor-heading-title elementor-size-default\">\n3.\tResearch skills \n<\/h2>\t\t\t\t<\/div>\n\t\t\t\t<\/div>\n\t\t\t\t\t<\/div>\n\t\t\t\t<\/div>\n\t\t<div class=\"elementor-element elementor-element-5659067 e-flex e-con-boxed e-con e-parent\" data-id=\"5659067\" data-element_type=\"container\" data-e-type=\"container\">\n\t\t\t\t\t<div class=\"e-con-inner\">\n\t\t\t\t<div class=\"elementor-element elementor-element-d6141ac elementor-widget elementor-widget-text-editor\" data-id=\"d6141ac\" data-element_type=\"widget\" data-e-type=\"widget\" data-widget_type=\"text-editor.default\">\n\t\t\t\t<div class=\"elementor-widget-container\">\n\t\t\t\t\t\t\t\t\t<p>The IB Diploma Programme does an excellent job of equipping students with advanced research skills through its structured approach to inquiry and exploration. These skills are crucial not only for academic success at the university level but also in professional life.<\/p><p><span style=\"color: #006fb9;\"><strong>Extended Essay: A Research Deep Dive<\/strong><\/span><\/p><p>One of the hallmark experiences for IB Diploma students is the Extended Essay, an independent, self-directed piece of research, culminating in a 4,000-word paper. This project provides an invaluable opportunity for students to investigate a topic of personal interest on a deeper level. It mirrors the kind of research and writing tasks expected in higher education and allows students to develop skills in formulating appropriate research questions, engaging in a systematic investigation process, organizing large amounts of data, and articulating a coherent argument.<\/p>\t\t\t\t\t\t\t\t<\/div>\n\t\t\t\t<\/div>\n\t\t\t\t\t<\/div>\n\t\t\t\t<\/div>\n\t\t<div class=\"elementor-element elementor-element-af663c3 e-flex e-con-boxed e-con e-parent\" data-id=\"af663c3\" data-element_type=\"container\" data-e-type=\"container\">\n\t\t\t\t\t<div class=\"e-con-inner\">\n\t\t<div class=\"elementor-element elementor-element-abe56f3 e-con-full e-flex e-con e-child\" data-id=\"abe56f3\" data-element_type=\"container\" data-e-type=\"container\">\n\t\t\t\t<\/div>\n\t\t<div class=\"elementor-element elementor-element-6a7682d e-con-full e-flex e-con e-child\" data-id=\"6a7682d\" data-element_type=\"container\" data-e-type=\"container\">\n\t\t\t\t<div class=\"elementor-element elementor-element-5d48b73 elementor-invisible elementor-widget elementor-widget-testimonial\" data-id=\"5d48b73\" data-element_type=\"widget\" data-e-type=\"widget\" data-settings=\"{&quot;_animation&quot;:&quot;fadeInLeft&quot;}\" data-widget_type=\"testimonial.default\">\n\t\t\t\t<div class=\"elementor-widget-container\">\n\t\t\t\t\t\t\t<div class=\"elementor-testimonial-wrapper\">\n\t\t\t\t\t\t\t<div class=\"elementor-testimonial-content\">Without a doubt, the extended essay was the most valuable preparation for university that I had in the DP. So many of my term papers I write for my courses resemble the format of my essay. Completing a significantly challenging research paper in the DP prepared me for writing papers quickly, efficiently, and comprehensively at university. <\/div>\n\t\t\t\n\t\t\t\t\t\t<div class=\"elementor-testimonial-meta elementor-has-image elementor-testimonial-image-position-aside\">\n\t\t\t\t<div class=\"elementor-testimonial-meta-inner\">\n\t\t\t\t\t\t\t\t\t\t\t<div class=\"elementor-testimonial-image\">\n\t\t\t\t\t\t\t<img loading=\"lazy\" decoding=\"async\" width=\"641\" height=\"660\" src=\"https:\/\/edelweiss-panorama.ch\/wp-content\/uploads\/2024\/04\/Picture-1.png\" class=\"attachment-full size-full wp-image-42763\" alt=\"IB Alumnus\" srcset=\"https:\/\/edelweiss-panorama.ch\/wp-content\/uploads\/2024\/04\/Picture-1.png 641w, https:\/\/edelweiss-panorama.ch\/wp-content\/uploads\/2024\/04\/Picture-1-291x300.png 291w, https:\/\/edelweiss-panorama.ch\/wp-content\/uploads\/2024\/04\/Picture-1-12x12.png 12w, https:\/\/edelweiss-panorama.ch\/wp-content\/uploads\/2024\/04\/Picture-1-45x45.png 45w\" sizes=\"(max-width: 641px) 100vw, 641px\" \/>\t\t\t\t\t\t<\/div>\n\t\t\t\t\t\n\t\t\t\t\t\t\t\t\t\t<div class=\"elementor-testimonial-details\">\n\t\t\t\t\t\t\t\t\t\t\t\t\t\t<div class=\"elementor-testimonial-name\">Lilian Anegbe<\/div>\n\t\t\t\t\t\t\t\t\t\t\t\t\t\t\t\t\t\t\t\t\t\t<div class=\"elementor-testimonial-job\">IB Alumnus <\/div>\n\t\t\t\t\t\t\t\t\t\t\t\t\t<\/div>\n\t\t\t\t\t\t\t\t\t<\/div>\n\t\t\t<\/div>\n\t\t\t\t\t<\/div>\n\t\t\t\t\t\t<\/div>\n\t\t\t\t<\/div>\n\t\t\t\t<\/div>\n\t\t<div class=\"elementor-element elementor-element-28da0a3 e-con-full e-flex e-con e-child\" data-id=\"28da0a3\" data-element_type=\"container\" data-e-type=\"container\">\n\t\t\t\t<\/div>\n\t\t\t\t\t<\/div>\n\t\t\t\t<\/div>\n\t\t<div class=\"elementor-element elementor-element-0efcfeb e-flex e-con-boxed e-con e-parent\" data-id=\"0efcfeb\" data-element_type=\"container\" data-e-type=\"container\">\n\t\t\t\t\t<div class=\"e-con-inner\">\n\t\t\t\t<div class=\"elementor-element elementor-element-aa52b5a elementor-widget elementor-widget-text-editor\" data-id=\"aa52b5a\" data-element_type=\"widget\" data-e-type=\"widget\" data-widget_type=\"text-editor.default\">\n\t\t\t\t<div class=\"elementor-widget-container\">\n\t\t\t\t\t\t\t\t\t<p><span style=\"color: #006fb9;\"><strong>Theory of Knowledge: Interdisciplinary Research<\/strong><\/span><\/p><p>The Theory of Knowledge (TOK) component complements the EE by encouraging students to question the bases of knowledge and integrate insights from various disciplines. TOK challenges students to reflect on the nature of knowledge and how we know what we claim to know. This promotes a <b>critical awareness <\/b>of how interdisciplinary understanding can enhance and deepen research, which is a crucial skill in navigating the increasingly complex academic and real-world problems.<\/p><p><span style=\"color: #006fb9;\"><strong>Subject-Specific Research Opportunities<\/strong><\/span><\/p><p>Across the IB curriculum, various subjects incorporate research skills into their teaching methods. For instance:<\/p><ol><li>In the sciences, practical experiments require students to develop hypotheses, conduct experiments, and analyze results, fostering a hands-on understanding of scientific inquiry.<\/li><li>Humanities subjects like History and Geography utilize primary and secondary sources, teaching students how to critically evaluate information sources and develop reasoned arguments based on their findings.<\/li><\/ol>\t\t\t\t\t\t\t\t<\/div>\n\t\t\t\t<\/div>\n\t\t\t\t\t<\/div>\n\t\t\t\t<\/div>\n\t\t<div class=\"elementor-element elementor-element-74714ae e-flex e-con-boxed e-con e-parent\" data-id=\"74714ae\" data-element_type=\"container\" data-e-type=\"container\">\n\t\t\t\t\t<div class=\"e-con-inner\">\n\t\t\t\t<div class=\"elementor-element elementor-element-ee7cbda elementor-widget__width-initial elementor-widget elementor-widget-heading\" data-id=\"ee7cbda\" data-element_type=\"widget\" data-e-type=\"widget\" data-widget_type=\"heading.default\">\n\t\t\t\t<div class=\"elementor-widget-container\">\n\t\t\t\t\t<h2 class=\"elementor-heading-title elementor-size-default\">4.\tPersonal growth <\/h2>\t\t\t\t<\/div>\n\t\t\t\t<\/div>\n\t\t\t\t\t<\/div>\n\t\t\t\t<\/div>\n\t\t<div class=\"elementor-element elementor-element-a5677a2 e-flex e-con-boxed e-con e-parent\" data-id=\"a5677a2\" data-element_type=\"container\" data-e-type=\"container\">\n\t\t\t\t\t<div class=\"e-con-inner\">\n\t\t\t\t<div class=\"elementor-element elementor-element-1eb65c6 elementor-widget elementor-widget-text-editor\" data-id=\"1eb65c6\" data-element_type=\"widget\" data-e-type=\"widget\" data-widget_type=\"text-editor.default\">\n\t\t\t\t<div class=\"elementor-widget-container\">\n\t\t\t\t\t\t\t\t\t<p><span style=\"color: #006fb9;\"><strong>Holistic Development\u00a0<\/strong><\/span><\/p><p>The International Baccalaureate (IB) program offers a unique educational experience that substantially contributes to personal growth, making it a compelling choice for students seeking a well-rounded academic environment. This growth is facilitated through a multifaceted approach that touches various aspects of personal development. A distinctive feature of the IB program is its requirement to balance rigorous academic work with <b>co-curricular activities<\/b>, such as those involved in the Creativity, Activity, Service (CAS) component. Managing these diverse requirements teaches students valuable time management skills, fostering a balanced approach to life that prioritizes both work and personal well-being. This balance is crucial for long-term success and is a key aspect of personal growth during these formative years.<\/p><p><span style=\"color: #006fb9;\"><strong>Soft Skills for a Globalized World<\/strong> <\/span><\/p><p>The International Baccalaureate (IB) program significantly fosters personal growth through its comprehensive and diverse educational approach. It promotes global awareness by exposing students to multiple perspectives, enhancing their understanding and empathy. Students also develop strong communication skills by learning to express their opinions effectively through various assignments. The IB&#8217;s balanced curriculum, which includes activities like the CAS program, teaches valuable time management skills and encourages a well-rounded lifestyle. Experiential learning through hands-on projects helps students apply theoretical knowledge in practical situations, increasing their engagement and retention. Furthermore, the Extended Essay component cultivates critical research and self-management skills necessary for success in higher education and professional life.<\/p><p><span style=\"color: #006fb9;\"><strong>A Model of Excellence in Swiss Education<\/strong> <\/span><\/p><p>Such a robust educational model is exemplified by its widespread implementation in <b>boarding schools across Switzerland<\/b>, known for their commitment to high educational standards. Overall, the personal development achieved in the IB program prepares students not only for academic success but also for a successful and fulfilling life, making it a compelling choice for comprehensive education.<\/p>\t\t\t\t\t\t\t\t<\/div>\n\t\t\t\t<\/div>\n\t\t\t\t\t<\/div>\n\t\t\t\t<\/div>\n\t\t<div class=\"elementor-element elementor-element-7d99f9c e-flex e-con-boxed e-con e-parent\" data-id=\"7d99f9c\" data-element_type=\"container\" data-e-type=\"container\">\n\t\t\t\t\t<div class=\"e-con-inner\">\n\t\t\t\t<div class=\"elementor-element elementor-element-214a273 elementor-widget__width-initial elementor-widget elementor-widget-heading\" data-id=\"214a273\" data-element_type=\"widget\" data-e-type=\"widget\" data-widget_type=\"heading.default\">\n\t\t\t\t<div class=\"elementor-widget-container\">\n\t\t\t\t\t<h2 class=\"elementor-heading-title elementor-size-default\">5.\tGlobal perspective <\/h2>\t\t\t\t<\/div>\n\t\t\t\t<\/div>\n\t\t\t\t\t<\/div>\n\t\t\t\t<\/div>\n\t\t<div class=\"elementor-element elementor-element-a1e403a e-flex e-con-boxed e-con e-parent\" data-id=\"a1e403a\" data-element_type=\"container\" data-e-type=\"container\">\n\t\t\t\t\t<div class=\"e-con-inner\">\n\t\t\t\t<div class=\"elementor-element elementor-element-826651b elementor-widget elementor-widget-text-editor\" data-id=\"826651b\" data-element_type=\"widget\" data-e-type=\"widget\" data-widget_type=\"text-editor.default\">\n\t\t\t\t<div class=\"elementor-widget-container\">\n\t\t\t\t\t\t\t\t\t<p>The IB curriculum is structured to not only provide students with the knowledge they need to excel academically but also to instill a profound respect for the world&#8217;s various cultures and the challenges they face. Students are encouraged to explore and understand cultural contexts other than their own, which promotes empathy and global awareness.<\/p><p><span style=\"color: #006fb9;\"><strong>Fostering Multilingualism and Cultural Intelligence<\/strong><\/span><\/p><p>With its requirement for students to learn a second language, the IB directly contributes to multilingualism, allowing students to communicate across cultural boundaries and fostering a greater understanding of different societies. This linguistic skill is paired with cultural intelligence, empowering students to navigate a variety of cultural situations competently and sensitively.<\/p><p><span style=\"color: #006fb9;\"><strong>International Recognition: Access to Global Opportunities<\/strong><\/span><\/p><p>The international recognition of the IB Diploma underscores its focus on global perspective. Accepted by educational institutions in around 150 countries, the Diploma facilitates educational and professional opportunities worldwide. This broad acceptance by top universities across the globe, including elite institutions in the United States, speaks volumes about the trust and value placed in an IB education.<\/p>\t\t\t\t\t\t\t\t<\/div>\n\t\t\t\t<\/div>\n\t\t\t\t\t<\/div>\n\t\t\t\t<\/div>\n\t\t<div class=\"elementor-element elementor-element-cb4b27f e-flex e-con-boxed e-con e-parent\" data-id=\"cb4b27f\" data-element_type=\"container\" data-e-type=\"container\">\n\t\t\t\t\t<div class=\"e-con-inner\">\n\t\t<div class=\"elementor-element elementor-element-24c193e e-con-full e-flex e-con e-child\" data-id=\"24c193e\" data-element_type=\"container\" data-e-type=\"container\">\n\t\t\t\t<\/div>\n\t\t<div class=\"elementor-element elementor-element-1002a7f e-con-full e-flex e-con e-child\" data-id=\"1002a7f\" data-element_type=\"container\" data-e-type=\"container\">\n\t\t\t\t<div class=\"elementor-element elementor-element-3cf4ada elementor-widget__width-initial elementor-invisible elementor-widget elementor-widget-testimonial\" data-id=\"3cf4ada\" data-element_type=\"widget\" data-e-type=\"widget\" data-settings=\"{&quot;_animation&quot;:&quot;fadeInRight&quot;}\" data-widget_type=\"testimonial.default\">\n\t\t\t\t<div class=\"elementor-widget-container\">\n\t\t\t\t\t\t\t<div class=\"elementor-testimonial-wrapper\">\n\t\t\t\t\t\t\t<div class=\"elementor-testimonial-content\">\"I currently teach at a university. The IB and the Mutuelle d\u2019\u00c9tudes Secondaires taught me independence and empathy. I also think that the IB prepared me well for university. I have a bachelor\u2019s degree from the Free University of Brussels, a country that I didn\u2019t know very well, however, I adapted very quickly to the Belgian system. This is most likely because the IB system teaches students just that: adaptation. I think that it also teaches students how to be open-minded.\"<\/div>\n\t\t\t\n\t\t\t\t\t\t<div class=\"elementor-testimonial-meta elementor-has-image elementor-testimonial-image-position-aside\">\n\t\t\t\t<div class=\"elementor-testimonial-meta-inner\">\n\t\t\t\t\t\t\t\t\t\t\t<div class=\"elementor-testimonial-image\">\n\t\t\t\t\t\t\t<img loading=\"lazy\" decoding=\"async\" width=\"150\" height=\"150\" src=\"https:\/\/edelweiss-panorama.ch\/wp-content\/uploads\/2024\/04\/myriam-piguet.jpeg\" class=\"attachment-full size-full wp-image-42771\" alt=\"myriam piguet\" srcset=\"https:\/\/edelweiss-panorama.ch\/wp-content\/uploads\/2024\/04\/myriam-piguet.jpeg 150w, https:\/\/edelweiss-panorama.ch\/wp-content\/uploads\/2024\/04\/myriam-piguet-12x12.jpeg 12w, https:\/\/edelweiss-panorama.ch\/wp-content\/uploads\/2024\/04\/myriam-piguet-70x70.jpeg 70w, https:\/\/edelweiss-panorama.ch\/wp-content\/uploads\/2024\/04\/myriam-piguet-125x125.jpeg 125w, https:\/\/edelweiss-panorama.ch\/wp-content\/uploads\/2024\/04\/myriam-piguet-45x45.jpeg 45w\" sizes=\"(max-width: 150px) 100vw, 150px\" \/>\t\t\t\t\t\t<\/div>\n\t\t\t\t\t\n\t\t\t\t\t\t\t\t\t\t<div class=\"elementor-testimonial-details\">\n\t\t\t\t\t\t\t\t\t\t\t\t\t\t<div class=\"elementor-testimonial-name\">Myriam Piguet <\/div>\n\t\t\t\t\t\t\t\t\t\t\t\t\t\t\t\t\t\t\t\t\t\t<div class=\"elementor-testimonial-job\">Geneva IB Alumnus <\/div>\n\t\t\t\t\t\t\t\t\t\t\t\t\t<\/div>\n\t\t\t\t\t\t\t\t\t<\/div>\n\t\t\t<\/div>\n\t\t\t\t\t<\/div>\n\t\t\t\t\t\t<\/div>\n\t\t\t\t<\/div>\n\t\t\t\t<\/div>\n\t\t<div class=\"elementor-element elementor-element-5310a0c e-con-full e-flex e-con e-child\" data-id=\"5310a0c\" data-element_type=\"container\" data-e-type=\"container\">\n\t\t\t\t<\/div>\n\t\t\t\t\t<\/div>\n\t\t\t\t<\/div>\n\t\t<div class=\"elementor-element elementor-element-75eef0a e-flex e-con-boxed e-con e-parent\" data-id=\"75eef0a\" data-element_type=\"container\" data-e-type=\"container\">\n\t\t\t\t\t<div class=\"e-con-inner\">\n\t\t\t\t<div class=\"elementor-element elementor-element-6c9d6d4 elementor-widget elementor-widget-text-editor\" data-id=\"6c9d6d4\" data-element_type=\"widget\" data-e-type=\"widget\" data-widget_type=\"text-editor.default\">\n\t\t\t\t<div class=\"elementor-widget-container\">\n\t\t\t\t\t\t\t\t\t<p><span style=\"color: #006fb9;\"><strong>Cultivating Outward-Facing Perspectives<\/strong><\/span><\/p><p>IB students are taught to look beyond their local environment and consider global implications. The curriculum encourages students to engage with issues of global significance, preparing them to become proactive contributors to the global community. Through this outward-facing education, IB learners are equipped with the understanding necessary to act on global concerns effectively and compassionately.<\/p><p><span style=\"color: #006fb9;\"><strong>Global Citizenship in Practice<\/strong><\/span><\/p><p>The ultimate benefit of the IB\u2019s global perspective is the nurturing of global citizens\u2014individuals who are not just academically capable but also culturally competent and ready to take on roles that transcend national boundaries. IB graduates are renowned for their ability to approach global challenges with a balanced perspective, ready to collaborate with peers from different backgrounds to create solutions for a better world.<\/p>\t\t\t\t\t\t\t\t<\/div>\n\t\t\t\t<\/div>\n\t\t\t\t\t<\/div>\n\t\t\t\t<\/div>\n\t\t<div class=\"elementor-element elementor-element-9449c97 e-flex e-con-boxed e-con e-parent\" data-id=\"9449c97\" data-element_type=\"container\" data-e-type=\"container\">\n\t\t\t\t\t<div class=\"e-con-inner\">\n\t\t<div class=\"elementor-element elementor-element-c3d94d2 e-con-full e-flex e-con e-child\" data-id=\"c3d94d2\" data-element_type=\"container\" data-e-type=\"container\">\n\t\t\t\t<\/div>\n\t\t<div class=\"elementor-element elementor-element-0baaced e-con-full e-flex e-con e-child\" data-id=\"0baaced\" data-element_type=\"container\" data-e-type=\"container\">\n\t\t\t\t<div class=\"elementor-element elementor-element-4f270df elementor-widget elementor-widget-image\" data-id=\"4f270df\" data-element_type=\"widget\" data-e-type=\"widget\" data-settings=\"{&quot;motion_fx_motion_fx_scrolling&quot;:&quot;yes&quot;,&quot;motion_fx_scale_effect&quot;:&quot;yes&quot;,&quot;motion_fx_scale_speed&quot;:{&quot;unit&quot;:&quot;px&quot;,&quot;size&quot;:2,&quot;sizes&quot;:[]},&quot;motion_fx_scale_direction&quot;:&quot;out-in&quot;,&quot;motion_fx_scale_range&quot;:{&quot;unit&quot;:&quot;%&quot;,&quot;size&quot;:&quot;&quot;,&quot;sizes&quot;:{&quot;start&quot;:20,&quot;end&quot;:80}},&quot;motion_fx_devices&quot;:[&quot;desktop&quot;,&quot;tablet&quot;,&quot;mobile&quot;]}\" data-widget_type=\"image.default\">\n\t\t\t\t<div class=\"elementor-widget-container\">\n\t\t\t\t\t\t\t\t\t\t\t\t\t\t\t<img loading=\"lazy\" decoding=\"async\" width=\"750\" height=\"507\" src=\"https:\/\/edelweiss-panorama.ch\/wp-content\/uploads\/2024\/04\/image.png-1.webp\" class=\"attachment-large size-large wp-image-42775\" alt=\"global citizenship\" srcset=\"https:\/\/edelweiss-panorama.ch\/wp-content\/uploads\/2024\/04\/image.png-1.webp 989w, https:\/\/edelweiss-panorama.ch\/wp-content\/uploads\/2024\/04\/image.png-1-300x203.webp 300w, https:\/\/edelweiss-panorama.ch\/wp-content\/uploads\/2024\/04\/image.png-1-768x520.webp 768w, https:\/\/edelweiss-panorama.ch\/wp-content\/uploads\/2024\/04\/image.png-1-18x12.webp 18w\" sizes=\"(max-width: 750px) 100vw, 750px\" \/>\t\t\t\t\t\t\t\t\t\t\t\t\t\t\t<\/div>\n\t\t\t\t<\/div>\n\t\t\t\t<\/div>\n\t\t<div class=\"elementor-element elementor-element-dfdd92f e-con-full e-flex e-con e-child\" data-id=\"dfdd92f\" data-element_type=\"container\" data-e-type=\"container\">\n\t\t\t\t<\/div>\n\t\t\t\t\t<\/div>\n\t\t\t\t<\/div>\n\t\t<div class=\"elementor-element elementor-element-d374613 e-flex e-con-boxed e-con e-parent\" data-id=\"d374613\" data-element_type=\"container\" data-e-type=\"container\">\n\t\t\t\t\t<div class=\"e-con-inner\">\n\t\t\t\t<div class=\"elementor-element elementor-element-e78d663 elementor-widget elementor-widget-text-editor\" data-id=\"e78d663\" data-element_type=\"widget\" data-e-type=\"widget\" data-widget_type=\"text-editor.default\">\n\t\t\t\t<div class=\"elementor-widget-container\">\n\t\t\t\t\t\t\t\t\t<p>In conclusion, the<a href=\"https:\/\/edelweiss-panorama.ch\/ib-programs\/\"><span style=\"text-decoration: underline;\"> International Baccalaureate (IB)<\/span> <\/a>Diploma Programme offers a unique and enriching educational experience that goes beyond traditional learning paradigms. By integrating critical thinking, experiential learning, advanced research skills, personal growth, and a global perspective, the IB prepares students comprehensively for the challenges of higher education and beyond. Students not only emerge with a strong academic foundation but also the skills needed to navigate complex global issues and contribute positively to the world. The program&#8217;s holistic approach fosters intellectual curiosity, ethical sensitivity, and personal resilience, which are indispensable in today&#8217;s interconnected and rapidly changing society. Additionally, its widespread adoption by boarding schools across Switzerland highlights the country&#8217;s commitment to high educational standards and reflects the global trust and value placed in the IB curriculum. Ultimately, the IB&#8217;s dedication to developing inquiring, knowledgeable, and caring young people encapsulates its mission to create a better and more peaceful world through education.<\/p>\t\t\t\t\t\t\t\t<\/div>\n\t\t\t\t<\/div>\n\t\t\t\t\t<\/div>\n\t\t\t\t<\/div>\n\t\t\t\t<\/div>\n\t\t","protected":false},"excerpt":{"rendered":"<p>Pourquoi choisir l'IB ? D\u00e9couvrez les cinq atouts pr\u00e9cieux Le Baccalaur\u00e9at International (IB), de plus en plus recherch\u00e9 en 2024, offre un cadre \u00e9ducatif unique et enrichissant qui permet aux \u00e9l\u00e8ves de prendre en charge leur parcours d'apprentissage, en d\u00e9veloppant les comp\u00e9tences et la confiance n\u00e9cessaires pour exceller et apporter des contributions significatives \u00e0 la soci\u00e9t\u00e9. Ce programme ne profite pas seulement aux \u00e9l\u00e8ves ...<\/p>","protected":false},"author":18,"featured_media":42653,"comment_status":"open","ping_status":"open","sticky":false,"template":"","format":"standard","meta":{"footnotes":""},"categories":[13],"tags":[356],"class_list":["post-42749","post","type-post","status-publish","format-standard","has-post-thumbnail","hentry","category-education","tag-guide"],"yoast_head":"<!-- This site is optimized with the Yoast SEO plugin v27.5 - https:\/\/yoast.com\/product\/yoast-seo-wordpress\/ -->\n<title>Why Choose the IB? Learn About the Five Valuable Assets - Edelweiss Panorama International<\/title>\n<meta name=\"description\" content=\"Explore the key benefits of the IB program: critical thinking, research skills, personal growth, and more. Prepare for success in a globalized world.\" \/>\n<meta name=\"robots\" content=\"index, follow, max-snippet:-1, max-image-preview:large, max-video-preview:-1\" \/>\n<link rel=\"canonical\" href=\"https:\/\/edelweiss-panorama.ch\/fr\/avantages-de-lib\/\" \/>\n<meta property=\"og:locale\" content=\"fr_FR\" \/>\n<meta property=\"og:type\" content=\"article\" \/>\n<meta property=\"og:title\" content=\"Why Choose the IB? Learn About the Five Valuable Assets - Edelweiss Panorama International\" \/>\n<meta property=\"og:description\" content=\"Explore the key benefits of the IB program: critical thinking, research skills, personal growth, and more. Prepare for success in a globalized world.\" \/>\n<meta property=\"og:url\" content=\"https:\/\/edelweiss-panorama.ch\/fr\/avantages-de-lib\/\" \/>\n<meta property=\"og:site_name\" content=\"Edelweiss Panorama International\" \/>\n<meta property=\"article:publisher\" content=\"https:\/\/www.facebook.com\/edelweisspanorama\" \/>\n<meta property=\"article:published_time\" content=\"2024-04-18T15:07:53+00:00\" \/>\n<meta property=\"article:modified_time\" content=\"2024-06-17T14:09:37+00:00\" \/>\n<meta property=\"og:image\" content=\"https:\/\/edelweiss-panorama.ch\/wp-content\/uploads\/2024\/04\/FeatImage_WhatIsIBWorldSchool_1000x373.jpg.optimal.jpg\" \/>\n\t<meta property=\"og:image:width\" content=\"1000\" \/>\n\t<meta property=\"og:image:height\" content=\"373\" \/>\n\t<meta property=\"og:image:type\" content=\"image\/jpeg\" \/>\n<meta name=\"author\" content=\"Agathe Matringe\" \/>\n<meta name=\"twitter:card\" content=\"summary_large_image\" \/>\n<meta name=\"twitter:creator\" content=\"@EPI_Swiss\" \/>\n<meta name=\"twitter:site\" content=\"@EPI_Swiss\" \/>\n<meta name=\"twitter:label1\" content=\"\u00c9crit par\" \/>\n\t<meta name=\"twitter:data1\" content=\"Agathe Matringe\" \/>\n\t<meta name=\"twitter:label2\" content=\"Dur\u00e9e de lecture estim\u00e9e\" \/>\n\t<meta name=\"twitter:data2\" content=\"10 minutes\" \/>\n<script type=\"application\/ld+json\" class=\"yoast-schema-graph\">{\"@context\":\"https:\\\/\\\/schema.org\",\"@graph\":[{\"@type\":\"Article\",\"@id\":\"https:\\\/\\\/edelweiss-panorama.ch\\\/ib-benefits\\\/#article\",\"isPartOf\":{\"@id\":\"https:\\\/\\\/edelweiss-panorama.ch\\\/ib-benefits\\\/\"},\"author\":{\"name\":\"Agathe Matringe\",\"@id\":\"https:\\\/\\\/edelweiss-panorama.ch\\\/fr\\\/#\\\/schema\\\/person\\\/63c0cb227ed52a0f1837839e68b140e4\"},\"headline\":\"Why Choose the IB? Learn About the Five Valuable Assets\",\"datePublished\":\"2024-04-18T15:07:53+00:00\",\"dateModified\":\"2024-06-17T14:09:37+00:00\",\"mainEntityOfPage\":{\"@id\":\"https:\\\/\\\/edelweiss-panorama.ch\\\/ib-benefits\\\/\"},\"wordCount\":1857,\"commentCount\":0,\"publisher\":{\"@id\":\"https:\\\/\\\/edelweiss-panorama.ch\\\/fr\\\/#organization\"},\"image\":{\"@id\":\"https:\\\/\\\/edelweiss-panorama.ch\\\/ib-benefits\\\/#primaryimage\"},\"thumbnailUrl\":\"https:\\\/\\\/edelweiss-panorama.ch\\\/wp-content\\\/uploads\\\/2024\\\/04\\\/FeatImage_WhatIsIBWorldSchool_1000x373.jpg.optimal.jpg\",\"keywords\":[\"Guide\"],\"articleSection\":[\"Education\"],\"inLanguage\":\"fr-FR\",\"potentialAction\":[{\"@type\":\"CommentAction\",\"name\":\"Comment\",\"target\":[\"https:\\\/\\\/edelweiss-panorama.ch\\\/ib-benefits\\\/#respond\"]}]},{\"@type\":\"WebPage\",\"@id\":\"https:\\\/\\\/edelweiss-panorama.ch\\\/ib-benefits\\\/\",\"url\":\"https:\\\/\\\/edelweiss-panorama.ch\\\/ib-benefits\\\/\",\"name\":\"Why Choose the IB? Learn About the Five Valuable Assets - Edelweiss Panorama International\",\"isPartOf\":{\"@id\":\"https:\\\/\\\/edelweiss-panorama.ch\\\/fr\\\/#website\"},\"primaryImageOfPage\":{\"@id\":\"https:\\\/\\\/edelweiss-panorama.ch\\\/ib-benefits\\\/#primaryimage\"},\"image\":{\"@id\":\"https:\\\/\\\/edelweiss-panorama.ch\\\/ib-benefits\\\/#primaryimage\"},\"thumbnailUrl\":\"https:\\\/\\\/edelweiss-panorama.ch\\\/wp-content\\\/uploads\\\/2024\\\/04\\\/FeatImage_WhatIsIBWorldSchool_1000x373.jpg.optimal.jpg\",\"datePublished\":\"2024-04-18T15:07:53+00:00\",\"dateModified\":\"2024-06-17T14:09:37+00:00\",\"description\":\"Explore the key benefits of the IB program: critical thinking, research skills, personal growth, and more. Prepare for success in a globalized world.\",\"breadcrumb\":{\"@id\":\"https:\\\/\\\/edelweiss-panorama.ch\\\/ib-benefits\\\/#breadcrumb\"},\"inLanguage\":\"fr-FR\",\"potentialAction\":[{\"@type\":\"ReadAction\",\"target\":[\"https:\\\/\\\/edelweiss-panorama.ch\\\/ib-benefits\\\/\"]}]},{\"@type\":\"ImageObject\",\"inLanguage\":\"fr-FR\",\"@id\":\"https:\\\/\\\/edelweiss-panorama.ch\\\/ib-benefits\\\/#primaryimage\",\"url\":\"https:\\\/\\\/edelweiss-panorama.ch\\\/wp-content\\\/uploads\\\/2024\\\/04\\\/FeatImage_WhatIsIBWorldSchool_1000x373.jpg.optimal.jpg\",\"contentUrl\":\"https:\\\/\\\/edelweiss-panorama.ch\\\/wp-content\\\/uploads\\\/2024\\\/04\\\/FeatImage_WhatIsIBWorldSchool_1000x373.jpg.optimal.jpg\",\"width\":1000,\"height\":373,\"caption\":\"IB students\"},{\"@type\":\"BreadcrumbList\",\"@id\":\"https:\\\/\\\/edelweiss-panorama.ch\\\/ib-benefits\\\/#breadcrumb\",\"itemListElement\":[{\"@type\":\"ListItem\",\"position\":1,\"name\":\"Home\",\"item\":\"https:\\\/\\\/edelweiss-panorama.ch\\\/\"},{\"@type\":\"ListItem\",\"position\":2,\"name\":\"Why Choose the IB? Learn About the Five Valuable Assets\"}]},{\"@type\":\"WebSite\",\"@id\":\"https:\\\/\\\/edelweiss-panorama.ch\\\/fr\\\/#website\",\"url\":\"https:\\\/\\\/edelweiss-panorama.ch\\\/fr\\\/\",\"name\":\"Edelweiss Panorama International\",\"description\":\"Allows you to live and thrive every corner of the world.\",\"publisher\":{\"@id\":\"https:\\\/\\\/edelweiss-panorama.ch\\\/fr\\\/#organization\"},\"potentialAction\":[{\"@type\":\"SearchAction\",\"target\":{\"@type\":\"EntryPoint\",\"urlTemplate\":\"https:\\\/\\\/edelweiss-panorama.ch\\\/fr\\\/?s={search_term_string}\"},\"query-input\":{\"@type\":\"PropertyValueSpecification\",\"valueRequired\":true,\"valueName\":\"search_term_string\"}}],\"inLanguage\":\"fr-FR\"},{\"@type\":\"Organization\",\"@id\":\"https:\\\/\\\/edelweiss-panorama.ch\\\/fr\\\/#organization\",\"name\":\"Edelweiss Panorama International\",\"url\":\"https:\\\/\\\/edelweiss-panorama.ch\\\/fr\\\/\",\"logo\":{\"@type\":\"ImageObject\",\"inLanguage\":\"fr-FR\",\"@id\":\"https:\\\/\\\/edelweiss-panorama.ch\\\/fr\\\/#\\\/schema\\\/logo\\\/image\\\/\",\"url\":\"https:\\\/\\\/edelweiss-panorama.ch\\\/wp-content\\\/uploads\\\/2020\\\/04\\\/Untitled-design-1-1.png\",\"contentUrl\":\"https:\\\/\\\/edelweiss-panorama.ch\\\/wp-content\\\/uploads\\\/2020\\\/04\\\/Untitled-design-1-1.png\",\"width\":1080,\"height\":1080,\"caption\":\"Edelweiss Panorama International\"},\"image\":{\"@id\":\"https:\\\/\\\/edelweiss-panorama.ch\\\/fr\\\/#\\\/schema\\\/logo\\\/image\\\/\"},\"sameAs\":[\"https:\\\/\\\/www.facebook.com\\\/edelweisspanorama\",\"https:\\\/\\\/x.com\\\/EPI_Swiss\"]},{\"@type\":\"Person\",\"@id\":\"https:\\\/\\\/edelweiss-panorama.ch\\\/fr\\\/#\\\/schema\\\/person\\\/63c0cb227ed52a0f1837839e68b140e4\",\"name\":\"Agathe Matringe\",\"image\":{\"@type\":\"ImageObject\",\"inLanguage\":\"fr-FR\",\"@id\":\"https:\\\/\\\/secure.gravatar.com\\\/avatar\\\/17caa5789ffdea6a5a7a1eea9320276b838b35cd8ed0d514b467d33edce5fbaf?s=96&d=mm&r=g\",\"url\":\"https:\\\/\\\/secure.gravatar.com\\\/avatar\\\/17caa5789ffdea6a5a7a1eea9320276b838b35cd8ed0d514b467d33edce5fbaf?s=96&d=mm&r=g\",\"contentUrl\":\"https:\\\/\\\/secure.gravatar.com\\\/avatar\\\/17caa5789ffdea6a5a7a1eea9320276b838b35cd8ed0d514b467d33edce5fbaf?s=96&d=mm&r=g\",\"caption\":\"Agathe Matringe\"}}]}<\/script>\n<!-- \/ Yoast SEO plugin. -->","yoast_head_json":{"title":"Pourquoi choisir l'IB ? D\u00e9couvrez les cinq atouts pr\u00e9cieux - Edelweiss Panorama International","description":"D\u00e9couvrez les principaux avantages du programme de l'IB : la pens\u00e9e critique, les comp\u00e9tences en mati\u00e8re de recherche, le d\u00e9veloppement personnel, etc. Pr\u00e9parez-vous \u00e0 r\u00e9ussir dans un monde globalis\u00e9.","robots":{"index":"index","follow":"follow","max-snippet":"max-snippet:-1","max-image-preview":"max-image-preview:large","max-video-preview":"max-video-preview:-1"},"canonical":"https:\/\/edelweiss-panorama.ch\/fr\/avantages-de-lib\/","og_locale":"fr_FR","og_type":"article","og_title":"Why Choose the IB? Learn About the Five Valuable Assets - Edelweiss Panorama International","og_description":"Explore the key benefits of the IB program: critical thinking, research skills, personal growth, and more. Prepare for success in a globalized world.","og_url":"https:\/\/edelweiss-panorama.ch\/fr\/avantages-de-lib\/","og_site_name":"Edelweiss Panorama International","article_publisher":"https:\/\/www.facebook.com\/edelweisspanorama","article_published_time":"2024-04-18T15:07:53+00:00","article_modified_time":"2024-06-17T14:09:37+00:00","og_image":[{"width":1000,"height":373,"url":"https:\/\/edelweiss-panorama.ch\/wp-content\/uploads\/2024\/04\/FeatImage_WhatIsIBWorldSchool_1000x373.jpg.optimal.jpg","type":"image\/jpeg"}],"author":"Agathe Matringe","twitter_card":"summary_large_image","twitter_creator":"@EPI_Swiss","twitter_site":"@EPI_Swiss","twitter_misc":{"\u00c9crit par":"Agathe Matringe","Dur\u00e9e de lecture estim\u00e9e":"10 minutes"},"schema":{"@context":"https:\/\/schema.org","@graph":[{"@type":"Article","@id":"https:\/\/edelweiss-panorama.ch\/ib-benefits\/#article","isPartOf":{"@id":"https:\/\/edelweiss-panorama.ch\/ib-benefits\/"},"author":{"name":"Agathe Matringe","@id":"https:\/\/edelweiss-panorama.ch\/fr\/#\/schema\/person\/63c0cb227ed52a0f1837839e68b140e4"},"headline":"Why Choose the IB? Learn About the Five Valuable Assets","datePublished":"2024-04-18T15:07:53+00:00","dateModified":"2024-06-17T14:09:37+00:00","mainEntityOfPage":{"@id":"https:\/\/edelweiss-panorama.ch\/ib-benefits\/"},"wordCount":1857,"commentCount":0,"publisher":{"@id":"https:\/\/edelweiss-panorama.ch\/fr\/#organization"},"image":{"@id":"https:\/\/edelweiss-panorama.ch\/ib-benefits\/#primaryimage"},"thumbnailUrl":"https:\/\/edelweiss-panorama.ch\/wp-content\/uploads\/2024\/04\/FeatImage_WhatIsIBWorldSchool_1000x373.jpg.optimal.jpg","keywords":["Guide"],"articleSection":["Education"],"inLanguage":"fr-FR","potentialAction":[{"@type":"CommentAction","name":"Comment","target":["https:\/\/edelweiss-panorama.ch\/ib-benefits\/#respond"]}]},{"@type":"WebPage","@id":"https:\/\/edelweiss-panorama.ch\/ib-benefits\/","url":"https:\/\/edelweiss-panorama.ch\/ib-benefits\/","name":"Pourquoi choisir l'IB ? D\u00e9couvrez les cinq atouts pr\u00e9cieux - Edelweiss Panorama International","isPartOf":{"@id":"https:\/\/edelweiss-panorama.ch\/fr\/#website"},"primaryImageOfPage":{"@id":"https:\/\/edelweiss-panorama.ch\/ib-benefits\/#primaryimage"},"image":{"@id":"https:\/\/edelweiss-panorama.ch\/ib-benefits\/#primaryimage"},"thumbnailUrl":"https:\/\/edelweiss-panorama.ch\/wp-content\/uploads\/2024\/04\/FeatImage_WhatIsIBWorldSchool_1000x373.jpg.optimal.jpg","datePublished":"2024-04-18T15:07:53+00:00","dateModified":"2024-06-17T14:09:37+00:00","description":"D\u00e9couvrez les principaux avantages du programme de l'IB : la pens\u00e9e critique, les comp\u00e9tences en mati\u00e8re de recherche, le d\u00e9veloppement personnel, etc. Pr\u00e9parez-vous \u00e0 r\u00e9ussir dans un monde globalis\u00e9.","breadcrumb":{"@id":"https:\/\/edelweiss-panorama.ch\/ib-benefits\/#breadcrumb"},"inLanguage":"fr-FR","potentialAction":[{"@type":"ReadAction","target":["https:\/\/edelweiss-panorama.ch\/ib-benefits\/"]}]},{"@type":"ImageObject","inLanguage":"fr-FR","@id":"https:\/\/edelweiss-panorama.ch\/ib-benefits\/#primaryimage","url":"https:\/\/edelweiss-panorama.ch\/wp-content\/uploads\/2024\/04\/FeatImage_WhatIsIBWorldSchool_1000x373.jpg.optimal.jpg","contentUrl":"https:\/\/edelweiss-panorama.ch\/wp-content\/uploads\/2024\/04\/FeatImage_WhatIsIBWorldSchool_1000x373.jpg.optimal.jpg","width":1000,"height":373,"caption":"IB students"},{"@type":"BreadcrumbList","@id":"https:\/\/edelweiss-panorama.ch\/ib-benefits\/#breadcrumb","itemListElement":[{"@type":"ListItem","position":1,"name":"Home","item":"https:\/\/edelweiss-panorama.ch\/"},{"@type":"ListItem","position":2,"name":"Why Choose the IB? Learn About the Five Valuable Assets"}]},{"@type":"WebSite","@id":"https:\/\/edelweiss-panorama.ch\/fr\/#website","url":"https:\/\/edelweiss-panorama.ch\/fr\/","name":"Edelweiss Panorama International","description":"Il vous permet de vivre et de prosp\u00e9rer aux quatre coins du monde.","publisher":{"@id":"https:\/\/edelweiss-panorama.ch\/fr\/#organization"},"potentialAction":[{"@type":"SearchAction","target":{"@type":"EntryPoint","urlTemplate":"https:\/\/edelweiss-panorama.ch\/fr\/?s={search_term_string}"},"query-input":{"@type":"PropertyValueSpecification","valueRequired":true,"valueName":"search_term_string"}}],"inLanguage":"fr-FR"},{"@type":"Organization","@id":"https:\/\/edelweiss-panorama.ch\/fr\/#organization","name":"Edelweiss Panorama International","url":"https:\/\/edelweiss-panorama.ch\/fr\/","logo":{"@type":"ImageObject","inLanguage":"fr-FR","@id":"https:\/\/edelweiss-panorama.ch\/fr\/#\/schema\/logo\/image\/","url":"https:\/\/edelweiss-panorama.ch\/wp-content\/uploads\/2020\/04\/Untitled-design-1-1.png","contentUrl":"https:\/\/edelweiss-panorama.ch\/wp-content\/uploads\/2020\/04\/Untitled-design-1-1.png","width":1080,"height":1080,"caption":"Edelweiss Panorama International"},"image":{"@id":"https:\/\/edelweiss-panorama.ch\/fr\/#\/schema\/logo\/image\/"},"sameAs":["https:\/\/www.facebook.com\/edelweisspanorama","https:\/\/x.com\/EPI_Swiss"]},{"@type":"Person","@id":"https:\/\/edelweiss-panorama.ch\/fr\/#\/schema\/person\/63c0cb227ed52a0f1837839e68b140e4","name":"Agathe Matringe","image":{"@type":"ImageObject","inLanguage":"fr-FR","@id":"https:\/\/secure.gravatar.com\/avatar\/17caa5789ffdea6a5a7a1eea9320276b838b35cd8ed0d514b467d33edce5fbaf?s=96&d=mm&r=g","url":"https:\/\/secure.gravatar.com\/avatar\/17caa5789ffdea6a5a7a1eea9320276b838b35cd8ed0d514b467d33edce5fbaf?s=96&d=mm&r=g","contentUrl":"https:\/\/secure.gravatar.com\/avatar\/17caa5789ffdea6a5a7a1eea9320276b838b35cd8ed0d514b467d33edce5fbaf?s=96&d=mm&r=g","caption":"Agathe Matringe"}}]}},"_links":{"self":[{"href":"https:\/\/edelweiss-panorama.ch\/fr\/wp-json\/wp\/v2\/posts\/42749","targetHints":{"allow":["GET"]}}],"collection":[{"href":"https:\/\/edelweiss-panorama.ch\/fr\/wp-json\/wp\/v2\/posts"}],"about":[{"href":"https:\/\/edelweiss-panorama.ch\/fr\/wp-json\/wp\/v2\/types\/post"}],"author":[{"embeddable":true,"href":"https:\/\/edelweiss-panorama.ch\/fr\/wp-json\/wp\/v2\/users\/18"}],"replies":[{"embeddable":true,"href":"https:\/\/edelweiss-panorama.ch\/fr\/wp-json\/wp\/v2\/comments?post=42749"}],"version-history":[{"count":47,"href":"https:\/\/edelweiss-panorama.ch\/fr\/wp-json\/wp\/v2\/posts\/42749\/revisions"}],"predecessor-version":[{"id":43220,"href":"https:\/\/edelweiss-panorama.ch\/fr\/wp-json\/wp\/v2\/posts\/42749\/revisions\/43220"}],"wp:featuredmedia":[{"embeddable":true,"href":"https:\/\/edelweiss-panorama.ch\/fr\/wp-json\/wp\/v2\/media\/42653"}],"wp:attachment":[{"href":"https:\/\/edelweiss-panorama.ch\/fr\/wp-json\/wp\/v2\/media?parent=42749"}],"wp:term":[{"taxonomy":"category","embeddable":true,"href":"https:\/\/edelweiss-panorama.ch\/fr\/wp-json\/wp\/v2\/categories?post=42749"},{"taxonomy":"post_tag","embeddable":true,"href":"https:\/\/edelweiss-panorama.ch\/fr\/wp-json\/wp\/v2\/tags?post=42749"}],"curies":[{"name":"wp","href":"https:\/\/api.w.org\/{rel}","templated":true}]}}