{"id":43983,"date":"2025-12-04T22:10:08","date_gmt":"2025-12-04T21:10:08","guid":{"rendered":"https:\/\/edelweiss-panorama.ch\/?p=43983"},"modified":"2025-12-04T22:10:08","modified_gmt":"2025-12-04T21:10:08","slug":"visite-du-regent-2","status":"publish","type":"post","link":"https:\/\/edelweiss-panorama.ch\/fr\/visit-le-regent\/","title":{"rendered":"Visite de l'\u00e9cole internationale Le R\u00e9gent \u00e0 Crans-Montana"},"content":{"rendered":"\t\t<div data-elementor-type=\"wp-post\" data-elementor-id=\"43983\" class=\"elementor elementor-43983\" data-elementor-post-type=\"post\">\n\t\t\t\t<div class=\"elementor-element elementor-element-4fd3525 e-flex e-con-boxed e-con e-parent\" data-id=\"4fd3525\" data-element_type=\"container\" data-e-type=\"container\">\n\t\t\t\t\t<div class=\"e-con-inner\">\n\t\t\t\t<div class=\"elementor-element elementor-element-c1508cd elementor-invisible elementor-widget elementor-widget-heading\" data-id=\"c1508cd\" data-element_type=\"widget\" data-e-type=\"widget\" data-settings=\"{&quot;_animation&quot;:&quot;fadeInLeft&quot;}\" data-widget_type=\"heading.default\">\n\t\t\t\t<div class=\"elementor-widget-container\">\n\t\t\t\t\t<h2 class=\"elementor-heading-title elementor-size-default\">A Visit to Le R\u00e9gent International School in Crans-Montana<\/h2>\t\t\t\t<\/div>\n\t\t\t\t<\/div>\n\t\t\t\t\t<\/div>\n\t\t\t\t<\/div>\n\t\t<div class=\"elementor-element elementor-element-ffd2eb8 e-flex e-con-boxed e-con e-parent\" data-id=\"ffd2eb8\" data-element_type=\"container\" data-e-type=\"container\">\n\t\t\t\t\t<div class=\"e-con-inner\">\n\t\t\t\t<div class=\"elementor-element elementor-element-084c3f8 elementor-widget elementor-widget-text-editor\" data-id=\"084c3f8\" data-element_type=\"widget\" data-e-type=\"widget\" data-widget_type=\"text-editor.default\">\n\t\t\t\t<div class=\"elementor-widget-container\">\n\t\t\t\t\t\t\t\t\t<p>Many thanks to <span style=\"text-decoration: underline;\"><a href=\"https:\/\/edelweiss-panorama.ch\/le-regent\/\" target=\"_blank\" rel=\"noopener\">Le R\u00e9gent International School<\/a><\/span> in Crans-Montana for inviting us to discover the projects underway on campus! We were warmly welcomed and had interesting discussions with students and teachers.<\/p>\t\t\t\t\t\t\t\t<\/div>\n\t\t\t\t<\/div>\n\t\t\t\t\t<\/div>\n\t\t\t\t<\/div>\n\t\t<div class=\"elementor-element elementor-element-6fd4ced e-flex e-con-boxed elementor-invisible e-con e-parent\" data-id=\"6fd4ced\" data-element_type=\"container\" data-e-type=\"container\" data-settings=\"{&quot;animation&quot;:&quot;fadeInRight&quot;}\">\n\t\t\t\t\t<div class=\"e-con-inner\">\n\t\t<div class=\"elementor-element elementor-element-660a9ec e-con-full e-flex e-con e-child\" data-id=\"660a9ec\" data-element_type=\"container\" data-e-type=\"container\">\n\t\t\t\t<div class=\"elementor-element elementor-element-e2f855d elementor-widget elementor-widget-image\" data-id=\"e2f855d\" data-element_type=\"widget\" data-e-type=\"widget\" data-widget_type=\"image.default\">\n\t\t\t\t<div class=\"elementor-widget-container\">\n\t\t\t\t\t\t\t\t\t\t\t\t\t\t\t<img fetchpriority=\"high\" decoding=\"async\" width=\"750\" height=\"1000\" src=\"https:\/\/edelweiss-panorama.ch\/wp-content\/uploads\/2024\/06\/88dc3919-0ff5-4a26-a3d1-03009a41ea97-768x1024.jpg\" class=\"attachment-large size-large wp-image-43998\" alt=\"\" srcset=\"https:\/\/edelweiss-panorama.ch\/wp-content\/uploads\/2024\/06\/88dc3919-0ff5-4a26-a3d1-03009a41ea97-768x1024.jpg 768w, https:\/\/edelweiss-panorama.ch\/wp-content\/uploads\/2024\/06\/88dc3919-0ff5-4a26-a3d1-03009a41ea97-225x300.jpg 225w, https:\/\/edelweiss-panorama.ch\/wp-content\/uploads\/2024\/06\/88dc3919-0ff5-4a26-a3d1-03009a41ea97-1152x1536.jpg 1152w, https:\/\/edelweiss-panorama.ch\/wp-content\/uploads\/2024\/06\/88dc3919-0ff5-4a26-a3d1-03009a41ea97-9x12.jpg 9w, https:\/\/edelweiss-panorama.ch\/wp-content\/uploads\/2024\/06\/88dc3919-0ff5-4a26-a3d1-03009a41ea97.jpg 1500w\" sizes=\"(max-width: 750px) 100vw, 750px\" \/>\t\t\t\t\t\t\t\t\t\t\t\t\t\t\t<\/div>\n\t\t\t\t<\/div>\n\t\t\t\t<\/div>\n\t\t<div class=\"elementor-element elementor-element-d2e507b e-con-full e-flex e-con e-child\" data-id=\"d2e507b\" data-element_type=\"container\" data-e-type=\"container\">\n\t\t\t\t<div class=\"elementor-element elementor-element-bd7f265 elementor-widget elementor-widget-image\" data-id=\"bd7f265\" data-element_type=\"widget\" data-e-type=\"widget\" data-widget_type=\"image.default\">\n\t\t\t\t<div class=\"elementor-widget-container\">\n\t\t\t\t\t\t\t\t\t\t\t\t\t\t\t<img decoding=\"async\" width=\"750\" height=\"1000\" src=\"https:\/\/edelweiss-panorama.ch\/wp-content\/uploads\/2024\/06\/efd3329b-1af9-47e8-94bd-3f09d061bf4b-768x1024.jpg\" class=\"attachment-large size-large wp-image-43996\" alt=\"le r\u00e9gent\" srcset=\"https:\/\/edelweiss-panorama.ch\/wp-content\/uploads\/2024\/06\/efd3329b-1af9-47e8-94bd-3f09d061bf4b-768x1024.jpg 768w, https:\/\/edelweiss-panorama.ch\/wp-content\/uploads\/2024\/06\/efd3329b-1af9-47e8-94bd-3f09d061bf4b-225x300.jpg 225w, https:\/\/edelweiss-panorama.ch\/wp-content\/uploads\/2024\/06\/efd3329b-1af9-47e8-94bd-3f09d061bf4b-1152x1536.jpg 1152w, https:\/\/edelweiss-panorama.ch\/wp-content\/uploads\/2024\/06\/efd3329b-1af9-47e8-94bd-3f09d061bf4b-9x12.jpg 9w, https:\/\/edelweiss-panorama.ch\/wp-content\/uploads\/2024\/06\/efd3329b-1af9-47e8-94bd-3f09d061bf4b.jpg 1500w\" sizes=\"(max-width: 750px) 100vw, 750px\" \/>\t\t\t\t\t\t\t\t\t\t\t\t\t\t\t<\/div>\n\t\t\t\t<\/div>\n\t\t\t\t<\/div>\n\t\t<div class=\"elementor-element elementor-element-ede99ab e-con-full e-flex e-con e-child\" data-id=\"ede99ab\" data-element_type=\"container\" data-e-type=\"container\">\n\t\t\t\t<div class=\"elementor-element elementor-element-a46b8a3 elementor-widget elementor-widget-image\" data-id=\"a46b8a3\" data-element_type=\"widget\" data-e-type=\"widget\" data-widget_type=\"image.default\">\n\t\t\t\t<div class=\"elementor-widget-container\">\n\t\t\t\t\t\t\t\t\t\t\t\t\t\t\t<img decoding=\"async\" width=\"750\" height=\"1000\" src=\"https:\/\/edelweiss-panorama.ch\/wp-content\/uploads\/2024\/06\/442a43df-db29-464d-8012-a26b5e175d0b-768x1024.jpg\" class=\"attachment-large size-large wp-image-43997\" alt=\"\" srcset=\"https:\/\/edelweiss-panorama.ch\/wp-content\/uploads\/2024\/06\/442a43df-db29-464d-8012-a26b5e175d0b-768x1024.jpg 768w, https:\/\/edelweiss-panorama.ch\/wp-content\/uploads\/2024\/06\/442a43df-db29-464d-8012-a26b5e175d0b-225x300.jpg 225w, https:\/\/edelweiss-panorama.ch\/wp-content\/uploads\/2024\/06\/442a43df-db29-464d-8012-a26b5e175d0b-1152x1536.jpg 1152w, https:\/\/edelweiss-panorama.ch\/wp-content\/uploads\/2024\/06\/442a43df-db29-464d-8012-a26b5e175d0b-9x12.jpg 9w, https:\/\/edelweiss-panorama.ch\/wp-content\/uploads\/2024\/06\/442a43df-db29-464d-8012-a26b5e175d0b.jpg 1500w\" sizes=\"(max-width: 750px) 100vw, 750px\" \/>\t\t\t\t\t\t\t\t\t\t\t\t\t\t\t<\/div>\n\t\t\t\t<\/div>\n\t\t\t\t<\/div>\n\t\t<div class=\"elementor-element elementor-element-8ac0956 e-con-full e-flex e-con e-child\" data-id=\"8ac0956\" data-element_type=\"container\" data-e-type=\"container\">\n\t\t\t\t<div class=\"elementor-element elementor-element-8e7f346 elementor-widget elementor-widget-image\" data-id=\"8e7f346\" data-element_type=\"widget\" data-e-type=\"widget\" data-widget_type=\"image.default\">\n\t\t\t\t<div class=\"elementor-widget-container\">\n\t\t\t\t\t\t\t\t\t\t\t\t\t\t\t<img loading=\"lazy\" decoding=\"async\" width=\"750\" height=\"1000\" src=\"https:\/\/edelweiss-panorama.ch\/wp-content\/uploads\/2024\/06\/b9c97961-4ca1-4fd8-babe-16075b532dea-768x1024.jpg\" class=\"attachment-large size-large wp-image-43994\" alt=\"le r\u00e9gent\" srcset=\"https:\/\/edelweiss-panorama.ch\/wp-content\/uploads\/2024\/06\/b9c97961-4ca1-4fd8-babe-16075b532dea-768x1024.jpg 768w, https:\/\/edelweiss-panorama.ch\/wp-content\/uploads\/2024\/06\/b9c97961-4ca1-4fd8-babe-16075b532dea-225x300.jpg 225w, https:\/\/edelweiss-panorama.ch\/wp-content\/uploads\/2024\/06\/b9c97961-4ca1-4fd8-babe-16075b532dea-1152x1536.jpg 1152w, https:\/\/edelweiss-panorama.ch\/wp-content\/uploads\/2024\/06\/b9c97961-4ca1-4fd8-babe-16075b532dea-9x12.jpg 9w, https:\/\/edelweiss-panorama.ch\/wp-content\/uploads\/2024\/06\/b9c97961-4ca1-4fd8-babe-16075b532dea.jpg 1500w\" sizes=\"(max-width: 750px) 100vw, 750px\" \/>\t\t\t\t\t\t\t\t\t\t\t\t\t\t\t<\/div>\n\t\t\t\t<\/div>\n\t\t\t\t<\/div>\n\t\t\t\t\t<\/div>\n\t\t\t\t<\/div>\n\t\t<div class=\"elementor-element elementor-element-94a29f6 e-flex e-con-boxed e-con e-parent\" data-id=\"94a29f6\" data-element_type=\"container\" data-e-type=\"container\">\n\t\t\t\t\t<div class=\"e-con-inner\">\n\t\t\t\t<div class=\"elementor-element elementor-element-a4aa359 elementor-widget elementor-widget-text-editor\" data-id=\"a4aa359\" data-element_type=\"widget\" data-e-type=\"widget\" data-widget_type=\"text-editor.default\">\n\t\t\t\t<div class=\"elementor-widget-container\">\n\t\t\t\t\t\t\t\t\t<p>The school\u2019s commitment to a well-rounded education is reflected everywhere: the modern classrooms, state-of-the-art facilities, and beautiful outdoor spaces create an environment where academic excellence and personal growth are equally encouraged. The school boasts art studios, advanced laboratories, and a library, all designed to support and enhance the educational experience.<\/p><p>The dynamic atmosphere at Le R\u00e9gent encourages students to follow their passions and excel in their studies. This supportive environment ensures that students develop into well-rounded individuals, prepared to meet future challenges. The dedication of the teachers to creating a stimulating and enriching educational environment is clearly reflected in the success and enthusiasm of the students.<\/p>\t\t\t\t\t\t\t\t<\/div>\n\t\t\t\t<\/div>\n\t\t\t\t\t<\/div>\n\t\t\t\t<\/div>\n\t\t<div class=\"elementor-element elementor-element-42b7958 e-flex e-con-boxed e-con e-parent\" data-id=\"42b7958\" data-element_type=\"container\" data-e-type=\"container\">\n\t\t\t\t\t<div class=\"e-con-inner\">\n\t\t<div class=\"elementor-element elementor-element-0207ff5 e-con-full e-flex e-con e-child\" data-id=\"0207ff5\" data-element_type=\"container\" data-e-type=\"container\">\n\t\t\t\t<div class=\"elementor-element elementor-element-06cc386 elementor-widget elementor-widget-text-editor\" data-id=\"06cc386\" data-element_type=\"widget\" data-e-type=\"widget\" data-widget_type=\"text-editor.default\">\n\t\t\t\t<div class=\"elementor-widget-container\">\n\t\t\t\t\t\t\t\t\t<p>As a sister school of <span style=\"text-decoration: underline;\"><a href=\"https:\/\/edelweiss-panorama.ch\/institut-le-rosey\/\" target=\"_blank\" rel=\"noopener\">Institut Le Rosey<\/a><\/span>, Le R\u00e9gent benefits from a shared vision of educational excellence. The collaboration between the two schools allows for the exchange of best practice, innovative teaching methods and inter-school sports challenges, guaranteeing students a high-level education that is both stimulating and encouraging.<\/p>\t\t\t\t\t\t\t\t<\/div>\n\t\t\t\t<\/div>\n\t\t\t\t<\/div>\n\t\t<div class=\"elementor-element elementor-element-4644da0 e-con-full e-flex e-con e-child\" data-id=\"4644da0\" data-element_type=\"container\" data-e-type=\"container\">\n\t\t\t\t<div class=\"elementor-element elementor-element-cfa1150 elementor-widget elementor-widget-image\" data-id=\"cfa1150\" data-element_type=\"widget\" data-e-type=\"widget\" data-settings=\"{&quot;motion_fx_motion_fx_scrolling&quot;:&quot;yes&quot;,&quot;motion_fx_translateY_effect&quot;:&quot;yes&quot;,&quot;motion_fx_translateY_speed&quot;:{&quot;unit&quot;:&quot;px&quot;,&quot;size&quot;:2.4,&quot;sizes&quot;:[]},&quot;motion_fx_translateY_affectedRange&quot;:{&quot;unit&quot;:&quot;%&quot;,&quot;size&quot;:&quot;&quot;,&quot;sizes&quot;:{&quot;start&quot;:0,&quot;end&quot;:100}},&quot;motion_fx_devices&quot;:[&quot;desktop&quot;,&quot;tablet&quot;,&quot;mobile&quot;]}\" data-widget_type=\"image.default\">\n\t\t\t\t<div class=\"elementor-widget-container\">\n\t\t\t\t\t\t\t\t\t\t\t\t\t\t\t<img loading=\"lazy\" decoding=\"async\" width=\"750\" height=\"563\" src=\"https:\/\/edelweiss-panorama.ch\/wp-content\/uploads\/2024\/06\/Le-Rosey-BTA-6205-1-1038x778-1-1024x768.webp\" class=\"attachment-large size-large wp-image-43999\" alt=\"\" srcset=\"https:\/\/edelweiss-panorama.ch\/wp-content\/uploads\/2024\/06\/Le-Rosey-BTA-6205-1-1038x778-1-1024x768.webp 1024w, https:\/\/edelweiss-panorama.ch\/wp-content\/uploads\/2024\/06\/Le-Rosey-BTA-6205-1-1038x778-1-300x225.webp 300w, https:\/\/edelweiss-panorama.ch\/wp-content\/uploads\/2024\/06\/Le-Rosey-BTA-6205-1-1038x778-1-768x576.webp 768w, https:\/\/edelweiss-panorama.ch\/wp-content\/uploads\/2024\/06\/Le-Rosey-BTA-6205-1-1038x778-1-16x12.webp 16w, https:\/\/edelweiss-panorama.ch\/wp-content\/uploads\/2024\/06\/Le-Rosey-BTA-6205-1-1038x778-1.webp 1038w\" sizes=\"(max-width: 750px) 100vw, 750px\" \/>\t\t\t\t\t\t\t\t\t\t\t\t\t\t\t<\/div>\n\t\t\t\t<\/div>\n\t\t\t\t<\/div>\n\t\t\t\t\t<\/div>\n\t\t\t\t<\/div>\n\t\t<div class=\"elementor-element elementor-element-9a54ede e-flex e-con-boxed e-con e-parent\" data-id=\"9a54ede\" data-element_type=\"container\" data-e-type=\"container\">\n\t\t\t\t\t<div class=\"e-con-inner\">\n\t\t\t\t<div class=\"elementor-element elementor-element-008b1ac elementor-widget elementor-widget-text-editor\" data-id=\"008b1ac\" data-element_type=\"widget\" data-e-type=\"widget\" data-widget_type=\"text-editor.default\">\n\t\t\t\t<div class=\"elementor-widget-container\">\n\t\t\t\t\t\t\t\t\t<p>During our visit, we were particularly impressed by the variety of projects and initiatives underway. These initiatives aim to enhance the academic experience and promote a sense of community and global awareness among students. From sustainability projects to cultural exchanges, the school actively engages students in meaningful activities that broaden their horizons and prepare them for global citizenship.<\/p>\t\t\t\t\t\t\t\t<\/div>\n\t\t\t\t<\/div>\n\t\t\t\t\t<\/div>\n\t\t\t\t<\/div>\n\t\t\t\t<\/div>\n\t\t","protected":false},"excerpt":{"rendered":"<p>Une visite \u00e0 l'\u00e9cole internationale Le R\u00e9gent \u00e0 Crans-Montana Merci \u00e0 l'\u00e9cole internationale Le R\u00e9gent \u00e0 Crans-Montana de nous avoir invit\u00e9s \u00e0 d\u00e9couvrir les projets en cours sur le campus ! Nous avons \u00e9t\u00e9 chaleureusement accueillis et avons eu des discussions int\u00e9ressantes avec les \u00e9l\u00e8ves et les enseignants. L'engagement de l'\u00e9cole en faveur d'une \u00e9ducation compl\u00e8te se refl\u00e8te partout : les salles de classe modernes, les installations de pointe, ...<\/p>","protected":false},"author":18,"featured_media":44014,"comment_status":"open","ping_status":"open","sticky":false,"template":"","format":"standard","meta":{"footnotes":""},"categories":[13],"tags":[],"class_list":["post-43983","post","type-post","status-publish","format-standard","has-post-thumbnail","hentry","category-education"],"yoast_head":"<!-- This site is optimized with the Yoast SEO plugin v27.5 - https:\/\/yoast.com\/product\/yoast-seo-wordpress\/ -->\n<title>A Visit to Le R\u00e9gent International School in Crans-Montana - Edelweiss Panorama International<\/title>\n<meta name=\"description\" content=\"Explore Le R\u00e9gent International School in Crans-Montana: A hub of holistic education with state-of-the-art facilities and a dynamic, inspiring atmosphere.\" \/>\n<meta name=\"robots\" content=\"index, follow, max-snippet:-1, max-image-preview:large, max-video-preview:-1\" \/>\n<link rel=\"canonical\" href=\"https:\/\/edelweiss-panorama.ch\/fr\/visite-du-regent-2\/\" \/>\n<meta property=\"og:locale\" content=\"fr_FR\" \/>\n<meta property=\"og:type\" content=\"article\" \/>\n<meta property=\"og:title\" content=\"A Visit to Le R\u00e9gent International School in Crans-Montana - Edelweiss Panorama International\" \/>\n<meta property=\"og:description\" content=\"Explore Le R\u00e9gent International School in Crans-Montana: A hub of holistic education with state-of-the-art facilities and a dynamic, inspiring atmosphere.\" \/>\n<meta property=\"og:url\" content=\"https:\/\/edelweiss-panorama.ch\/fr\/visite-du-regent-2\/\" \/>\n<meta property=\"og:site_name\" content=\"Edelweiss Panorama International\" \/>\n<meta property=\"article:publisher\" content=\"https:\/\/www.facebook.com\/edelweisspanorama\" \/>\n<meta property=\"article:published_time\" content=\"2025-12-04T21:10:08+00:00\" \/>\n<meta property=\"og:image\" content=\"https:\/\/edelweiss-panorama.ch\/wp-content\/uploads\/2024\/06\/e796878a-4c6c-4903-bb5d-b1f6f36958ea.jpg\" \/>\n\t<meta property=\"og:image:width\" content=\"1600\" \/>\n\t<meta property=\"og:image:height\" content=\"1200\" \/>\n\t<meta property=\"og:image:type\" content=\"image\/jpeg\" \/>\n<meta name=\"author\" content=\"Agathe Matringe\" \/>\n<meta name=\"twitter:card\" content=\"summary_large_image\" \/>\n<meta name=\"twitter:creator\" content=\"@EPI_Swiss\" \/>\n<meta name=\"twitter:site\" content=\"@EPI_Swiss\" \/>\n<meta name=\"twitter:label1\" content=\"\u00c9crit par\" \/>\n\t<meta name=\"twitter:data1\" content=\"Agathe Matringe\" \/>\n\t<meta name=\"twitter:label2\" content=\"Dur\u00e9e de lecture estim\u00e9e\" \/>\n\t<meta name=\"twitter:data2\" content=\"3 minutes\" \/>\n<script type=\"application\/ld+json\" class=\"yoast-schema-graph\">{\"@context\":\"https:\\\/\\\/schema.org\",\"@graph\":[{\"@type\":\"Article\",\"@id\":\"https:\\\/\\\/edelweiss-panorama.ch\\\/visit-le-regent\\\/#article\",\"isPartOf\":{\"@id\":\"https:\\\/\\\/edelweiss-panorama.ch\\\/visit-le-regent\\\/\"},\"author\":{\"name\":\"Agathe Matringe\",\"@id\":\"https:\\\/\\\/edelweiss-panorama.ch\\\/fr\\\/#\\\/schema\\\/person\\\/63c0cb227ed52a0f1837839e68b140e4\"},\"headline\":\"A Visit to Le R\u00e9gent International School in Crans-Montana\",\"datePublished\":\"2025-12-04T21:10:08+00:00\",\"mainEntityOfPage\":{\"@id\":\"https:\\\/\\\/edelweiss-panorama.ch\\\/visit-le-regent\\\/\"},\"wordCount\":268,\"commentCount\":0,\"publisher\":{\"@id\":\"https:\\\/\\\/edelweiss-panorama.ch\\\/fr\\\/#organization\"},\"image\":{\"@id\":\"https:\\\/\\\/edelweiss-panorama.ch\\\/visit-le-regent\\\/#primaryimage\"},\"thumbnailUrl\":\"https:\\\/\\\/edelweiss-panorama.ch\\\/wp-content\\\/uploads\\\/2024\\\/06\\\/e796878a-4c6c-4903-bb5d-b1f6f36958ea.jpg\",\"articleSection\":[\"Education\"],\"inLanguage\":\"fr-FR\",\"potentialAction\":[{\"@type\":\"CommentAction\",\"name\":\"Comment\",\"target\":[\"https:\\\/\\\/edelweiss-panorama.ch\\\/visit-le-regent\\\/#respond\"]}]},{\"@type\":\"WebPage\",\"@id\":\"https:\\\/\\\/edelweiss-panorama.ch\\\/visit-le-regent\\\/\",\"url\":\"https:\\\/\\\/edelweiss-panorama.ch\\\/visit-le-regent\\\/\",\"name\":\"A Visit to Le R\u00e9gent International School in Crans-Montana - Edelweiss Panorama International\",\"isPartOf\":{\"@id\":\"https:\\\/\\\/edelweiss-panorama.ch\\\/fr\\\/#website\"},\"primaryImageOfPage\":{\"@id\":\"https:\\\/\\\/edelweiss-panorama.ch\\\/visit-le-regent\\\/#primaryimage\"},\"image\":{\"@id\":\"https:\\\/\\\/edelweiss-panorama.ch\\\/visit-le-regent\\\/#primaryimage\"},\"thumbnailUrl\":\"https:\\\/\\\/edelweiss-panorama.ch\\\/wp-content\\\/uploads\\\/2024\\\/06\\\/e796878a-4c6c-4903-bb5d-b1f6f36958ea.jpg\",\"datePublished\":\"2025-12-04T21:10:08+00:00\",\"description\":\"Explore Le R\u00e9gent International School in Crans-Montana: A hub of holistic education with state-of-the-art facilities and a dynamic, inspiring atmosphere.\",\"breadcrumb\":{\"@id\":\"https:\\\/\\\/edelweiss-panorama.ch\\\/visit-le-regent\\\/#breadcrumb\"},\"inLanguage\":\"fr-FR\",\"potentialAction\":[{\"@type\":\"ReadAction\",\"target\":[\"https:\\\/\\\/edelweiss-panorama.ch\\\/visit-le-regent\\\/\"]}]},{\"@type\":\"ImageObject\",\"inLanguage\":\"fr-FR\",\"@id\":\"https:\\\/\\\/edelweiss-panorama.ch\\\/visit-le-regent\\\/#primaryimage\",\"url\":\"https:\\\/\\\/edelweiss-panorama.ch\\\/wp-content\\\/uploads\\\/2024\\\/06\\\/e796878a-4c6c-4903-bb5d-b1f6f36958ea.jpg\",\"contentUrl\":\"https:\\\/\\\/edelweiss-panorama.ch\\\/wp-content\\\/uploads\\\/2024\\\/06\\\/e796878a-4c6c-4903-bb5d-b1f6f36958ea.jpg\",\"width\":1600,\"height\":1200,\"caption\":\"le r\u00e9gent\"},{\"@type\":\"BreadcrumbList\",\"@id\":\"https:\\\/\\\/edelweiss-panorama.ch\\\/visit-le-regent\\\/#breadcrumb\",\"itemListElement\":[{\"@type\":\"ListItem\",\"position\":1,\"name\":\"Home\",\"item\":\"https:\\\/\\\/edelweiss-panorama.ch\\\/\"},{\"@type\":\"ListItem\",\"position\":2,\"name\":\"A Visit to Le R\u00e9gent International School in Crans-Montana\"}]},{\"@type\":\"WebSite\",\"@id\":\"https:\\\/\\\/edelweiss-panorama.ch\\\/fr\\\/#website\",\"url\":\"https:\\\/\\\/edelweiss-panorama.ch\\\/fr\\\/\",\"name\":\"Edelweiss Panorama International\",\"description\":\"Allows you to live and thrive every corner of the world.\",\"publisher\":{\"@id\":\"https:\\\/\\\/edelweiss-panorama.ch\\\/fr\\\/#organization\"},\"potentialAction\":[{\"@type\":\"SearchAction\",\"target\":{\"@type\":\"EntryPoint\",\"urlTemplate\":\"https:\\\/\\\/edelweiss-panorama.ch\\\/fr\\\/?s={search_term_string}\"},\"query-input\":{\"@type\":\"PropertyValueSpecification\",\"valueRequired\":true,\"valueName\":\"search_term_string\"}}],\"inLanguage\":\"fr-FR\"},{\"@type\":\"Organization\",\"@id\":\"https:\\\/\\\/edelweiss-panorama.ch\\\/fr\\\/#organization\",\"name\":\"Edelweiss Panorama International\",\"url\":\"https:\\\/\\\/edelweiss-panorama.ch\\\/fr\\\/\",\"logo\":{\"@type\":\"ImageObject\",\"inLanguage\":\"fr-FR\",\"@id\":\"https:\\\/\\\/edelweiss-panorama.ch\\\/fr\\\/#\\\/schema\\\/logo\\\/image\\\/\",\"url\":\"https:\\\/\\\/edelweiss-panorama.ch\\\/wp-content\\\/uploads\\\/2020\\\/04\\\/Untitled-design-1-1.png\",\"contentUrl\":\"https:\\\/\\\/edelweiss-panorama.ch\\\/wp-content\\\/uploads\\\/2020\\\/04\\\/Untitled-design-1-1.png\",\"width\":1080,\"height\":1080,\"caption\":\"Edelweiss Panorama International\"},\"image\":{\"@id\":\"https:\\\/\\\/edelweiss-panorama.ch\\\/fr\\\/#\\\/schema\\\/logo\\\/image\\\/\"},\"sameAs\":[\"https:\\\/\\\/www.facebook.com\\\/edelweisspanorama\",\"https:\\\/\\\/x.com\\\/EPI_Swiss\"]},{\"@type\":\"Person\",\"@id\":\"https:\\\/\\\/edelweiss-panorama.ch\\\/fr\\\/#\\\/schema\\\/person\\\/63c0cb227ed52a0f1837839e68b140e4\",\"name\":\"Agathe Matringe\",\"image\":{\"@type\":\"ImageObject\",\"inLanguage\":\"fr-FR\",\"@id\":\"https:\\\/\\\/secure.gravatar.com\\\/avatar\\\/17caa5789ffdea6a5a7a1eea9320276b838b35cd8ed0d514b467d33edce5fbaf?s=96&d=mm&r=g\",\"url\":\"https:\\\/\\\/secure.gravatar.com\\\/avatar\\\/17caa5789ffdea6a5a7a1eea9320276b838b35cd8ed0d514b467d33edce5fbaf?s=96&d=mm&r=g\",\"contentUrl\":\"https:\\\/\\\/secure.gravatar.com\\\/avatar\\\/17caa5789ffdea6a5a7a1eea9320276b838b35cd8ed0d514b467d33edce5fbaf?s=96&d=mm&r=g\",\"caption\":\"Agathe Matringe\"}}]}<\/script>\n<!-- \/ Yoast SEO plugin. -->","yoast_head_json":{"title":"Visite de l'\u00e9cole internationale Le R\u00e9gent \u00e0 Crans-Montana - Edelweiss Panorama International","description":"D\u00e9couvrez l'\u00e9cole internationale Le R\u00e9gent \u00e0 Crans-Montana : Un centre d'\u00e9ducation holistique dot\u00e9 d'installations de pointe et d'une atmosph\u00e8re dynamique et inspirante.","robots":{"index":"index","follow":"follow","max-snippet":"max-snippet:-1","max-image-preview":"max-image-preview:large","max-video-preview":"max-video-preview:-1"},"canonical":"https:\/\/edelweiss-panorama.ch\/fr\/visite-du-regent-2\/","og_locale":"fr_FR","og_type":"article","og_title":"A Visit to Le R\u00e9gent International School in Crans-Montana - Edelweiss Panorama International","og_description":"Explore Le R\u00e9gent International School in Crans-Montana: A hub of holistic education with state-of-the-art facilities and a dynamic, inspiring atmosphere.","og_url":"https:\/\/edelweiss-panorama.ch\/fr\/visite-du-regent-2\/","og_site_name":"Edelweiss Panorama International","article_publisher":"https:\/\/www.facebook.com\/edelweisspanorama","article_published_time":"2025-12-04T21:10:08+00:00","og_image":[{"width":1600,"height":1200,"url":"https:\/\/edelweiss-panorama.ch\/wp-content\/uploads\/2024\/06\/e796878a-4c6c-4903-bb5d-b1f6f36958ea.jpg","type":"image\/jpeg"}],"author":"Agathe Matringe","twitter_card":"summary_large_image","twitter_creator":"@EPI_Swiss","twitter_site":"@EPI_Swiss","twitter_misc":{"\u00c9crit par":"Agathe Matringe","Dur\u00e9e de lecture estim\u00e9e":"3 minutes"},"schema":{"@context":"https:\/\/schema.org","@graph":[{"@type":"Article","@id":"https:\/\/edelweiss-panorama.ch\/visit-le-regent\/#article","isPartOf":{"@id":"https:\/\/edelweiss-panorama.ch\/visit-le-regent\/"},"author":{"name":"Agathe Matringe","@id":"https:\/\/edelweiss-panorama.ch\/fr\/#\/schema\/person\/63c0cb227ed52a0f1837839e68b140e4"},"headline":"A Visit to Le R\u00e9gent International School in Crans-Montana","datePublished":"2025-12-04T21:10:08+00:00","mainEntityOfPage":{"@id":"https:\/\/edelweiss-panorama.ch\/visit-le-regent\/"},"wordCount":268,"commentCount":0,"publisher":{"@id":"https:\/\/edelweiss-panorama.ch\/fr\/#organization"},"image":{"@id":"https:\/\/edelweiss-panorama.ch\/visit-le-regent\/#primaryimage"},"thumbnailUrl":"https:\/\/edelweiss-panorama.ch\/wp-content\/uploads\/2024\/06\/e796878a-4c6c-4903-bb5d-b1f6f36958ea.jpg","articleSection":["Education"],"inLanguage":"fr-FR","potentialAction":[{"@type":"CommentAction","name":"Comment","target":["https:\/\/edelweiss-panorama.ch\/visit-le-regent\/#respond"]}]},{"@type":"WebPage","@id":"https:\/\/edelweiss-panorama.ch\/visit-le-regent\/","url":"https:\/\/edelweiss-panorama.ch\/visit-le-regent\/","name":"Visite de l'\u00e9cole internationale Le R\u00e9gent \u00e0 Crans-Montana - Edelweiss Panorama International","isPartOf":{"@id":"https:\/\/edelweiss-panorama.ch\/fr\/#website"},"primaryImageOfPage":{"@id":"https:\/\/edelweiss-panorama.ch\/visit-le-regent\/#primaryimage"},"image":{"@id":"https:\/\/edelweiss-panorama.ch\/visit-le-regent\/#primaryimage"},"thumbnailUrl":"https:\/\/edelweiss-panorama.ch\/wp-content\/uploads\/2024\/06\/e796878a-4c6c-4903-bb5d-b1f6f36958ea.jpg","datePublished":"2025-12-04T21:10:08+00:00","description":"D\u00e9couvrez l'\u00e9cole internationale Le R\u00e9gent \u00e0 Crans-Montana : Un centre d'\u00e9ducation holistique dot\u00e9 d'installations de pointe et d'une atmosph\u00e8re dynamique et inspirante.","breadcrumb":{"@id":"https:\/\/edelweiss-panorama.ch\/visit-le-regent\/#breadcrumb"},"inLanguage":"fr-FR","potentialAction":[{"@type":"ReadAction","target":["https:\/\/edelweiss-panorama.ch\/visit-le-regent\/"]}]},{"@type":"ImageObject","inLanguage":"fr-FR","@id":"https:\/\/edelweiss-panorama.ch\/visit-le-regent\/#primaryimage","url":"https:\/\/edelweiss-panorama.ch\/wp-content\/uploads\/2024\/06\/e796878a-4c6c-4903-bb5d-b1f6f36958ea.jpg","contentUrl":"https:\/\/edelweiss-panorama.ch\/wp-content\/uploads\/2024\/06\/e796878a-4c6c-4903-bb5d-b1f6f36958ea.jpg","width":1600,"height":1200,"caption":"le r\u00e9gent"},{"@type":"BreadcrumbList","@id":"https:\/\/edelweiss-panorama.ch\/visit-le-regent\/#breadcrumb","itemListElement":[{"@type":"ListItem","position":1,"name":"Home","item":"https:\/\/edelweiss-panorama.ch\/"},{"@type":"ListItem","position":2,"name":"A Visit to Le R\u00e9gent International School in Crans-Montana"}]},{"@type":"WebSite","@id":"https:\/\/edelweiss-panorama.ch\/fr\/#website","url":"https:\/\/edelweiss-panorama.ch\/fr\/","name":"Edelweiss Panorama International","description":"Il vous permet de vivre et de prosp\u00e9rer aux quatre coins du monde.","publisher":{"@id":"https:\/\/edelweiss-panorama.ch\/fr\/#organization"},"potentialAction":[{"@type":"SearchAction","target":{"@type":"EntryPoint","urlTemplate":"https:\/\/edelweiss-panorama.ch\/fr\/?s={search_term_string}"},"query-input":{"@type":"PropertyValueSpecification","valueRequired":true,"valueName":"search_term_string"}}],"inLanguage":"fr-FR"},{"@type":"Organization","@id":"https:\/\/edelweiss-panorama.ch\/fr\/#organization","name":"Edelweiss Panorama International","url":"https:\/\/edelweiss-panorama.ch\/fr\/","logo":{"@type":"ImageObject","inLanguage":"fr-FR","@id":"https:\/\/edelweiss-panorama.ch\/fr\/#\/schema\/logo\/image\/","url":"https:\/\/edelweiss-panorama.ch\/wp-content\/uploads\/2020\/04\/Untitled-design-1-1.png","contentUrl":"https:\/\/edelweiss-panorama.ch\/wp-content\/uploads\/2020\/04\/Untitled-design-1-1.png","width":1080,"height":1080,"caption":"Edelweiss Panorama International"},"image":{"@id":"https:\/\/edelweiss-panorama.ch\/fr\/#\/schema\/logo\/image\/"},"sameAs":["https:\/\/www.facebook.com\/edelweisspanorama","https:\/\/x.com\/EPI_Swiss"]},{"@type":"Person","@id":"https:\/\/edelweiss-panorama.ch\/fr\/#\/schema\/person\/63c0cb227ed52a0f1837839e68b140e4","name":"Agathe Matringe","image":{"@type":"ImageObject","inLanguage":"fr-FR","@id":"https:\/\/secure.gravatar.com\/avatar\/17caa5789ffdea6a5a7a1eea9320276b838b35cd8ed0d514b467d33edce5fbaf?s=96&d=mm&r=g","url":"https:\/\/secure.gravatar.com\/avatar\/17caa5789ffdea6a5a7a1eea9320276b838b35cd8ed0d514b467d33edce5fbaf?s=96&d=mm&r=g","contentUrl":"https:\/\/secure.gravatar.com\/avatar\/17caa5789ffdea6a5a7a1eea9320276b838b35cd8ed0d514b467d33edce5fbaf?s=96&d=mm&r=g","caption":"Agathe Matringe"}}]}},"_links":{"self":[{"href":"https:\/\/edelweiss-panorama.ch\/fr\/wp-json\/wp\/v2\/posts\/43983","targetHints":{"allow":["GET"]}}],"collection":[{"href":"https:\/\/edelweiss-panorama.ch\/fr\/wp-json\/wp\/v2\/posts"}],"about":[{"href":"https:\/\/edelweiss-panorama.ch\/fr\/wp-json\/wp\/v2\/types\/post"}],"author":[{"embeddable":true,"href":"https:\/\/edelweiss-panorama.ch\/fr\/wp-json\/wp\/v2\/users\/18"}],"replies":[{"embeddable":true,"href":"https:\/\/edelweiss-panorama.ch\/fr\/wp-json\/wp\/v2\/comments?post=43983"}],"version-history":[{"count":4,"href":"https:\/\/edelweiss-panorama.ch\/fr\/wp-json\/wp\/v2\/posts\/43983\/revisions"}],"predecessor-version":[{"id":44002,"href":"https:\/\/edelweiss-panorama.ch\/fr\/wp-json\/wp\/v2\/posts\/43983\/revisions\/44002"}],"wp:featuredmedia":[{"embeddable":true,"href":"https:\/\/edelweiss-panorama.ch\/fr\/wp-json\/wp\/v2\/media\/44014"}],"wp:attachment":[{"href":"https:\/\/edelweiss-panorama.ch\/fr\/wp-json\/wp\/v2\/media?parent=43983"}],"wp:term":[{"taxonomy":"category","embeddable":true,"href":"https:\/\/edelweiss-panorama.ch\/fr\/wp-json\/wp\/v2\/categories?post=43983"},{"taxonomy":"post_tag","embeddable":true,"href":"https:\/\/edelweiss-panorama.ch\/fr\/wp-json\/wp\/v2\/tags?post=43983"}],"curies":[{"name":"wp","href":"https:\/\/api.w.org\/{rel}","templated":true}]}}