{"id":46960,"date":"2025-05-13T00:27:45","date_gmt":"2025-05-12T22:27:45","guid":{"rendered":"https:\/\/edelweiss-panorama.ch\/meet-eat-feet-a-year-of-balanced-mobile-device-use-at-aiglon-college\/"},"modified":"2025-05-13T00:27:45","modified_gmt":"2025-05-12T22:27:45","slug":"meet-eat-feet-une-annee-dutilisation-equilibree-des-appareils-mobiles-au-college-aiglon","status":"publish","type":"post","link":"https:\/\/edelweiss-panorama.ch\/fr\/meet-eat-feet-a-year-of-balanced-mobile-device-use-at-aiglon-college\/","title":{"rendered":"Meet, Eat, Feet : Une ann\u00e9e d'utilisation \u00e9quilibr\u00e9e des appareils mobiles au Coll\u00e8ge Aiglon"},"content":{"rendered":"<p>Over a year ago, [Aiglon College](https:\/\/edelweiss-panorama.ch\/aiglon-college\/) introduced the innovative &#8216;Meet, Eat, Feet&#8217; policy to address mobile device use among students. This approach, distinct from the outright bans adopted by many institutions, was designed to set clear boundaries while encouraging self-regulation. Today, it stands as a testament to the school&#8217;s commitment to fostering independence and responsibility in its students. The policy&#8217;s success lies in its simplicity and adaptability, allowing students to use their devices in designated areas and times, thus integrating technology into their daily lives without letting it dominate. This balance reflects the *holistic* educational philosophy that Aiglon is known for, where the development of the whole person is prioritized.<\/p>\n<p><img decoding=\"async\" src=\"\/wp-content\/uploads\/2025\/05\/Meet-Eat-Feet-A-Year-of-Balanced-Mobile-Device-Use-at-Aiglon-College-2025-05-12T222735.735Z.jpeg\" \/><br \/>\n<img decoding=\"async\" src=\"\/wp-content\/uploads\/2025\/05\/Meet-Eat-Feet-A-Year-of-Balanced-Mobile-Device-Use-at-Aiglon-College-2025-05-12T222738.799Z.jpeg\" \/><br \/>\n<img decoding=\"async\" src=\"\/wp-content\/uploads\/2025\/05\/Meet-Eat-Feet-A-Year-of-Balanced-Mobile-Device-Use-at-Aiglon-College-2025-05-12T222741.695Z.jpeg\" \/><\/p>\n<p>The &#8216;Meet, Eat, Feet&#8217; policy has not only been about managing screen time but also about teaching students the **value** of presence and engagement in the real world. By delineating specific times and places for device use, Aiglon College has successfully created an environment where students learn to balance digital and physical interactions. This approach aligns with the school&#8217;s broader educational goals, emphasizing the importance of community, self-discipline, and personal growth. As we reflect on the policy&#8217;s first year, it&#8217;s clear that its success is rooted in Aiglon&#8217;s unique ability to blend tradition with innovation, preparing students not just for academic success but for life beyond the classroom. The policy&#8217;s adaptability and focus on self-regulation exemplify the school&#8217;s forward-thinking ethos, making it a model for other institutions grappling with the challenges of digital integration in education.<\/p>\n","protected":false},"excerpt":{"rendered":"<p>L'article fait le point sur la premi\u00e8re ann\u00e9e d'application de la politique de l'Aiglon College en mati\u00e8re d'appareils mobiles (\"Meet, Eat, Feet\") et souligne qu'elle a permis d'encourager l'autor\u00e9gulation et l'\u00e9quilibre chez les \u00e9tudiants. Il souligne l'alignement de la politique sur la philosophie \u00e9ducative holistique de l'\u00e9cole et son r\u00f4le dans l'enseignement de la valeur de l'engagement dans le monde r\u00e9el. L'article conclut en positionnant l'Aiglon comme un leader en mati\u00e8re de pratiques \u00e9ducatives innovantes, en particulier dans le domaine de l'int\u00e9gration num\u00e9rique.<\/p>","protected":false},"author":10,"featured_media":46957,"comment_status":"open","ping_status":"open","sticky":false,"template":"","format":"standard","meta":{"footnotes":""},"categories":[13],"tags":[39],"class_list":["post-46960","post","type-post","status-publish","format-standard","has-post-thumbnail","hentry","category-education","tag-aiglon-college"],"yoast_head":"<!-- This site is optimized with the Yoast SEO plugin v27.5 - https:\/\/yoast.com\/product\/yoast-seo-wordpress\/ -->\n<title>Meet, Eat, Feet: A Year of Balanced Mobile Device Use at Aiglon College - Edelweiss Panorama International<\/title>\n<meta name=\"robots\" content=\"index, follow, max-snippet:-1, max-image-preview:large, max-video-preview:-1\" \/>\n<link rel=\"canonical\" href=\"https:\/\/edelweiss-panorama.ch\/fr\/meet-eat-feet-une-annee-dutilisation-equilibree-des-appareils-mobiles-au-college-aiglon\/\" \/>\n<meta property=\"og:locale\" content=\"fr_FR\" \/>\n<meta property=\"og:type\" content=\"article\" \/>\n<meta property=\"og:title\" content=\"Meet, Eat, Feet: A Year of Balanced Mobile Device Use at Aiglon College - Edelweiss Panorama International\" \/>\n<meta property=\"og:description\" content=\"The article reflects on the first year of Aiglon College&#039;s &#039;Meet, Eat, Feet&#039; mobile device policy, highlighting its success in fostering self-regulation and balance among students. It underscores the policy&#039;s alignment with the school&#039;s holistic educational philosophy and its role in teaching the value of real-world engagement. The piece concludes by positioning Aiglon as a leader in innovative educational practices, particularly in the realm of digital integration.\" \/>\n<meta property=\"og:url\" content=\"https:\/\/edelweiss-panorama.ch\/fr\/meet-eat-feet-une-annee-dutilisation-equilibree-des-appareils-mobiles-au-college-aiglon\/\" \/>\n<meta property=\"og:site_name\" content=\"Edelweiss Panorama International\" \/>\n<meta property=\"article:publisher\" content=\"https:\/\/www.facebook.com\/edelweisspanorama\" \/>\n<meta property=\"article:published_time\" content=\"2025-05-12T22:27:45+00:00\" \/>\n<meta name=\"author\" content=\"Frederic Tatu\" \/>\n<meta name=\"twitter:card\" content=\"summary_large_image\" \/>\n<meta name=\"twitter:creator\" content=\"@EPI_Swiss\" \/>\n<meta name=\"twitter:site\" content=\"@EPI_Swiss\" \/>\n<meta name=\"twitter:label1\" content=\"\u00c9crit par\" \/>\n\t<meta name=\"twitter:data1\" content=\"Frederic Tatu\" \/>\n\t<meta name=\"twitter:label2\" content=\"Dur\u00e9e de lecture estim\u00e9e\" \/>\n\t<meta name=\"twitter:data2\" content=\"1 minute\" \/>\n<script type=\"application\/ld+json\" class=\"yoast-schema-graph\">{\"@context\":\"https:\\\/\\\/schema.org\",\"@graph\":[{\"@type\":\"Article\",\"@id\":\"https:\\\/\\\/edelweiss-panorama.ch\\\/meet-eat-feet-a-year-of-balanced-mobile-device-use-at-aiglon-college\\\/#article\",\"isPartOf\":{\"@id\":\"https:\\\/\\\/edelweiss-panorama.ch\\\/meet-eat-feet-a-year-of-balanced-mobile-device-use-at-aiglon-college\\\/\"},\"author\":{\"name\":\"Frederic Tatu\",\"@id\":\"https:\\\/\\\/edelweiss-panorama.ch\\\/fr\\\/#\\\/schema\\\/person\\\/40f339557f1e3168761bba6377cb0829\"},\"headline\":\"Meet, Eat, Feet: A Year of Balanced Mobile Device Use at Aiglon College\",\"datePublished\":\"2025-05-12T22:27:45+00:00\",\"mainEntityOfPage\":{\"@id\":\"https:\\\/\\\/edelweiss-panorama.ch\\\/meet-eat-feet-a-year-of-balanced-mobile-device-use-at-aiglon-college\\\/\"},\"wordCount\":271,\"commentCount\":0,\"publisher\":{\"@id\":\"https:\\\/\\\/edelweiss-panorama.ch\\\/fr\\\/#organization\"},\"image\":{\"@id\":\"https:\\\/\\\/edelweiss-panorama.ch\\\/meet-eat-feet-a-year-of-balanced-mobile-device-use-at-aiglon-college\\\/#primaryimage\"},\"thumbnailUrl\":\"https:\\\/\\\/edelweiss-panorama.ch\\\/wp-content\\\/uploads\\\/2025\\\/05\\\/Meet-Eat-Feet-A-Year-of-Balanced-Mobile-Device-Use-at-Aiglon-College-2025-05-12T222735.735Z.jpeg\",\"keywords\":[\"Aiglon\"],\"articleSection\":[\"Education\"],\"inLanguage\":\"fr-FR\",\"potentialAction\":[{\"@type\":\"CommentAction\",\"name\":\"Comment\",\"target\":[\"https:\\\/\\\/edelweiss-panorama.ch\\\/meet-eat-feet-a-year-of-balanced-mobile-device-use-at-aiglon-college\\\/#respond\"]}]},{\"@type\":\"WebPage\",\"@id\":\"https:\\\/\\\/edelweiss-panorama.ch\\\/meet-eat-feet-a-year-of-balanced-mobile-device-use-at-aiglon-college\\\/\",\"url\":\"https:\\\/\\\/edelweiss-panorama.ch\\\/meet-eat-feet-a-year-of-balanced-mobile-device-use-at-aiglon-college\\\/\",\"name\":\"Meet, Eat, Feet: A Year of Balanced Mobile Device Use at Aiglon College - Edelweiss Panorama International\",\"isPartOf\":{\"@id\":\"https:\\\/\\\/edelweiss-panorama.ch\\\/fr\\\/#website\"},\"primaryImageOfPage\":{\"@id\":\"https:\\\/\\\/edelweiss-panorama.ch\\\/meet-eat-feet-a-year-of-balanced-mobile-device-use-at-aiglon-college\\\/#primaryimage\"},\"image\":{\"@id\":\"https:\\\/\\\/edelweiss-panorama.ch\\\/meet-eat-feet-a-year-of-balanced-mobile-device-use-at-aiglon-college\\\/#primaryimage\"},\"thumbnailUrl\":\"https:\\\/\\\/edelweiss-panorama.ch\\\/wp-content\\\/uploads\\\/2025\\\/05\\\/Meet-Eat-Feet-A-Year-of-Balanced-Mobile-Device-Use-at-Aiglon-College-2025-05-12T222735.735Z.jpeg\",\"datePublished\":\"2025-05-12T22:27:45+00:00\",\"breadcrumb\":{\"@id\":\"https:\\\/\\\/edelweiss-panorama.ch\\\/meet-eat-feet-a-year-of-balanced-mobile-device-use-at-aiglon-college\\\/#breadcrumb\"},\"inLanguage\":\"fr-FR\",\"potentialAction\":[{\"@type\":\"ReadAction\",\"target\":[\"https:\\\/\\\/edelweiss-panorama.ch\\\/meet-eat-feet-a-year-of-balanced-mobile-device-use-at-aiglon-college\\\/\"]}]},{\"@type\":\"ImageObject\",\"inLanguage\":\"fr-FR\",\"@id\":\"https:\\\/\\\/edelweiss-panorama.ch\\\/meet-eat-feet-a-year-of-balanced-mobile-device-use-at-aiglon-college\\\/#primaryimage\",\"url\":\"https:\\\/\\\/edelweiss-panorama.ch\\\/wp-content\\\/uploads\\\/2025\\\/05\\\/Meet-Eat-Feet-A-Year-of-Balanced-Mobile-Device-Use-at-Aiglon-College-2025-05-12T222735.735Z.jpeg\",\"contentUrl\":\"https:\\\/\\\/edelweiss-panorama.ch\\\/wp-content\\\/uploads\\\/2025\\\/05\\\/Meet-Eat-Feet-A-Year-of-Balanced-Mobile-Device-Use-at-Aiglon-College-2025-05-12T222735.735Z.jpeg\",\"width\":2200,\"height\":1467},{\"@type\":\"BreadcrumbList\",\"@id\":\"https:\\\/\\\/edelweiss-panorama.ch\\\/meet-eat-feet-a-year-of-balanced-mobile-device-use-at-aiglon-college\\\/#breadcrumb\",\"itemListElement\":[{\"@type\":\"ListItem\",\"position\":1,\"name\":\"Home\",\"item\":\"https:\\\/\\\/edelweiss-panorama.ch\\\/\"},{\"@type\":\"ListItem\",\"position\":2,\"name\":\"Meet, Eat, Feet: A Year of Balanced Mobile Device Use at Aiglon College\"}]},{\"@type\":\"WebSite\",\"@id\":\"https:\\\/\\\/edelweiss-panorama.ch\\\/fr\\\/#website\",\"url\":\"https:\\\/\\\/edelweiss-panorama.ch\\\/fr\\\/\",\"name\":\"Edelweiss Panorama International\",\"description\":\"Allows you to live and thrive every corner of the world.\",\"publisher\":{\"@id\":\"https:\\\/\\\/edelweiss-panorama.ch\\\/fr\\\/#organization\"},\"potentialAction\":[{\"@type\":\"SearchAction\",\"target\":{\"@type\":\"EntryPoint\",\"urlTemplate\":\"https:\\\/\\\/edelweiss-panorama.ch\\\/fr\\\/?s={search_term_string}\"},\"query-input\":{\"@type\":\"PropertyValueSpecification\",\"valueRequired\":true,\"valueName\":\"search_term_string\"}}],\"inLanguage\":\"fr-FR\"},{\"@type\":\"Organization\",\"@id\":\"https:\\\/\\\/edelweiss-panorama.ch\\\/fr\\\/#organization\",\"name\":\"Edelweiss Panorama International\",\"url\":\"https:\\\/\\\/edelweiss-panorama.ch\\\/fr\\\/\",\"logo\":{\"@type\":\"ImageObject\",\"inLanguage\":\"fr-FR\",\"@id\":\"https:\\\/\\\/edelweiss-panorama.ch\\\/fr\\\/#\\\/schema\\\/logo\\\/image\\\/\",\"url\":\"https:\\\/\\\/edelweiss-panorama.ch\\\/wp-content\\\/uploads\\\/2020\\\/04\\\/Untitled-design-1-1.png\",\"contentUrl\":\"https:\\\/\\\/edelweiss-panorama.ch\\\/wp-content\\\/uploads\\\/2020\\\/04\\\/Untitled-design-1-1.png\",\"width\":1080,\"height\":1080,\"caption\":\"Edelweiss Panorama International\"},\"image\":{\"@id\":\"https:\\\/\\\/edelweiss-panorama.ch\\\/fr\\\/#\\\/schema\\\/logo\\\/image\\\/\"},\"sameAs\":[\"https:\\\/\\\/www.facebook.com\\\/edelweisspanorama\",\"https:\\\/\\\/x.com\\\/EPI_Swiss\"]},{\"@type\":\"Person\",\"@id\":\"https:\\\/\\\/edelweiss-panorama.ch\\\/fr\\\/#\\\/schema\\\/person\\\/40f339557f1e3168761bba6377cb0829\",\"name\":\"Frederic Tatu\",\"image\":{\"@type\":\"ImageObject\",\"inLanguage\":\"fr-FR\",\"@id\":\"https:\\\/\\\/secure.gravatar.com\\\/avatar\\\/0fe323859f18731575cc1727306a418c1c06adb036da08a42ad58ee43321377e?s=96&d=mm&r=g\",\"url\":\"https:\\\/\\\/secure.gravatar.com\\\/avatar\\\/0fe323859f18731575cc1727306a418c1c06adb036da08a42ad58ee43321377e?s=96&d=mm&r=g\",\"contentUrl\":\"https:\\\/\\\/secure.gravatar.com\\\/avatar\\\/0fe323859f18731575cc1727306a418c1c06adb036da08a42ad58ee43321377e?s=96&d=mm&r=g\",\"caption\":\"Frederic Tatu\"}}]}<\/script>\n<!-- \/ Yoast SEO plugin. -->","yoast_head_json":{"title":"Meet, Eat, Feet : Une ann\u00e9e d'utilisation \u00e9quilibr\u00e9e des appareils mobiles au Coll\u00e8ge Aiglon - Edelweiss Panorama International","robots":{"index":"index","follow":"follow","max-snippet":"max-snippet:-1","max-image-preview":"max-image-preview:large","max-video-preview":"max-video-preview:-1"},"canonical":"https:\/\/edelweiss-panorama.ch\/fr\/meet-eat-feet-une-annee-dutilisation-equilibree-des-appareils-mobiles-au-college-aiglon\/","og_locale":"fr_FR","og_type":"article","og_title":"Meet, Eat, Feet: A Year of Balanced Mobile Device Use at Aiglon College - Edelweiss Panorama International","og_description":"The article reflects on the first year of Aiglon College's 'Meet, Eat, Feet' mobile device policy, highlighting its success in fostering self-regulation and balance among students. It underscores the policy's alignment with the school's holistic educational philosophy and its role in teaching the value of real-world engagement. The piece concludes by positioning Aiglon as a leader in innovative educational practices, particularly in the realm of digital integration.","og_url":"https:\/\/edelweiss-panorama.ch\/fr\/meet-eat-feet-une-annee-dutilisation-equilibree-des-appareils-mobiles-au-college-aiglon\/","og_site_name":"Edelweiss Panorama International","article_publisher":"https:\/\/www.facebook.com\/edelweisspanorama","article_published_time":"2025-05-12T22:27:45+00:00","author":"Frederic Tatu","twitter_card":"summary_large_image","twitter_creator":"@EPI_Swiss","twitter_site":"@EPI_Swiss","twitter_misc":{"\u00c9crit par":"Frederic Tatu","Dur\u00e9e de lecture estim\u00e9e":"1 minute"},"schema":{"@context":"https:\/\/schema.org","@graph":[{"@type":"Article","@id":"https:\/\/edelweiss-panorama.ch\/meet-eat-feet-a-year-of-balanced-mobile-device-use-at-aiglon-college\/#article","isPartOf":{"@id":"https:\/\/edelweiss-panorama.ch\/meet-eat-feet-a-year-of-balanced-mobile-device-use-at-aiglon-college\/"},"author":{"name":"Frederic Tatu","@id":"https:\/\/edelweiss-panorama.ch\/fr\/#\/schema\/person\/40f339557f1e3168761bba6377cb0829"},"headline":"Meet, Eat, Feet: A Year of Balanced Mobile Device Use at Aiglon College","datePublished":"2025-05-12T22:27:45+00:00","mainEntityOfPage":{"@id":"https:\/\/edelweiss-panorama.ch\/meet-eat-feet-a-year-of-balanced-mobile-device-use-at-aiglon-college\/"},"wordCount":271,"commentCount":0,"publisher":{"@id":"https:\/\/edelweiss-panorama.ch\/fr\/#organization"},"image":{"@id":"https:\/\/edelweiss-panorama.ch\/meet-eat-feet-a-year-of-balanced-mobile-device-use-at-aiglon-college\/#primaryimage"},"thumbnailUrl":"https:\/\/edelweiss-panorama.ch\/wp-content\/uploads\/2025\/05\/Meet-Eat-Feet-A-Year-of-Balanced-Mobile-Device-Use-at-Aiglon-College-2025-05-12T222735.735Z.jpeg","keywords":["Aiglon"],"articleSection":["Education"],"inLanguage":"fr-FR","potentialAction":[{"@type":"CommentAction","name":"Comment","target":["https:\/\/edelweiss-panorama.ch\/meet-eat-feet-a-year-of-balanced-mobile-device-use-at-aiglon-college\/#respond"]}]},{"@type":"WebPage","@id":"https:\/\/edelweiss-panorama.ch\/meet-eat-feet-a-year-of-balanced-mobile-device-use-at-aiglon-college\/","url":"https:\/\/edelweiss-panorama.ch\/meet-eat-feet-a-year-of-balanced-mobile-device-use-at-aiglon-college\/","name":"Meet, Eat, Feet : Une ann\u00e9e d'utilisation \u00e9quilibr\u00e9e des appareils mobiles au Coll\u00e8ge Aiglon - Edelweiss Panorama International","isPartOf":{"@id":"https:\/\/edelweiss-panorama.ch\/fr\/#website"},"primaryImageOfPage":{"@id":"https:\/\/edelweiss-panorama.ch\/meet-eat-feet-a-year-of-balanced-mobile-device-use-at-aiglon-college\/#primaryimage"},"image":{"@id":"https:\/\/edelweiss-panorama.ch\/meet-eat-feet-a-year-of-balanced-mobile-device-use-at-aiglon-college\/#primaryimage"},"thumbnailUrl":"https:\/\/edelweiss-panorama.ch\/wp-content\/uploads\/2025\/05\/Meet-Eat-Feet-A-Year-of-Balanced-Mobile-Device-Use-at-Aiglon-College-2025-05-12T222735.735Z.jpeg","datePublished":"2025-05-12T22:27:45+00:00","breadcrumb":{"@id":"https:\/\/edelweiss-panorama.ch\/meet-eat-feet-a-year-of-balanced-mobile-device-use-at-aiglon-college\/#breadcrumb"},"inLanguage":"fr-FR","potentialAction":[{"@type":"ReadAction","target":["https:\/\/edelweiss-panorama.ch\/meet-eat-feet-a-year-of-balanced-mobile-device-use-at-aiglon-college\/"]}]},{"@type":"ImageObject","inLanguage":"fr-FR","@id":"https:\/\/edelweiss-panorama.ch\/meet-eat-feet-a-year-of-balanced-mobile-device-use-at-aiglon-college\/#primaryimage","url":"https:\/\/edelweiss-panorama.ch\/wp-content\/uploads\/2025\/05\/Meet-Eat-Feet-A-Year-of-Balanced-Mobile-Device-Use-at-Aiglon-College-2025-05-12T222735.735Z.jpeg","contentUrl":"https:\/\/edelweiss-panorama.ch\/wp-content\/uploads\/2025\/05\/Meet-Eat-Feet-A-Year-of-Balanced-Mobile-Device-Use-at-Aiglon-College-2025-05-12T222735.735Z.jpeg","width":2200,"height":1467},{"@type":"BreadcrumbList","@id":"https:\/\/edelweiss-panorama.ch\/meet-eat-feet-a-year-of-balanced-mobile-device-use-at-aiglon-college\/#breadcrumb","itemListElement":[{"@type":"ListItem","position":1,"name":"Home","item":"https:\/\/edelweiss-panorama.ch\/"},{"@type":"ListItem","position":2,"name":"Meet, Eat, Feet: A Year of Balanced Mobile Device Use at Aiglon College"}]},{"@type":"WebSite","@id":"https:\/\/edelweiss-panorama.ch\/fr\/#website","url":"https:\/\/edelweiss-panorama.ch\/fr\/","name":"Edelweiss Panorama International","description":"Il vous permet de vivre et de prosp\u00e9rer aux quatre coins du monde.","publisher":{"@id":"https:\/\/edelweiss-panorama.ch\/fr\/#organization"},"potentialAction":[{"@type":"SearchAction","target":{"@type":"EntryPoint","urlTemplate":"https:\/\/edelweiss-panorama.ch\/fr\/?s={search_term_string}"},"query-input":{"@type":"PropertyValueSpecification","valueRequired":true,"valueName":"search_term_string"}}],"inLanguage":"fr-FR"},{"@type":"Organization","@id":"https:\/\/edelweiss-panorama.ch\/fr\/#organization","name":"Edelweiss Panorama International","url":"https:\/\/edelweiss-panorama.ch\/fr\/","logo":{"@type":"ImageObject","inLanguage":"fr-FR","@id":"https:\/\/edelweiss-panorama.ch\/fr\/#\/schema\/logo\/image\/","url":"https:\/\/edelweiss-panorama.ch\/wp-content\/uploads\/2020\/04\/Untitled-design-1-1.png","contentUrl":"https:\/\/edelweiss-panorama.ch\/wp-content\/uploads\/2020\/04\/Untitled-design-1-1.png","width":1080,"height":1080,"caption":"Edelweiss Panorama International"},"image":{"@id":"https:\/\/edelweiss-panorama.ch\/fr\/#\/schema\/logo\/image\/"},"sameAs":["https:\/\/www.facebook.com\/edelweisspanorama","https:\/\/x.com\/EPI_Swiss"]},{"@type":"Person","@id":"https:\/\/edelweiss-panorama.ch\/fr\/#\/schema\/person\/40f339557f1e3168761bba6377cb0829","name":"Fr\u00e9d\u00e9ric Tatu","image":{"@type":"ImageObject","inLanguage":"fr-FR","@id":"https:\/\/secure.gravatar.com\/avatar\/0fe323859f18731575cc1727306a418c1c06adb036da08a42ad58ee43321377e?s=96&d=mm&r=g","url":"https:\/\/secure.gravatar.com\/avatar\/0fe323859f18731575cc1727306a418c1c06adb036da08a42ad58ee43321377e?s=96&d=mm&r=g","contentUrl":"https:\/\/secure.gravatar.com\/avatar\/0fe323859f18731575cc1727306a418c1c06adb036da08a42ad58ee43321377e?s=96&d=mm&r=g","caption":"Frederic Tatu"}}]}},"_links":{"self":[{"href":"https:\/\/edelweiss-panorama.ch\/fr\/wp-json\/wp\/v2\/posts\/46960","targetHints":{"allow":["GET"]}}],"collection":[{"href":"https:\/\/edelweiss-panorama.ch\/fr\/wp-json\/wp\/v2\/posts"}],"about":[{"href":"https:\/\/edelweiss-panorama.ch\/fr\/wp-json\/wp\/v2\/types\/post"}],"author":[{"embeddable":true,"href":"https:\/\/edelweiss-panorama.ch\/fr\/wp-json\/wp\/v2\/users\/10"}],"replies":[{"embeddable":true,"href":"https:\/\/edelweiss-panorama.ch\/fr\/wp-json\/wp\/v2\/comments?post=46960"}],"version-history":[{"count":0,"href":"https:\/\/edelweiss-panorama.ch\/fr\/wp-json\/wp\/v2\/posts\/46960\/revisions"}],"wp:featuredmedia":[{"embeddable":true,"href":"https:\/\/edelweiss-panorama.ch\/fr\/wp-json\/wp\/v2\/media\/46957"}],"wp:attachment":[{"href":"https:\/\/edelweiss-panorama.ch\/fr\/wp-json\/wp\/v2\/media?parent=46960"}],"wp:term":[{"taxonomy":"category","embeddable":true,"href":"https:\/\/edelweiss-panorama.ch\/fr\/wp-json\/wp\/v2\/categories?post=46960"},{"taxonomy":"post_tag","embeddable":true,"href":"https:\/\/edelweiss-panorama.ch\/fr\/wp-json\/wp\/v2\/tags?post=46960"}],"curies":[{"name":"wp","href":"https:\/\/api.w.org\/{rel}","templated":true}]}}