{"id":47027,"date":"2025-05-13T01:38:16","date_gmt":"2025-05-12T23:38:16","guid":{"rendered":"https:\/\/edelweiss-panorama.ch\/it-takes-a-global-village-sharing-experiences-at-aiglon-college\/"},"modified":"2025-05-13T01:38:16","modified_gmt":"2025-05-12T23:38:16","slug":"il-faut-un-village-mondial-partage-dexperiences-au-college-aiglon","status":"publish","type":"post","link":"https:\/\/edelweiss-panorama.ch\/fr\/it-takes-a-global-village-sharing-experiences-at-aiglon-college\/","title":{"rendered":"Il faut un village (mondial) : Partage d'exp\u00e9riences au Coll\u00e8ge Aiglon"},"content":{"rendered":"<p>At the heart of **Aiglon** College&#8217;s ethos is the belief that education extends beyond the classroom. It&#8217;s about building a community where experiences, once hard-earned, are shared to enrich the lives of others. This philosophy is vividly brought to life through the involvement of Aiglonians who return to the school as speakers, mentors, and friends. Their contributions are not just acts of giving back but are a testament to the enduring bonds formed within this unique educational environment. The images captured here, from the school&#8217;s archives, showcase these moments of connection and mentorship, highlighting the vibrant community spirit that defines *Aiglon*. These visuals serve as a reminder of the impact that shared experiences can have on both the giver and the receiver, fostering a cycle of learning and growth that benefits all involved.<\/p>\n<p><img decoding=\"async\" src=\"\/wp-content\/uploads\/2025\/05\/It-Takes-a-Global-Village-Sharing-Experiences-at-Aiglon-College-2025-05-12T233808.504Z.jpeg\" \/><br \/>\n<img decoding=\"async\" src=\"\/wp-content\/uploads\/2025\/05\/It-Takes-a-Global-Village-Sharing-Experiences-at-Aiglon-College-2025-05-12T233813.459Z.jpeg\" \/><\/p>\n<p>The tradition of alumni engagement at [Aiglon College](https:\/\/edelweiss-panorama.ch\/aiglon-college\/) is a cornerstone of its educational model. By welcoming back former students to share their journeys, the school creates a dynamic learning environment that bridges past and present. These interactions are not only inspirational but also provide practical insights into navigating life&#8217;s challenges. Whether it&#8217;s through formal speaking engagements or informal mentoring relationships, the exchange of knowledge and experience is invaluable. It underscores the importance of community in personal and professional development, reinforcing the idea that success is not a solitary achievement but a collective endeavor. The *global* village that Aiglon fosters is a testament to the power of shared experiences in shaping well-rounded, resilient individuals.<\/p>\n","protected":false},"excerpt":{"rendered":"<p>Ce billet explore l'importance des exp\u00e9riences partag\u00e9es au sein de la communaut\u00e9 de l'Aiglon College, en soulignant comment les contributions des anciens \u00e9tudiants en tant que conf\u00e9renciers, mentors et amis enrichissent le parcours \u00e9ducatif des \u00e9tudiants actuels. Il souligne la valeur d'un r\u00e9seau mondial de soutien pour favoriser le d\u00e9veloppement personnel et professionnel.<\/p>","protected":false},"author":10,"featured_media":47025,"comment_status":"open","ping_status":"open","sticky":false,"template":"","format":"standard","meta":{"footnotes":""},"categories":[13],"tags":[39],"class_list":["post-47027","post","type-post","status-publish","format-standard","has-post-thumbnail","hentry","category-education","tag-aiglon-college"],"yoast_head":"<!-- This site is optimized with the Yoast SEO plugin v27.5 - https:\/\/yoast.com\/product\/yoast-seo-wordpress\/ -->\n<title>It Takes a (Global) Village: Sharing Experiences at Aiglon College - Edelweiss Panorama International<\/title>\n<meta name=\"robots\" content=\"index, follow, max-snippet:-1, max-image-preview:large, max-video-preview:-1\" \/>\n<link rel=\"canonical\" href=\"https:\/\/edelweiss-panorama.ch\/fr\/il-faut-un-village-mondial-partage-dexperiences-au-college-aiglon\/\" \/>\n<meta property=\"og:locale\" content=\"fr_FR\" \/>\n<meta property=\"og:type\" content=\"article\" \/>\n<meta property=\"og:title\" content=\"It Takes a (Global) Village: Sharing Experiences at Aiglon College - Edelweiss Panorama International\" \/>\n<meta property=\"og:description\" content=\"This post explores the significance of shared experiences within the Aiglon College community, highlighting how alumni contributions as speakers, mentors, and friends enrich the educational journey for current students. It emphasizes the value of a supportive, global network in fostering personal and professional growth.\" \/>\n<meta property=\"og:url\" content=\"https:\/\/edelweiss-panorama.ch\/fr\/il-faut-un-village-mondial-partage-dexperiences-au-college-aiglon\/\" \/>\n<meta property=\"og:site_name\" content=\"Edelweiss Panorama International\" \/>\n<meta property=\"article:publisher\" content=\"https:\/\/www.facebook.com\/edelweisspanorama\" \/>\n<meta property=\"article:published_time\" content=\"2025-05-12T23:38:16+00:00\" \/>\n<meta name=\"author\" content=\"Frederic Tatu\" \/>\n<meta name=\"twitter:card\" content=\"summary_large_image\" \/>\n<meta name=\"twitter:creator\" content=\"@EPI_Swiss\" \/>\n<meta name=\"twitter:site\" content=\"@EPI_Swiss\" \/>\n<meta name=\"twitter:label1\" content=\"\u00c9crit par\" \/>\n\t<meta name=\"twitter:data1\" content=\"Frederic Tatu\" \/>\n\t<meta name=\"twitter:label2\" content=\"Dur\u00e9e de lecture estim\u00e9e\" \/>\n\t<meta name=\"twitter:data2\" content=\"1 minute\" \/>\n<script type=\"application\/ld+json\" class=\"yoast-schema-graph\">{\"@context\":\"https:\\\/\\\/schema.org\",\"@graph\":[{\"@type\":\"Article\",\"@id\":\"https:\\\/\\\/edelweiss-panorama.ch\\\/it-takes-a-global-village-sharing-experiences-at-aiglon-college\\\/#article\",\"isPartOf\":{\"@id\":\"https:\\\/\\\/edelweiss-panorama.ch\\\/it-takes-a-global-village-sharing-experiences-at-aiglon-college\\\/\"},\"author\":{\"name\":\"Frederic Tatu\",\"@id\":\"https:\\\/\\\/edelweiss-panorama.ch\\\/fr\\\/#\\\/schema\\\/person\\\/40f339557f1e3168761bba6377cb0829\"},\"headline\":\"It Takes a (Global) Village: Sharing Experiences at Aiglon College\",\"datePublished\":\"2025-05-12T23:38:16+00:00\",\"mainEntityOfPage\":{\"@id\":\"https:\\\/\\\/edelweiss-panorama.ch\\\/it-takes-a-global-village-sharing-experiences-at-aiglon-college\\\/\"},\"wordCount\":266,\"commentCount\":0,\"publisher\":{\"@id\":\"https:\\\/\\\/edelweiss-panorama.ch\\\/fr\\\/#organization\"},\"image\":{\"@id\":\"https:\\\/\\\/edelweiss-panorama.ch\\\/it-takes-a-global-village-sharing-experiences-at-aiglon-college\\\/#primaryimage\"},\"thumbnailUrl\":\"https:\\\/\\\/edelweiss-panorama.ch\\\/wp-content\\\/uploads\\\/2025\\\/05\\\/It-Takes-a-Global-Village-Sharing-Experiences-at-Aiglon-College-2025-05-12T233808.504Z.jpeg\",\"keywords\":[\"Aiglon\"],\"articleSection\":[\"Education\"],\"inLanguage\":\"fr-FR\",\"potentialAction\":[{\"@type\":\"CommentAction\",\"name\":\"Comment\",\"target\":[\"https:\\\/\\\/edelweiss-panorama.ch\\\/it-takes-a-global-village-sharing-experiences-at-aiglon-college\\\/#respond\"]}]},{\"@type\":\"WebPage\",\"@id\":\"https:\\\/\\\/edelweiss-panorama.ch\\\/it-takes-a-global-village-sharing-experiences-at-aiglon-college\\\/\",\"url\":\"https:\\\/\\\/edelweiss-panorama.ch\\\/it-takes-a-global-village-sharing-experiences-at-aiglon-college\\\/\",\"name\":\"It Takes a (Global) Village: Sharing Experiences at Aiglon College - Edelweiss Panorama International\",\"isPartOf\":{\"@id\":\"https:\\\/\\\/edelweiss-panorama.ch\\\/fr\\\/#website\"},\"primaryImageOfPage\":{\"@id\":\"https:\\\/\\\/edelweiss-panorama.ch\\\/it-takes-a-global-village-sharing-experiences-at-aiglon-college\\\/#primaryimage\"},\"image\":{\"@id\":\"https:\\\/\\\/edelweiss-panorama.ch\\\/it-takes-a-global-village-sharing-experiences-at-aiglon-college\\\/#primaryimage\"},\"thumbnailUrl\":\"https:\\\/\\\/edelweiss-panorama.ch\\\/wp-content\\\/uploads\\\/2025\\\/05\\\/It-Takes-a-Global-Village-Sharing-Experiences-at-Aiglon-College-2025-05-12T233808.504Z.jpeg\",\"datePublished\":\"2025-05-12T23:38:16+00:00\",\"breadcrumb\":{\"@id\":\"https:\\\/\\\/edelweiss-panorama.ch\\\/it-takes-a-global-village-sharing-experiences-at-aiglon-college\\\/#breadcrumb\"},\"inLanguage\":\"fr-FR\",\"potentialAction\":[{\"@type\":\"ReadAction\",\"target\":[\"https:\\\/\\\/edelweiss-panorama.ch\\\/it-takes-a-global-village-sharing-experiences-at-aiglon-college\\\/\"]}]},{\"@type\":\"ImageObject\",\"inLanguage\":\"fr-FR\",\"@id\":\"https:\\\/\\\/edelweiss-panorama.ch\\\/it-takes-a-global-village-sharing-experiences-at-aiglon-college\\\/#primaryimage\",\"url\":\"https:\\\/\\\/edelweiss-panorama.ch\\\/wp-content\\\/uploads\\\/2025\\\/05\\\/It-Takes-a-Global-Village-Sharing-Experiences-at-Aiglon-College-2025-05-12T233808.504Z.jpeg\",\"contentUrl\":\"https:\\\/\\\/edelweiss-panorama.ch\\\/wp-content\\\/uploads\\\/2025\\\/05\\\/It-Takes-a-Global-Village-Sharing-Experiences-at-Aiglon-College-2025-05-12T233808.504Z.jpeg\",\"width\":1418,\"height\":947},{\"@type\":\"BreadcrumbList\",\"@id\":\"https:\\\/\\\/edelweiss-panorama.ch\\\/it-takes-a-global-village-sharing-experiences-at-aiglon-college\\\/#breadcrumb\",\"itemListElement\":[{\"@type\":\"ListItem\",\"position\":1,\"name\":\"Home\",\"item\":\"https:\\\/\\\/edelweiss-panorama.ch\\\/\"},{\"@type\":\"ListItem\",\"position\":2,\"name\":\"It Takes a (Global) Village: Sharing Experiences at Aiglon College\"}]},{\"@type\":\"WebSite\",\"@id\":\"https:\\\/\\\/edelweiss-panorama.ch\\\/fr\\\/#website\",\"url\":\"https:\\\/\\\/edelweiss-panorama.ch\\\/fr\\\/\",\"name\":\"Edelweiss Panorama International\",\"description\":\"Allows you to live and thrive every corner of the world.\",\"publisher\":{\"@id\":\"https:\\\/\\\/edelweiss-panorama.ch\\\/fr\\\/#organization\"},\"potentialAction\":[{\"@type\":\"SearchAction\",\"target\":{\"@type\":\"EntryPoint\",\"urlTemplate\":\"https:\\\/\\\/edelweiss-panorama.ch\\\/fr\\\/?s={search_term_string}\"},\"query-input\":{\"@type\":\"PropertyValueSpecification\",\"valueRequired\":true,\"valueName\":\"search_term_string\"}}],\"inLanguage\":\"fr-FR\"},{\"@type\":\"Organization\",\"@id\":\"https:\\\/\\\/edelweiss-panorama.ch\\\/fr\\\/#organization\",\"name\":\"Edelweiss Panorama International\",\"url\":\"https:\\\/\\\/edelweiss-panorama.ch\\\/fr\\\/\",\"logo\":{\"@type\":\"ImageObject\",\"inLanguage\":\"fr-FR\",\"@id\":\"https:\\\/\\\/edelweiss-panorama.ch\\\/fr\\\/#\\\/schema\\\/logo\\\/image\\\/\",\"url\":\"https:\\\/\\\/edelweiss-panorama.ch\\\/wp-content\\\/uploads\\\/2020\\\/04\\\/Untitled-design-1-1.png\",\"contentUrl\":\"https:\\\/\\\/edelweiss-panorama.ch\\\/wp-content\\\/uploads\\\/2020\\\/04\\\/Untitled-design-1-1.png\",\"width\":1080,\"height\":1080,\"caption\":\"Edelweiss Panorama International\"},\"image\":{\"@id\":\"https:\\\/\\\/edelweiss-panorama.ch\\\/fr\\\/#\\\/schema\\\/logo\\\/image\\\/\"},\"sameAs\":[\"https:\\\/\\\/www.facebook.com\\\/edelweisspanorama\",\"https:\\\/\\\/x.com\\\/EPI_Swiss\"]},{\"@type\":\"Person\",\"@id\":\"https:\\\/\\\/edelweiss-panorama.ch\\\/fr\\\/#\\\/schema\\\/person\\\/40f339557f1e3168761bba6377cb0829\",\"name\":\"Frederic Tatu\",\"image\":{\"@type\":\"ImageObject\",\"inLanguage\":\"fr-FR\",\"@id\":\"https:\\\/\\\/secure.gravatar.com\\\/avatar\\\/0fe323859f18731575cc1727306a418c1c06adb036da08a42ad58ee43321377e?s=96&d=mm&r=g\",\"url\":\"https:\\\/\\\/secure.gravatar.com\\\/avatar\\\/0fe323859f18731575cc1727306a418c1c06adb036da08a42ad58ee43321377e?s=96&d=mm&r=g\",\"contentUrl\":\"https:\\\/\\\/secure.gravatar.com\\\/avatar\\\/0fe323859f18731575cc1727306a418c1c06adb036da08a42ad58ee43321377e?s=96&d=mm&r=g\",\"caption\":\"Frederic Tatu\"}}]}<\/script>\n<!-- \/ Yoast SEO plugin. -->","yoast_head_json":{"title":"Il faut un village (mondial) : Partage d'exp\u00e9riences \u00e0 l'Aiglon College - Edelweiss Panorama International","robots":{"index":"index","follow":"follow","max-snippet":"max-snippet:-1","max-image-preview":"max-image-preview:large","max-video-preview":"max-video-preview:-1"},"canonical":"https:\/\/edelweiss-panorama.ch\/fr\/il-faut-un-village-mondial-partage-dexperiences-au-college-aiglon\/","og_locale":"fr_FR","og_type":"article","og_title":"It Takes a (Global) Village: Sharing Experiences at Aiglon College - Edelweiss Panorama International","og_description":"This post explores the significance of shared experiences within the Aiglon College community, highlighting how alumni contributions as speakers, mentors, and friends enrich the educational journey for current students. It emphasizes the value of a supportive, global network in fostering personal and professional growth.","og_url":"https:\/\/edelweiss-panorama.ch\/fr\/il-faut-un-village-mondial-partage-dexperiences-au-college-aiglon\/","og_site_name":"Edelweiss Panorama International","article_publisher":"https:\/\/www.facebook.com\/edelweisspanorama","article_published_time":"2025-05-12T23:38:16+00:00","author":"Frederic Tatu","twitter_card":"summary_large_image","twitter_creator":"@EPI_Swiss","twitter_site":"@EPI_Swiss","twitter_misc":{"\u00c9crit par":"Frederic Tatu","Dur\u00e9e de lecture estim\u00e9e":"1 minute"},"schema":{"@context":"https:\/\/schema.org","@graph":[{"@type":"Article","@id":"https:\/\/edelweiss-panorama.ch\/it-takes-a-global-village-sharing-experiences-at-aiglon-college\/#article","isPartOf":{"@id":"https:\/\/edelweiss-panorama.ch\/it-takes-a-global-village-sharing-experiences-at-aiglon-college\/"},"author":{"name":"Frederic Tatu","@id":"https:\/\/edelweiss-panorama.ch\/fr\/#\/schema\/person\/40f339557f1e3168761bba6377cb0829"},"headline":"It Takes a (Global) Village: Sharing Experiences at Aiglon College","datePublished":"2025-05-12T23:38:16+00:00","mainEntityOfPage":{"@id":"https:\/\/edelweiss-panorama.ch\/it-takes-a-global-village-sharing-experiences-at-aiglon-college\/"},"wordCount":266,"commentCount":0,"publisher":{"@id":"https:\/\/edelweiss-panorama.ch\/fr\/#organization"},"image":{"@id":"https:\/\/edelweiss-panorama.ch\/it-takes-a-global-village-sharing-experiences-at-aiglon-college\/#primaryimage"},"thumbnailUrl":"https:\/\/edelweiss-panorama.ch\/wp-content\/uploads\/2025\/05\/It-Takes-a-Global-Village-Sharing-Experiences-at-Aiglon-College-2025-05-12T233808.504Z.jpeg","keywords":["Aiglon"],"articleSection":["Education"],"inLanguage":"fr-FR","potentialAction":[{"@type":"CommentAction","name":"Comment","target":["https:\/\/edelweiss-panorama.ch\/it-takes-a-global-village-sharing-experiences-at-aiglon-college\/#respond"]}]},{"@type":"WebPage","@id":"https:\/\/edelweiss-panorama.ch\/it-takes-a-global-village-sharing-experiences-at-aiglon-college\/","url":"https:\/\/edelweiss-panorama.ch\/it-takes-a-global-village-sharing-experiences-at-aiglon-college\/","name":"Il faut un village (mondial) : Partage d'exp\u00e9riences \u00e0 l'Aiglon College - Edelweiss Panorama International","isPartOf":{"@id":"https:\/\/edelweiss-panorama.ch\/fr\/#website"},"primaryImageOfPage":{"@id":"https:\/\/edelweiss-panorama.ch\/it-takes-a-global-village-sharing-experiences-at-aiglon-college\/#primaryimage"},"image":{"@id":"https:\/\/edelweiss-panorama.ch\/it-takes-a-global-village-sharing-experiences-at-aiglon-college\/#primaryimage"},"thumbnailUrl":"https:\/\/edelweiss-panorama.ch\/wp-content\/uploads\/2025\/05\/It-Takes-a-Global-Village-Sharing-Experiences-at-Aiglon-College-2025-05-12T233808.504Z.jpeg","datePublished":"2025-05-12T23:38:16+00:00","breadcrumb":{"@id":"https:\/\/edelweiss-panorama.ch\/it-takes-a-global-village-sharing-experiences-at-aiglon-college\/#breadcrumb"},"inLanguage":"fr-FR","potentialAction":[{"@type":"ReadAction","target":["https:\/\/edelweiss-panorama.ch\/it-takes-a-global-village-sharing-experiences-at-aiglon-college\/"]}]},{"@type":"ImageObject","inLanguage":"fr-FR","@id":"https:\/\/edelweiss-panorama.ch\/it-takes-a-global-village-sharing-experiences-at-aiglon-college\/#primaryimage","url":"https:\/\/edelweiss-panorama.ch\/wp-content\/uploads\/2025\/05\/It-Takes-a-Global-Village-Sharing-Experiences-at-Aiglon-College-2025-05-12T233808.504Z.jpeg","contentUrl":"https:\/\/edelweiss-panorama.ch\/wp-content\/uploads\/2025\/05\/It-Takes-a-Global-Village-Sharing-Experiences-at-Aiglon-College-2025-05-12T233808.504Z.jpeg","width":1418,"height":947},{"@type":"BreadcrumbList","@id":"https:\/\/edelweiss-panorama.ch\/it-takes-a-global-village-sharing-experiences-at-aiglon-college\/#breadcrumb","itemListElement":[{"@type":"ListItem","position":1,"name":"Home","item":"https:\/\/edelweiss-panorama.ch\/"},{"@type":"ListItem","position":2,"name":"It Takes a (Global) Village: Sharing Experiences at Aiglon College"}]},{"@type":"WebSite","@id":"https:\/\/edelweiss-panorama.ch\/fr\/#website","url":"https:\/\/edelweiss-panorama.ch\/fr\/","name":"Edelweiss Panorama International","description":"Il vous permet de vivre et de prosp\u00e9rer aux quatre coins du monde.","publisher":{"@id":"https:\/\/edelweiss-panorama.ch\/fr\/#organization"},"potentialAction":[{"@type":"SearchAction","target":{"@type":"EntryPoint","urlTemplate":"https:\/\/edelweiss-panorama.ch\/fr\/?s={search_term_string}"},"query-input":{"@type":"PropertyValueSpecification","valueRequired":true,"valueName":"search_term_string"}}],"inLanguage":"fr-FR"},{"@type":"Organization","@id":"https:\/\/edelweiss-panorama.ch\/fr\/#organization","name":"Edelweiss Panorama International","url":"https:\/\/edelweiss-panorama.ch\/fr\/","logo":{"@type":"ImageObject","inLanguage":"fr-FR","@id":"https:\/\/edelweiss-panorama.ch\/fr\/#\/schema\/logo\/image\/","url":"https:\/\/edelweiss-panorama.ch\/wp-content\/uploads\/2020\/04\/Untitled-design-1-1.png","contentUrl":"https:\/\/edelweiss-panorama.ch\/wp-content\/uploads\/2020\/04\/Untitled-design-1-1.png","width":1080,"height":1080,"caption":"Edelweiss Panorama International"},"image":{"@id":"https:\/\/edelweiss-panorama.ch\/fr\/#\/schema\/logo\/image\/"},"sameAs":["https:\/\/www.facebook.com\/edelweisspanorama","https:\/\/x.com\/EPI_Swiss"]},{"@type":"Person","@id":"https:\/\/edelweiss-panorama.ch\/fr\/#\/schema\/person\/40f339557f1e3168761bba6377cb0829","name":"Fr\u00e9d\u00e9ric Tatu","image":{"@type":"ImageObject","inLanguage":"fr-FR","@id":"https:\/\/secure.gravatar.com\/avatar\/0fe323859f18731575cc1727306a418c1c06adb036da08a42ad58ee43321377e?s=96&d=mm&r=g","url":"https:\/\/secure.gravatar.com\/avatar\/0fe323859f18731575cc1727306a418c1c06adb036da08a42ad58ee43321377e?s=96&d=mm&r=g","contentUrl":"https:\/\/secure.gravatar.com\/avatar\/0fe323859f18731575cc1727306a418c1c06adb036da08a42ad58ee43321377e?s=96&d=mm&r=g","caption":"Frederic Tatu"}}]}},"_links":{"self":[{"href":"https:\/\/edelweiss-panorama.ch\/fr\/wp-json\/wp\/v2\/posts\/47027","targetHints":{"allow":["GET"]}}],"collection":[{"href":"https:\/\/edelweiss-panorama.ch\/fr\/wp-json\/wp\/v2\/posts"}],"about":[{"href":"https:\/\/edelweiss-panorama.ch\/fr\/wp-json\/wp\/v2\/types\/post"}],"author":[{"embeddable":true,"href":"https:\/\/edelweiss-panorama.ch\/fr\/wp-json\/wp\/v2\/users\/10"}],"replies":[{"embeddable":true,"href":"https:\/\/edelweiss-panorama.ch\/fr\/wp-json\/wp\/v2\/comments?post=47027"}],"version-history":[{"count":0,"href":"https:\/\/edelweiss-panorama.ch\/fr\/wp-json\/wp\/v2\/posts\/47027\/revisions"}],"wp:featuredmedia":[{"embeddable":true,"href":"https:\/\/edelweiss-panorama.ch\/fr\/wp-json\/wp\/v2\/media\/47025"}],"wp:attachment":[{"href":"https:\/\/edelweiss-panorama.ch\/fr\/wp-json\/wp\/v2\/media?parent=47027"}],"wp:term":[{"taxonomy":"category","embeddable":true,"href":"https:\/\/edelweiss-panorama.ch\/fr\/wp-json\/wp\/v2\/categories?post=47027"},{"taxonomy":"post_tag","embeddable":true,"href":"https:\/\/edelweiss-panorama.ch\/fr\/wp-json\/wp\/v2\/tags?post=47027"}],"curies":[{"name":"wp","href":"https:\/\/api.w.org\/{rel}","templated":true}]}}