{"id":47169,"date":"2025-05-29T08:07:46","date_gmt":"2025-05-29T06:07:46","guid":{"rendered":"https:\/\/edelweiss-panorama.ch\/celebrating-excellence-and-community-college-du-lemans-outstanding-maturite-suisse-results\/"},"modified":"2025-05-29T11:04:03","modified_gmt":"2025-05-29T09:04:03","slug":"celebrer-lexcellence-et-le-community-college-du-lemans-outstanding-maturite-suisse-results","status":"publish","type":"post","link":"https:\/\/edelweiss-panorama.ch\/fr\/celebrating-excellence-and-community-college-du-lemans-outstanding-maturite-suisse-results\/","title":{"rendered":"C\u00e9l\u00e9brer l'excellence et la communaut\u00e9 : Les r\u00e9sultats exceptionnels de Maturit\u00e9 Suisse du Coll\u00e8ge du L\u00e9man"},"content":{"rendered":"<p>The Swiss Maturit\u00e9 exam results at **Coll\u00e8ge du L\u00e9man** (CDL) have once again highlighted the exceptional achievements of its students, with three of the top four scores in the winter session of the Federal Maturit\u00e9 in Suisse Romande secured by CDL students. Notably, three students scored over 120 points, a milestone never before achieved, with one student reaching an exceptional 122 points. This success is a testament to the students&#8217; *determination* and resilience, as well as the unwavering support and expertise of the CDL community. The Swiss Maturit\u00e9 programme at CDL offers a rigorous, bilingual education that prepares students for both Swiss and international universities, emphasizing broad-based learning and critical thinking. The programme&#8217;s unique structure allows students to develop strong bilingual proficiency, studying subjects like geography and history in English while excelling in their native language. This multicultural and multilingual education equips students with the skills to thrive in universities worldwide, with graduates gaining acceptance to prestigious institutions such as EPFL, UNIGE, and UCL.<\/p>\n<p><img decoding=\"async\" src=\"\/wp-content\/uploads\/2025\/05\/Celebrating-Excellence-and-Community-Coll232ge-du-L233mans-Outstanding-Maturit233-Suisse-Results-2025-05-29T060657.247Z.jpeg\" \/><\/p>\n<p><img decoding=\"async\" src=\"\/wp-content\/uploads\/2025\/05\/Celebrating-Excellence-and-Community-Coll232ge-du-L233mans-Outstanding-Maturit233-Suisse-Results-2025-05-29T060702.692Z-scaled.jpeg\" \/><\/p>\n<p>The excellence of CDL&#8217;s Maturit\u00e9 students is supported by passionate teachers and personalized guidance, with educators acting as mentors and role models. The continuity in teaching and the deep sense of trust built over years enable students to reach their full potential. The Maturit\u00e9 celebration on 13 March 2025, honored these achievements in an atmosphere of pride and emotion, with Hugo Duminil-Copin, a Fields Medal winner, as the guest of honor. This event underscored the values of passion, rigour, and determination that CDL instills in its students. The stories of top-performing students like Alexander and Victoria reflect the personalized support and vibrant community at CDL, where students are encouraged to grow intellectually and personally. As we congratulate the Class of 2025, we look forward to seeing how they will shape the future with the knowledge and confidence gained at **Coll\u00e8ge du L\u00e9man**. For more insights into what makes CDL unique, explore the stories of community, support, and daily life that contribute to such outstanding results. [Learn more about Coll\u00e8ge du L\u00e9man](https:\/\/edelweiss-panorama.ch\/college-du-leman\/) and its *commitment* to excellence in education.<\/p>\n","protected":false},"excerpt":{"rendered":"<p>Le Coll\u00e8ge du L\u00e9man c\u00e9l\u00e8bre les r\u00e9sultats exceptionnels de ses \u00e9l\u00e8ves \u00e0 la Maturit\u00e9 Suisse, soulignant le programme bilingue rigoureux, les enseignants d\u00e9vou\u00e9s et la communaut\u00e9 dynamique qui contribuent \u00e0 leur succ\u00e8s. Les r\u00e9sultats de la promotion 2025, y compris les scores historiques, refl\u00e8tent l'engagement de l'\u00e9cole \u00e0 favoriser l'\u00e9panouissement intellectuel et personnel. <a href=\"https:\/\/edelweiss-panorama.ch\/fr\/college-du-leman\/\">En savoir plus sur le Coll\u00e8ge du L\u00e9man<\/a> et son approche \u00e9ducative unique.<\/p>","protected":false},"author":10,"featured_media":47166,"comment_status":"open","ping_status":"open","sticky":false,"template":"","format":"standard","meta":{"footnotes":""},"categories":[13],"tags":[358],"class_list":["post-47169","post","type-post","status-publish","format-standard","has-post-thumbnail","hentry","category-education","tag-college-du-leman"],"yoast_head":"<!-- This site is optimized with the Yoast SEO plugin v27.5 - https:\/\/yoast.com\/product\/yoast-seo-wordpress\/ -->\n<title>Celebrating Excellence and Community: Coll\u00e8ge du L\u00e9man\u2019s Outstanding Maturit\u00e9 Suisse Results - Edelweiss Panorama International<\/title>\n<meta name=\"robots\" content=\"index, follow, max-snippet:-1, max-image-preview:large, max-video-preview:-1\" \/>\n<link rel=\"canonical\" href=\"https:\/\/edelweiss-panorama.ch\/fr\/celebrer-lexcellence-et-le-community-college-du-lemans-outstanding-maturite-suisse-results\/\" \/>\n<meta property=\"og:locale\" content=\"fr_FR\" \/>\n<meta property=\"og:type\" content=\"article\" \/>\n<meta property=\"og:title\" content=\"Celebrating Excellence and Community: Coll\u00e8ge du L\u00e9man\u2019s Outstanding Maturit\u00e9 Suisse Results - Edelweiss Panorama International\" \/>\n<meta property=\"og:description\" content=\"Coll\u00e8ge du L\u00e9man celebrates its students&#039; exceptional Maturit\u00e9 Suisse results, highlighting the rigorous bilingual programme, dedicated teachers, and vibrant community that contribute to their success. The achievements of the Class of 2025, including historic high scores, reflect the school&#039;s commitment to fostering intellectual and personal growth. Discover more about Coll\u00e8ge du L\u00e9man and its unique educational approach.\" \/>\n<meta property=\"og:url\" content=\"https:\/\/edelweiss-panorama.ch\/fr\/celebrer-lexcellence-et-le-community-college-du-lemans-outstanding-maturite-suisse-results\/\" \/>\n<meta property=\"og:site_name\" content=\"Edelweiss Panorama International\" \/>\n<meta property=\"article:publisher\" content=\"https:\/\/www.facebook.com\/edelweisspanorama\" \/>\n<meta property=\"article:published_time\" content=\"2025-05-29T06:07:46+00:00\" \/>\n<meta property=\"article:modified_time\" content=\"2025-05-29T09:04:03+00:00\" \/>\n<meta property=\"og:image\" content=\"https:\/\/edelweiss-panorama.ch\/wp-content\/uploads\/2025\/05\/Celebrating-Excellence-and-Community-Coll232ge-du-L233mans-Outstanding-Maturit233-Suisse-Results-2025-05-29T060657.247Z.jpeg\" \/>\n\t<meta property=\"og:image:width\" content=\"832\" \/>\n\t<meta property=\"og:image:height\" content=\"468\" \/>\n\t<meta property=\"og:image:type\" content=\"image\/jpeg\" \/>\n<meta name=\"author\" content=\"Frederic Tatu\" \/>\n<meta name=\"twitter:card\" content=\"summary_large_image\" \/>\n<meta name=\"twitter:creator\" content=\"@EPI_Swiss\" \/>\n<meta name=\"twitter:site\" content=\"@EPI_Swiss\" \/>\n<meta name=\"twitter:label1\" content=\"\u00c9crit par\" \/>\n\t<meta name=\"twitter:data1\" content=\"Frederic Tatu\" \/>\n\t<meta name=\"twitter:label2\" content=\"Dur\u00e9e de lecture estim\u00e9e\" \/>\n\t<meta name=\"twitter:data2\" content=\"3 minutes\" \/>\n<script type=\"application\/ld+json\" class=\"yoast-schema-graph\">{\"@context\":\"https:\\\/\\\/schema.org\",\"@graph\":[{\"@type\":\"Article\",\"@id\":\"https:\\\/\\\/edelweiss-panorama.ch\\\/celebrating-excellence-and-community-college-du-lemans-outstanding-maturite-suisse-results\\\/#article\",\"isPartOf\":{\"@id\":\"https:\\\/\\\/edelweiss-panorama.ch\\\/celebrating-excellence-and-community-college-du-lemans-outstanding-maturite-suisse-results\\\/\"},\"author\":{\"name\":\"Frederic Tatu\",\"@id\":\"https:\\\/\\\/edelweiss-panorama.ch\\\/fr\\\/#\\\/schema\\\/person\\\/40f339557f1e3168761bba6377cb0829\"},\"headline\":\"Celebrating Excellence and Community: Coll\u00e8ge du L\u00e9man\u2019s Outstanding Maturit\u00e9 Suisse Results\",\"datePublished\":\"2025-05-29T06:07:46+00:00\",\"dateModified\":\"2025-05-29T09:04:03+00:00\",\"mainEntityOfPage\":{\"@id\":\"https:\\\/\\\/edelweiss-panorama.ch\\\/celebrating-excellence-and-community-college-du-lemans-outstanding-maturite-suisse-results\\\/\"},\"wordCount\":363,\"commentCount\":0,\"publisher\":{\"@id\":\"https:\\\/\\\/edelweiss-panorama.ch\\\/fr\\\/#organization\"},\"image\":{\"@id\":\"https:\\\/\\\/edelweiss-panorama.ch\\\/celebrating-excellence-and-community-college-du-lemans-outstanding-maturite-suisse-results\\\/#primaryimage\"},\"thumbnailUrl\":\"https:\\\/\\\/edelweiss-panorama.ch\\\/wp-content\\\/uploads\\\/2025\\\/05\\\/Celebrating-Excellence-and-Community-Coll232ge-du-L233mans-Outstanding-Maturit233-Suisse-Results-2025-05-29T060657.247Z.jpeg\",\"keywords\":[\"Coll\u00e8ge du L\u00e9man\"],\"articleSection\":[\"Education\"],\"inLanguage\":\"fr-FR\",\"potentialAction\":[{\"@type\":\"CommentAction\",\"name\":\"Comment\",\"target\":[\"https:\\\/\\\/edelweiss-panorama.ch\\\/celebrating-excellence-and-community-college-du-lemans-outstanding-maturite-suisse-results\\\/#respond\"]}]},{\"@type\":\"WebPage\",\"@id\":\"https:\\\/\\\/edelweiss-panorama.ch\\\/celebrating-excellence-and-community-college-du-lemans-outstanding-maturite-suisse-results\\\/\",\"url\":\"https:\\\/\\\/edelweiss-panorama.ch\\\/celebrating-excellence-and-community-college-du-lemans-outstanding-maturite-suisse-results\\\/\",\"name\":\"Celebrating Excellence and Community: Coll\u00e8ge du L\u00e9man\u2019s Outstanding Maturit\u00e9 Suisse Results - Edelweiss Panorama International\",\"isPartOf\":{\"@id\":\"https:\\\/\\\/edelweiss-panorama.ch\\\/fr\\\/#website\"},\"primaryImageOfPage\":{\"@id\":\"https:\\\/\\\/edelweiss-panorama.ch\\\/celebrating-excellence-and-community-college-du-lemans-outstanding-maturite-suisse-results\\\/#primaryimage\"},\"image\":{\"@id\":\"https:\\\/\\\/edelweiss-panorama.ch\\\/celebrating-excellence-and-community-college-du-lemans-outstanding-maturite-suisse-results\\\/#primaryimage\"},\"thumbnailUrl\":\"https:\\\/\\\/edelweiss-panorama.ch\\\/wp-content\\\/uploads\\\/2025\\\/05\\\/Celebrating-Excellence-and-Community-Coll232ge-du-L233mans-Outstanding-Maturit233-Suisse-Results-2025-05-29T060657.247Z.jpeg\",\"datePublished\":\"2025-05-29T06:07:46+00:00\",\"dateModified\":\"2025-05-29T09:04:03+00:00\",\"breadcrumb\":{\"@id\":\"https:\\\/\\\/edelweiss-panorama.ch\\\/celebrating-excellence-and-community-college-du-lemans-outstanding-maturite-suisse-results\\\/#breadcrumb\"},\"inLanguage\":\"fr-FR\",\"potentialAction\":[{\"@type\":\"ReadAction\",\"target\":[\"https:\\\/\\\/edelweiss-panorama.ch\\\/celebrating-excellence-and-community-college-du-lemans-outstanding-maturite-suisse-results\\\/\"]}]},{\"@type\":\"ImageObject\",\"inLanguage\":\"fr-FR\",\"@id\":\"https:\\\/\\\/edelweiss-panorama.ch\\\/celebrating-excellence-and-community-college-du-lemans-outstanding-maturite-suisse-results\\\/#primaryimage\",\"url\":\"https:\\\/\\\/edelweiss-panorama.ch\\\/wp-content\\\/uploads\\\/2025\\\/05\\\/Celebrating-Excellence-and-Community-Coll232ge-du-L233mans-Outstanding-Maturit233-Suisse-Results-2025-05-29T060657.247Z.jpeg\",\"contentUrl\":\"https:\\\/\\\/edelweiss-panorama.ch\\\/wp-content\\\/uploads\\\/2025\\\/05\\\/Celebrating-Excellence-and-Community-Coll232ge-du-L233mans-Outstanding-Maturit233-Suisse-Results-2025-05-29T060657.247Z.jpeg\",\"width\":832,\"height\":468},{\"@type\":\"BreadcrumbList\",\"@id\":\"https:\\\/\\\/edelweiss-panorama.ch\\\/celebrating-excellence-and-community-college-du-lemans-outstanding-maturite-suisse-results\\\/#breadcrumb\",\"itemListElement\":[{\"@type\":\"ListItem\",\"position\":1,\"name\":\"Home\",\"item\":\"https:\\\/\\\/edelweiss-panorama.ch\\\/\"},{\"@type\":\"ListItem\",\"position\":2,\"name\":\"Celebrating Excellence and Community: Coll\u00e8ge du L\u00e9man\u2019s Outstanding Maturit\u00e9 Suisse Results\"}]},{\"@type\":\"WebSite\",\"@id\":\"https:\\\/\\\/edelweiss-panorama.ch\\\/fr\\\/#website\",\"url\":\"https:\\\/\\\/edelweiss-panorama.ch\\\/fr\\\/\",\"name\":\"Edelweiss Panorama International\",\"description\":\"Allows you to live and thrive every corner of the world.\",\"publisher\":{\"@id\":\"https:\\\/\\\/edelweiss-panorama.ch\\\/fr\\\/#organization\"},\"potentialAction\":[{\"@type\":\"SearchAction\",\"target\":{\"@type\":\"EntryPoint\",\"urlTemplate\":\"https:\\\/\\\/edelweiss-panorama.ch\\\/fr\\\/?s={search_term_string}\"},\"query-input\":{\"@type\":\"PropertyValueSpecification\",\"valueRequired\":true,\"valueName\":\"search_term_string\"}}],\"inLanguage\":\"fr-FR\"},{\"@type\":\"Organization\",\"@id\":\"https:\\\/\\\/edelweiss-panorama.ch\\\/fr\\\/#organization\",\"name\":\"Edelweiss Panorama International\",\"url\":\"https:\\\/\\\/edelweiss-panorama.ch\\\/fr\\\/\",\"logo\":{\"@type\":\"ImageObject\",\"inLanguage\":\"fr-FR\",\"@id\":\"https:\\\/\\\/edelweiss-panorama.ch\\\/fr\\\/#\\\/schema\\\/logo\\\/image\\\/\",\"url\":\"https:\\\/\\\/edelweiss-panorama.ch\\\/wp-content\\\/uploads\\\/2020\\\/04\\\/Untitled-design-1-1.png\",\"contentUrl\":\"https:\\\/\\\/edelweiss-panorama.ch\\\/wp-content\\\/uploads\\\/2020\\\/04\\\/Untitled-design-1-1.png\",\"width\":1080,\"height\":1080,\"caption\":\"Edelweiss Panorama International\"},\"image\":{\"@id\":\"https:\\\/\\\/edelweiss-panorama.ch\\\/fr\\\/#\\\/schema\\\/logo\\\/image\\\/\"},\"sameAs\":[\"https:\\\/\\\/www.facebook.com\\\/edelweisspanorama\",\"https:\\\/\\\/x.com\\\/EPI_Swiss\"]},{\"@type\":\"Person\",\"@id\":\"https:\\\/\\\/edelweiss-panorama.ch\\\/fr\\\/#\\\/schema\\\/person\\\/40f339557f1e3168761bba6377cb0829\",\"name\":\"Frederic Tatu\",\"image\":{\"@type\":\"ImageObject\",\"inLanguage\":\"fr-FR\",\"@id\":\"https:\\\/\\\/secure.gravatar.com\\\/avatar\\\/0fe323859f18731575cc1727306a418c1c06adb036da08a42ad58ee43321377e?s=96&d=mm&r=g\",\"url\":\"https:\\\/\\\/secure.gravatar.com\\\/avatar\\\/0fe323859f18731575cc1727306a418c1c06adb036da08a42ad58ee43321377e?s=96&d=mm&r=g\",\"contentUrl\":\"https:\\\/\\\/secure.gravatar.com\\\/avatar\\\/0fe323859f18731575cc1727306a418c1c06adb036da08a42ad58ee43321377e?s=96&d=mm&r=g\",\"caption\":\"Frederic Tatu\"}}]}<\/script>\n<!-- \/ Yoast SEO plugin. -->","yoast_head_json":{"title":"C\u00e9l\u00e9brer l'excellence et la communaut\u00e9 : Les r\u00e9sultats exceptionnels de Maturit\u00e9 Suisse du Coll\u00e8ge du L\u00e9man - Edelweiss Panorama International","robots":{"index":"index","follow":"follow","max-snippet":"max-snippet:-1","max-image-preview":"max-image-preview:large","max-video-preview":"max-video-preview:-1"},"canonical":"https:\/\/edelweiss-panorama.ch\/fr\/celebrer-lexcellence-et-le-community-college-du-lemans-outstanding-maturite-suisse-results\/","og_locale":"fr_FR","og_type":"article","og_title":"Celebrating Excellence and Community: Coll\u00e8ge du L\u00e9man\u2019s Outstanding Maturit\u00e9 Suisse Results - Edelweiss Panorama International","og_description":"Coll\u00e8ge du L\u00e9man celebrates its students' exceptional Maturit\u00e9 Suisse results, highlighting the rigorous bilingual programme, dedicated teachers, and vibrant community that contribute to their success. The achievements of the Class of 2025, including historic high scores, reflect the school's commitment to fostering intellectual and personal growth. Discover more about Coll\u00e8ge du L\u00e9man and its unique educational approach.","og_url":"https:\/\/edelweiss-panorama.ch\/fr\/celebrer-lexcellence-et-le-community-college-du-lemans-outstanding-maturite-suisse-results\/","og_site_name":"Edelweiss Panorama International","article_publisher":"https:\/\/www.facebook.com\/edelweisspanorama","article_published_time":"2025-05-29T06:07:46+00:00","article_modified_time":"2025-05-29T09:04:03+00:00","og_image":[{"width":832,"height":468,"url":"https:\/\/edelweiss-panorama.ch\/wp-content\/uploads\/2025\/05\/Celebrating-Excellence-and-Community-Coll232ge-du-L233mans-Outstanding-Maturit233-Suisse-Results-2025-05-29T060657.247Z.jpeg","type":"image\/jpeg"}],"author":"Frederic Tatu","twitter_card":"summary_large_image","twitter_creator":"@EPI_Swiss","twitter_site":"@EPI_Swiss","twitter_misc":{"\u00c9crit par":"Frederic Tatu","Dur\u00e9e de lecture estim\u00e9e":"3 minutes"},"schema":{"@context":"https:\/\/schema.org","@graph":[{"@type":"Article","@id":"https:\/\/edelweiss-panorama.ch\/celebrating-excellence-and-community-college-du-lemans-outstanding-maturite-suisse-results\/#article","isPartOf":{"@id":"https:\/\/edelweiss-panorama.ch\/celebrating-excellence-and-community-college-du-lemans-outstanding-maturite-suisse-results\/"},"author":{"name":"Frederic Tatu","@id":"https:\/\/edelweiss-panorama.ch\/fr\/#\/schema\/person\/40f339557f1e3168761bba6377cb0829"},"headline":"Celebrating Excellence and Community: Coll\u00e8ge du L\u00e9man\u2019s Outstanding Maturit\u00e9 Suisse Results","datePublished":"2025-05-29T06:07:46+00:00","dateModified":"2025-05-29T09:04:03+00:00","mainEntityOfPage":{"@id":"https:\/\/edelweiss-panorama.ch\/celebrating-excellence-and-community-college-du-lemans-outstanding-maturite-suisse-results\/"},"wordCount":363,"commentCount":0,"publisher":{"@id":"https:\/\/edelweiss-panorama.ch\/fr\/#organization"},"image":{"@id":"https:\/\/edelweiss-panorama.ch\/celebrating-excellence-and-community-college-du-lemans-outstanding-maturite-suisse-results\/#primaryimage"},"thumbnailUrl":"https:\/\/edelweiss-panorama.ch\/wp-content\/uploads\/2025\/05\/Celebrating-Excellence-and-Community-Coll232ge-du-L233mans-Outstanding-Maturit233-Suisse-Results-2025-05-29T060657.247Z.jpeg","keywords":["Coll\u00e8ge du L\u00e9man"],"articleSection":["Education"],"inLanguage":"fr-FR","potentialAction":[{"@type":"CommentAction","name":"Comment","target":["https:\/\/edelweiss-panorama.ch\/celebrating-excellence-and-community-college-du-lemans-outstanding-maturite-suisse-results\/#respond"]}]},{"@type":"WebPage","@id":"https:\/\/edelweiss-panorama.ch\/celebrating-excellence-and-community-college-du-lemans-outstanding-maturite-suisse-results\/","url":"https:\/\/edelweiss-panorama.ch\/celebrating-excellence-and-community-college-du-lemans-outstanding-maturite-suisse-results\/","name":"C\u00e9l\u00e9brer l'excellence et la communaut\u00e9 : Les r\u00e9sultats exceptionnels de Maturit\u00e9 Suisse du Coll\u00e8ge du L\u00e9man - Edelweiss Panorama International","isPartOf":{"@id":"https:\/\/edelweiss-panorama.ch\/fr\/#website"},"primaryImageOfPage":{"@id":"https:\/\/edelweiss-panorama.ch\/celebrating-excellence-and-community-college-du-lemans-outstanding-maturite-suisse-results\/#primaryimage"},"image":{"@id":"https:\/\/edelweiss-panorama.ch\/celebrating-excellence-and-community-college-du-lemans-outstanding-maturite-suisse-results\/#primaryimage"},"thumbnailUrl":"https:\/\/edelweiss-panorama.ch\/wp-content\/uploads\/2025\/05\/Celebrating-Excellence-and-Community-Coll232ge-du-L233mans-Outstanding-Maturit233-Suisse-Results-2025-05-29T060657.247Z.jpeg","datePublished":"2025-05-29T06:07:46+00:00","dateModified":"2025-05-29T09:04:03+00:00","breadcrumb":{"@id":"https:\/\/edelweiss-panorama.ch\/celebrating-excellence-and-community-college-du-lemans-outstanding-maturite-suisse-results\/#breadcrumb"},"inLanguage":"fr-FR","potentialAction":[{"@type":"ReadAction","target":["https:\/\/edelweiss-panorama.ch\/celebrating-excellence-and-community-college-du-lemans-outstanding-maturite-suisse-results\/"]}]},{"@type":"ImageObject","inLanguage":"fr-FR","@id":"https:\/\/edelweiss-panorama.ch\/celebrating-excellence-and-community-college-du-lemans-outstanding-maturite-suisse-results\/#primaryimage","url":"https:\/\/edelweiss-panorama.ch\/wp-content\/uploads\/2025\/05\/Celebrating-Excellence-and-Community-Coll232ge-du-L233mans-Outstanding-Maturit233-Suisse-Results-2025-05-29T060657.247Z.jpeg","contentUrl":"https:\/\/edelweiss-panorama.ch\/wp-content\/uploads\/2025\/05\/Celebrating-Excellence-and-Community-Coll232ge-du-L233mans-Outstanding-Maturit233-Suisse-Results-2025-05-29T060657.247Z.jpeg","width":832,"height":468},{"@type":"BreadcrumbList","@id":"https:\/\/edelweiss-panorama.ch\/celebrating-excellence-and-community-college-du-lemans-outstanding-maturite-suisse-results\/#breadcrumb","itemListElement":[{"@type":"ListItem","position":1,"name":"Home","item":"https:\/\/edelweiss-panorama.ch\/"},{"@type":"ListItem","position":2,"name":"Celebrating Excellence and Community: Coll\u00e8ge du L\u00e9man\u2019s Outstanding Maturit\u00e9 Suisse Results"}]},{"@type":"WebSite","@id":"https:\/\/edelweiss-panorama.ch\/fr\/#website","url":"https:\/\/edelweiss-panorama.ch\/fr\/","name":"Edelweiss Panorama International","description":"Il vous permet de vivre et de prosp\u00e9rer aux quatre coins du monde.","publisher":{"@id":"https:\/\/edelweiss-panorama.ch\/fr\/#organization"},"potentialAction":[{"@type":"SearchAction","target":{"@type":"EntryPoint","urlTemplate":"https:\/\/edelweiss-panorama.ch\/fr\/?s={search_term_string}"},"query-input":{"@type":"PropertyValueSpecification","valueRequired":true,"valueName":"search_term_string"}}],"inLanguage":"fr-FR"},{"@type":"Organization","@id":"https:\/\/edelweiss-panorama.ch\/fr\/#organization","name":"Edelweiss Panorama International","url":"https:\/\/edelweiss-panorama.ch\/fr\/","logo":{"@type":"ImageObject","inLanguage":"fr-FR","@id":"https:\/\/edelweiss-panorama.ch\/fr\/#\/schema\/logo\/image\/","url":"https:\/\/edelweiss-panorama.ch\/wp-content\/uploads\/2020\/04\/Untitled-design-1-1.png","contentUrl":"https:\/\/edelweiss-panorama.ch\/wp-content\/uploads\/2020\/04\/Untitled-design-1-1.png","width":1080,"height":1080,"caption":"Edelweiss Panorama International"},"image":{"@id":"https:\/\/edelweiss-panorama.ch\/fr\/#\/schema\/logo\/image\/"},"sameAs":["https:\/\/www.facebook.com\/edelweisspanorama","https:\/\/x.com\/EPI_Swiss"]},{"@type":"Person","@id":"https:\/\/edelweiss-panorama.ch\/fr\/#\/schema\/person\/40f339557f1e3168761bba6377cb0829","name":"Fr\u00e9d\u00e9ric Tatu","image":{"@type":"ImageObject","inLanguage":"fr-FR","@id":"https:\/\/secure.gravatar.com\/avatar\/0fe323859f18731575cc1727306a418c1c06adb036da08a42ad58ee43321377e?s=96&d=mm&r=g","url":"https:\/\/secure.gravatar.com\/avatar\/0fe323859f18731575cc1727306a418c1c06adb036da08a42ad58ee43321377e?s=96&d=mm&r=g","contentUrl":"https:\/\/secure.gravatar.com\/avatar\/0fe323859f18731575cc1727306a418c1c06adb036da08a42ad58ee43321377e?s=96&d=mm&r=g","caption":"Frederic Tatu"}}]}},"_links":{"self":[{"href":"https:\/\/edelweiss-panorama.ch\/fr\/wp-json\/wp\/v2\/posts\/47169","targetHints":{"allow":["GET"]}}],"collection":[{"href":"https:\/\/edelweiss-panorama.ch\/fr\/wp-json\/wp\/v2\/posts"}],"about":[{"href":"https:\/\/edelweiss-panorama.ch\/fr\/wp-json\/wp\/v2\/types\/post"}],"author":[{"embeddable":true,"href":"https:\/\/edelweiss-panorama.ch\/fr\/wp-json\/wp\/v2\/users\/10"}],"replies":[{"embeddable":true,"href":"https:\/\/edelweiss-panorama.ch\/fr\/wp-json\/wp\/v2\/comments?post=47169"}],"version-history":[{"count":1,"href":"https:\/\/edelweiss-panorama.ch\/fr\/wp-json\/wp\/v2\/posts\/47169\/revisions"}],"predecessor-version":[{"id":47222,"href":"https:\/\/edelweiss-panorama.ch\/fr\/wp-json\/wp\/v2\/posts\/47169\/revisions\/47222"}],"wp:featuredmedia":[{"embeddable":true,"href":"https:\/\/edelweiss-panorama.ch\/fr\/wp-json\/wp\/v2\/media\/47166"}],"wp:attachment":[{"href":"https:\/\/edelweiss-panorama.ch\/fr\/wp-json\/wp\/v2\/media?parent=47169"}],"wp:term":[{"taxonomy":"category","embeddable":true,"href":"https:\/\/edelweiss-panorama.ch\/fr\/wp-json\/wp\/v2\/categories?post=47169"},{"taxonomy":"post_tag","embeddable":true,"href":"https:\/\/edelweiss-panorama.ch\/fr\/wp-json\/wp\/v2\/tags?post=47169"}],"curies":[{"name":"wp","href":"https:\/\/api.w.org\/{rel}","templated":true}]}}