{"id":47180,"date":"2025-05-29T08:10:23","date_gmt":"2025-05-29T06:10:23","guid":{"rendered":"https:\/\/edelweiss-panorama.ch\/celebrating-outstanding-academic-achievements-of-the-class-of-2024-at-college-du-leman\/"},"modified":"2025-05-29T08:10:23","modified_gmt":"2025-05-29T06:10:23","slug":"celebration-des-resultats-academiques-exceptionnels-de-la-promotion-2024-au-college-du-leman","status":"publish","type":"post","link":"https:\/\/edelweiss-panorama.ch\/fr\/celebrating-outstanding-academic-achievements-of-the-class-of-2024-at-college-du-leman\/","title":{"rendered":"C\u00e9l\u00e9bration des r\u00e9sultats scolaires exceptionnels de la promotion 2024 au Coll\u00e8ge du L\u00e9man"},"content":{"rendered":"<p>The Class of 2024 at *Coll\u00e8ge du L\u00e9man* has set a new benchmark for academic excellence, with the largest graduating cohort in the school&#8217;s history achieving remarkable results across various international diplomas. This year, 214 students celebrated their graduation, showcasing the effectiveness of the school&#8217;s personalised and holistic educational approach. The International Baccalaureate Diploma Programme (IBDP) and the International Baccalaureate Career-related Programme (IBCP) both saw a perfect pass rate of 100%, a testament to the students&#8217; dedication and the school&#8217;s commitment to academic rigor. Similarly, the Swiss Maturit\u00e9 and French Baccalaureate programs maintained their flawless pass rates, with students achieving outstanding scores. The American High School Diploma was awarded to 99.4% of the candidates, and Advanced Placement (AP) exams saw an 82% pass rate, significantly higher than the global average. These achievements were celebrated at a memorable Graduation Ceremony at Th\u00e9\u00e2tre du L\u00e9man, marking a significant milestone in the students&#8217; academic journeys.<\/p>\n<p><img decoding=\"async\" src=\"\/wp-content\/uploads\/2025\/05\/Celebrating-excellent-academic-results-for-the-Class-of-2024-2025-05-29T060904.436Z.jpeg\" \/><br \/>\n<img decoding=\"async\" src=\"\/wp-content\/uploads\/2025\/05\/Celebrating-excellent-academic-results-for-the-Class-of-2024-2025-05-29T060908.156Z-scaled.jpeg\" \/><br \/>\n<img decoding=\"async\" src=\"\/wp-content\/uploads\/2025\/05\/Celebrating-excellent-academic-results-for-the-Class-of-2024-2025-05-29T060915.846Z.jpeg\" \/><br \/>\n<img decoding=\"async\" src=\"\/wp-content\/uploads\/2025\/05\/Celebrating-excellent-academic-results-for-the-Class-of-2024-2025-05-29T060920.403Z.jpeg\" \/><br \/>\n<img decoding=\"async\" src=\"\/wp-content\/uploads\/2025\/05\/Celebrating-excellent-academic-results-for-the-Class-of-2024-2025-05-29T060926.362Z.jpeg\" \/><\/p>\n<p>The **International Baccalaureate** (IB) programs at Coll\u00e8ge du L\u00e9man have once again demonstrated their excellence, with the IBDP students achieving an average diploma score of 35, surpassing the global average. The IBCP students&#8217; success in their career-related studies further highlights the program&#8217;s strength in preparing students for the future. On the francophone side, the Swiss Maturit\u00e9 and French Baccalaur\u00e9at results were equally impressive, with students achieving high honours and distinctions. The IGCSE results also reflected the strong academic foundation provided by the school, with a significant percentage of students achieving top grades. Beyond academics, the Class of 2024 has secured placements at prestigious universities worldwide, including University College London, Imperial College London, and the Ecole Polytechnique F\u00e9d\u00e9rale de Lausanne, among others. This success is a reflection of the students&#8217; hard work, the educators&#8217; dedication, and the supportive environment at [Coll\u00e8ge du L\u00e9man](https:\/\/edelweiss-panorama.ch\/college-du-leman\/). The school&#8217;s RISE values\u2014Respect, Internationalism, Spirit, and Excellence\u2014have clearly guided the students to achieve their full potential. Congratulations to the Class of 2024 for their exemplary achievements and best wishes for their future endeavors at [Coll\u00e8ge du L\u00e9man](https:\/\/edelweiss-panorama.ch\/college-du-leman\/) and beyond.<\/p>\n","protected":false},"excerpt":{"rendered":"<p>La promotion 2024 du Coll\u00e8ge du L\u00e9man a obtenu des r\u00e9sultats scolaires exceptionnels dans le cadre de divers dipl\u00f4mes internationaux, notamment un taux de r\u00e9ussite de 100% \u00e0 l'IBDP et \u00e0 l'IBCP, ainsi que des performances impressionnantes dans les programmes de maturit\u00e9 suisse, de baccalaur\u00e9at fran\u00e7ais et d'American High School. Leur succ\u00e8s t\u00e9moigne de l'engagement de l'\u00e9cole en faveur de l'excellence acad\u00e9mique et de l'\u00e9ducation holistique, les dipl\u00f4m\u00e9s obtenant des places dans les meilleures universit\u00e9s du monde.<\/p>","protected":false},"author":10,"featured_media":47175,"comment_status":"open","ping_status":"open","sticky":false,"template":"","format":"standard","meta":{"footnotes":""},"categories":[13],"tags":[358],"class_list":["post-47180","post","type-post","status-publish","format-standard","has-post-thumbnail","hentry","category-education","tag-college-du-leman"],"yoast_head":"<!-- This site is optimized with the Yoast SEO plugin v27.5 - https:\/\/yoast.com\/product\/yoast-seo-wordpress\/ -->\n<title>Celebrating Outstanding Academic Achievements of the Class of 2024 at Coll\u00e8ge du L\u00e9man - Edelweiss Panorama International<\/title>\n<meta name=\"robots\" content=\"index, follow, max-snippet:-1, max-image-preview:large, max-video-preview:-1\" \/>\n<link rel=\"canonical\" href=\"https:\/\/edelweiss-panorama.ch\/fr\/celebration-des-resultats-academiques-exceptionnels-de-la-promotion-2024-au-college-du-leman\/\" \/>\n<meta property=\"og:locale\" content=\"fr_FR\" \/>\n<meta property=\"og:type\" content=\"article\" \/>\n<meta property=\"og:title\" content=\"Celebrating Outstanding Academic Achievements of the Class of 2024 at Coll\u00e8ge du L\u00e9man - Edelweiss Panorama International\" \/>\n<meta property=\"og:description\" content=\"The Class of 2024 at Coll\u00e8ge du L\u00e9man has achieved outstanding academic results across various international diplomas, including a 100% pass rate in the IBDP and IBCP, and impressive performances in the Swiss Maturit\u00e9, French Baccalaur\u00e9at, and American High School programs. Their success is a testament to the school&#039;s commitment to academic excellence and holistic education, with graduates securing places at top universities worldwide.\" \/>\n<meta property=\"og:url\" content=\"https:\/\/edelweiss-panorama.ch\/fr\/celebration-des-resultats-academiques-exceptionnels-de-la-promotion-2024-au-college-du-leman\/\" \/>\n<meta property=\"og:site_name\" content=\"Edelweiss Panorama International\" \/>\n<meta property=\"article:publisher\" content=\"https:\/\/www.facebook.com\/edelweisspanorama\" \/>\n<meta property=\"article:published_time\" content=\"2025-05-29T06:10:23+00:00\" \/>\n<meta name=\"author\" content=\"Frederic Tatu\" \/>\n<meta name=\"twitter:card\" content=\"summary_large_image\" \/>\n<meta name=\"twitter:creator\" content=\"@EPI_Swiss\" \/>\n<meta name=\"twitter:site\" content=\"@EPI_Swiss\" \/>\n<meta name=\"twitter:label1\" content=\"\u00c9crit par\" \/>\n\t<meta name=\"twitter:data1\" content=\"Frederic Tatu\" \/>\n\t<meta name=\"twitter:label2\" content=\"Dur\u00e9e de lecture estim\u00e9e\" \/>\n\t<meta name=\"twitter:data2\" content=\"2 minutes\" \/>\n<script type=\"application\/ld+json\" class=\"yoast-schema-graph\">{\"@context\":\"https:\\\/\\\/schema.org\",\"@graph\":[{\"@type\":\"Article\",\"@id\":\"https:\\\/\\\/edelweiss-panorama.ch\\\/celebrating-outstanding-academic-achievements-of-the-class-of-2024-at-college-du-leman\\\/#article\",\"isPartOf\":{\"@id\":\"https:\\\/\\\/edelweiss-panorama.ch\\\/celebrating-outstanding-academic-achievements-of-the-class-of-2024-at-college-du-leman\\\/\"},\"author\":{\"name\":\"Frederic Tatu\",\"@id\":\"https:\\\/\\\/edelweiss-panorama.ch\\\/fr\\\/#\\\/schema\\\/person\\\/40f339557f1e3168761bba6377cb0829\"},\"headline\":\"Celebrating Outstanding Academic Achievements of the Class of 2024 at Coll\u00e8ge du L\u00e9man\",\"datePublished\":\"2025-05-29T06:10:23+00:00\",\"mainEntityOfPage\":{\"@id\":\"https:\\\/\\\/edelweiss-panorama.ch\\\/celebrating-outstanding-academic-achievements-of-the-class-of-2024-at-college-du-leman\\\/\"},\"wordCount\":368,\"commentCount\":0,\"publisher\":{\"@id\":\"https:\\\/\\\/edelweiss-panorama.ch\\\/fr\\\/#organization\"},\"image\":{\"@id\":\"https:\\\/\\\/edelweiss-panorama.ch\\\/celebrating-outstanding-academic-achievements-of-the-class-of-2024-at-college-du-leman\\\/#primaryimage\"},\"thumbnailUrl\":\"https:\\\/\\\/edelweiss-panorama.ch\\\/wp-content\\\/uploads\\\/2025\\\/05\\\/Celebrating-excellent-academic-results-for-the-Class-of-2024-2025-05-29T060904.436Z.jpeg\",\"keywords\":[\"Coll\u00e8ge du L\u00e9man\"],\"articleSection\":[\"Education\"],\"inLanguage\":\"fr-FR\",\"potentialAction\":[{\"@type\":\"CommentAction\",\"name\":\"Comment\",\"target\":[\"https:\\\/\\\/edelweiss-panorama.ch\\\/celebrating-outstanding-academic-achievements-of-the-class-of-2024-at-college-du-leman\\\/#respond\"]}]},{\"@type\":\"WebPage\",\"@id\":\"https:\\\/\\\/edelweiss-panorama.ch\\\/celebrating-outstanding-academic-achievements-of-the-class-of-2024-at-college-du-leman\\\/\",\"url\":\"https:\\\/\\\/edelweiss-panorama.ch\\\/celebrating-outstanding-academic-achievements-of-the-class-of-2024-at-college-du-leman\\\/\",\"name\":\"Celebrating Outstanding Academic Achievements of the Class of 2024 at Coll\u00e8ge du L\u00e9man - Edelweiss Panorama International\",\"isPartOf\":{\"@id\":\"https:\\\/\\\/edelweiss-panorama.ch\\\/fr\\\/#website\"},\"primaryImageOfPage\":{\"@id\":\"https:\\\/\\\/edelweiss-panorama.ch\\\/celebrating-outstanding-academic-achievements-of-the-class-of-2024-at-college-du-leman\\\/#primaryimage\"},\"image\":{\"@id\":\"https:\\\/\\\/edelweiss-panorama.ch\\\/celebrating-outstanding-academic-achievements-of-the-class-of-2024-at-college-du-leman\\\/#primaryimage\"},\"thumbnailUrl\":\"https:\\\/\\\/edelweiss-panorama.ch\\\/wp-content\\\/uploads\\\/2025\\\/05\\\/Celebrating-excellent-academic-results-for-the-Class-of-2024-2025-05-29T060904.436Z.jpeg\",\"datePublished\":\"2025-05-29T06:10:23+00:00\",\"breadcrumb\":{\"@id\":\"https:\\\/\\\/edelweiss-panorama.ch\\\/celebrating-outstanding-academic-achievements-of-the-class-of-2024-at-college-du-leman\\\/#breadcrumb\"},\"inLanguage\":\"fr-FR\",\"potentialAction\":[{\"@type\":\"ReadAction\",\"target\":[\"https:\\\/\\\/edelweiss-panorama.ch\\\/celebrating-outstanding-academic-achievements-of-the-class-of-2024-at-college-du-leman\\\/\"]}]},{\"@type\":\"ImageObject\",\"inLanguage\":\"fr-FR\",\"@id\":\"https:\\\/\\\/edelweiss-panorama.ch\\\/celebrating-outstanding-academic-achievements-of-the-class-of-2024-at-college-du-leman\\\/#primaryimage\",\"url\":\"https:\\\/\\\/edelweiss-panorama.ch\\\/wp-content\\\/uploads\\\/2025\\\/05\\\/Celebrating-excellent-academic-results-for-the-Class-of-2024-2025-05-29T060904.436Z.jpeg\",\"contentUrl\":\"https:\\\/\\\/edelweiss-panorama.ch\\\/wp-content\\\/uploads\\\/2025\\\/05\\\/Celebrating-excellent-academic-results-for-the-Class-of-2024-2025-05-29T060904.436Z.jpeg\",\"width\":832,\"height\":468},{\"@type\":\"BreadcrumbList\",\"@id\":\"https:\\\/\\\/edelweiss-panorama.ch\\\/celebrating-outstanding-academic-achievements-of-the-class-of-2024-at-college-du-leman\\\/#breadcrumb\",\"itemListElement\":[{\"@type\":\"ListItem\",\"position\":1,\"name\":\"Home\",\"item\":\"https:\\\/\\\/edelweiss-panorama.ch\\\/\"},{\"@type\":\"ListItem\",\"position\":2,\"name\":\"Celebrating Outstanding Academic Achievements of the Class of 2024 at Coll\u00e8ge du L\u00e9man\"}]},{\"@type\":\"WebSite\",\"@id\":\"https:\\\/\\\/edelweiss-panorama.ch\\\/fr\\\/#website\",\"url\":\"https:\\\/\\\/edelweiss-panorama.ch\\\/fr\\\/\",\"name\":\"Edelweiss Panorama International\",\"description\":\"Allows you to live and thrive every corner of the world.\",\"publisher\":{\"@id\":\"https:\\\/\\\/edelweiss-panorama.ch\\\/fr\\\/#organization\"},\"potentialAction\":[{\"@type\":\"SearchAction\",\"target\":{\"@type\":\"EntryPoint\",\"urlTemplate\":\"https:\\\/\\\/edelweiss-panorama.ch\\\/fr\\\/?s={search_term_string}\"},\"query-input\":{\"@type\":\"PropertyValueSpecification\",\"valueRequired\":true,\"valueName\":\"search_term_string\"}}],\"inLanguage\":\"fr-FR\"},{\"@type\":\"Organization\",\"@id\":\"https:\\\/\\\/edelweiss-panorama.ch\\\/fr\\\/#organization\",\"name\":\"Edelweiss Panorama International\",\"url\":\"https:\\\/\\\/edelweiss-panorama.ch\\\/fr\\\/\",\"logo\":{\"@type\":\"ImageObject\",\"inLanguage\":\"fr-FR\",\"@id\":\"https:\\\/\\\/edelweiss-panorama.ch\\\/fr\\\/#\\\/schema\\\/logo\\\/image\\\/\",\"url\":\"https:\\\/\\\/edelweiss-panorama.ch\\\/wp-content\\\/uploads\\\/2020\\\/04\\\/Untitled-design-1-1.png\",\"contentUrl\":\"https:\\\/\\\/edelweiss-panorama.ch\\\/wp-content\\\/uploads\\\/2020\\\/04\\\/Untitled-design-1-1.png\",\"width\":1080,\"height\":1080,\"caption\":\"Edelweiss Panorama International\"},\"image\":{\"@id\":\"https:\\\/\\\/edelweiss-panorama.ch\\\/fr\\\/#\\\/schema\\\/logo\\\/image\\\/\"},\"sameAs\":[\"https:\\\/\\\/www.facebook.com\\\/edelweisspanorama\",\"https:\\\/\\\/x.com\\\/EPI_Swiss\"]},{\"@type\":\"Person\",\"@id\":\"https:\\\/\\\/edelweiss-panorama.ch\\\/fr\\\/#\\\/schema\\\/person\\\/40f339557f1e3168761bba6377cb0829\",\"name\":\"Frederic Tatu\",\"image\":{\"@type\":\"ImageObject\",\"inLanguage\":\"fr-FR\",\"@id\":\"https:\\\/\\\/secure.gravatar.com\\\/avatar\\\/0fe323859f18731575cc1727306a418c1c06adb036da08a42ad58ee43321377e?s=96&d=mm&r=g\",\"url\":\"https:\\\/\\\/secure.gravatar.com\\\/avatar\\\/0fe323859f18731575cc1727306a418c1c06adb036da08a42ad58ee43321377e?s=96&d=mm&r=g\",\"contentUrl\":\"https:\\\/\\\/secure.gravatar.com\\\/avatar\\\/0fe323859f18731575cc1727306a418c1c06adb036da08a42ad58ee43321377e?s=96&d=mm&r=g\",\"caption\":\"Frederic Tatu\"}}]}<\/script>\n<!-- \/ Yoast SEO plugin. -->","yoast_head_json":{"title":"C\u00e9l\u00e9bration des r\u00e9sultats scolaires exceptionnels de la promotion 2024 du Coll\u00e8ge du L\u00e9man - Edelweiss Panorama International","robots":{"index":"index","follow":"follow","max-snippet":"max-snippet:-1","max-image-preview":"max-image-preview:large","max-video-preview":"max-video-preview:-1"},"canonical":"https:\/\/edelweiss-panorama.ch\/fr\/celebration-des-resultats-academiques-exceptionnels-de-la-promotion-2024-au-college-du-leman\/","og_locale":"fr_FR","og_type":"article","og_title":"Celebrating Outstanding Academic Achievements of the Class of 2024 at Coll\u00e8ge du L\u00e9man - Edelweiss Panorama International","og_description":"The Class of 2024 at Coll\u00e8ge du L\u00e9man has achieved outstanding academic results across various international diplomas, including a 100% pass rate in the IBDP and IBCP, and impressive performances in the Swiss Maturit\u00e9, French Baccalaur\u00e9at, and American High School programs. Their success is a testament to the school's commitment to academic excellence and holistic education, with graduates securing places at top universities worldwide.","og_url":"https:\/\/edelweiss-panorama.ch\/fr\/celebration-des-resultats-academiques-exceptionnels-de-la-promotion-2024-au-college-du-leman\/","og_site_name":"Edelweiss Panorama International","article_publisher":"https:\/\/www.facebook.com\/edelweisspanorama","article_published_time":"2025-05-29T06:10:23+00:00","author":"Frederic Tatu","twitter_card":"summary_large_image","twitter_creator":"@EPI_Swiss","twitter_site":"@EPI_Swiss","twitter_misc":{"\u00c9crit par":"Frederic Tatu","Dur\u00e9e de lecture estim\u00e9e":"2 minutes"},"schema":{"@context":"https:\/\/schema.org","@graph":[{"@type":"Article","@id":"https:\/\/edelweiss-panorama.ch\/celebrating-outstanding-academic-achievements-of-the-class-of-2024-at-college-du-leman\/#article","isPartOf":{"@id":"https:\/\/edelweiss-panorama.ch\/celebrating-outstanding-academic-achievements-of-the-class-of-2024-at-college-du-leman\/"},"author":{"name":"Frederic Tatu","@id":"https:\/\/edelweiss-panorama.ch\/fr\/#\/schema\/person\/40f339557f1e3168761bba6377cb0829"},"headline":"Celebrating Outstanding Academic Achievements of the Class of 2024 at Coll\u00e8ge du L\u00e9man","datePublished":"2025-05-29T06:10:23+00:00","mainEntityOfPage":{"@id":"https:\/\/edelweiss-panorama.ch\/celebrating-outstanding-academic-achievements-of-the-class-of-2024-at-college-du-leman\/"},"wordCount":368,"commentCount":0,"publisher":{"@id":"https:\/\/edelweiss-panorama.ch\/fr\/#organization"},"image":{"@id":"https:\/\/edelweiss-panorama.ch\/celebrating-outstanding-academic-achievements-of-the-class-of-2024-at-college-du-leman\/#primaryimage"},"thumbnailUrl":"https:\/\/edelweiss-panorama.ch\/wp-content\/uploads\/2025\/05\/Celebrating-excellent-academic-results-for-the-Class-of-2024-2025-05-29T060904.436Z.jpeg","keywords":["Coll\u00e8ge du L\u00e9man"],"articleSection":["Education"],"inLanguage":"fr-FR","potentialAction":[{"@type":"CommentAction","name":"Comment","target":["https:\/\/edelweiss-panorama.ch\/celebrating-outstanding-academic-achievements-of-the-class-of-2024-at-college-du-leman\/#respond"]}]},{"@type":"WebPage","@id":"https:\/\/edelweiss-panorama.ch\/celebrating-outstanding-academic-achievements-of-the-class-of-2024-at-college-du-leman\/","url":"https:\/\/edelweiss-panorama.ch\/celebrating-outstanding-academic-achievements-of-the-class-of-2024-at-college-du-leman\/","name":"C\u00e9l\u00e9bration des r\u00e9sultats scolaires exceptionnels de la promotion 2024 du Coll\u00e8ge du L\u00e9man - Edelweiss Panorama International","isPartOf":{"@id":"https:\/\/edelweiss-panorama.ch\/fr\/#website"},"primaryImageOfPage":{"@id":"https:\/\/edelweiss-panorama.ch\/celebrating-outstanding-academic-achievements-of-the-class-of-2024-at-college-du-leman\/#primaryimage"},"image":{"@id":"https:\/\/edelweiss-panorama.ch\/celebrating-outstanding-academic-achievements-of-the-class-of-2024-at-college-du-leman\/#primaryimage"},"thumbnailUrl":"https:\/\/edelweiss-panorama.ch\/wp-content\/uploads\/2025\/05\/Celebrating-excellent-academic-results-for-the-Class-of-2024-2025-05-29T060904.436Z.jpeg","datePublished":"2025-05-29T06:10:23+00:00","breadcrumb":{"@id":"https:\/\/edelweiss-panorama.ch\/celebrating-outstanding-academic-achievements-of-the-class-of-2024-at-college-du-leman\/#breadcrumb"},"inLanguage":"fr-FR","potentialAction":[{"@type":"ReadAction","target":["https:\/\/edelweiss-panorama.ch\/celebrating-outstanding-academic-achievements-of-the-class-of-2024-at-college-du-leman\/"]}]},{"@type":"ImageObject","inLanguage":"fr-FR","@id":"https:\/\/edelweiss-panorama.ch\/celebrating-outstanding-academic-achievements-of-the-class-of-2024-at-college-du-leman\/#primaryimage","url":"https:\/\/edelweiss-panorama.ch\/wp-content\/uploads\/2025\/05\/Celebrating-excellent-academic-results-for-the-Class-of-2024-2025-05-29T060904.436Z.jpeg","contentUrl":"https:\/\/edelweiss-panorama.ch\/wp-content\/uploads\/2025\/05\/Celebrating-excellent-academic-results-for-the-Class-of-2024-2025-05-29T060904.436Z.jpeg","width":832,"height":468},{"@type":"BreadcrumbList","@id":"https:\/\/edelweiss-panorama.ch\/celebrating-outstanding-academic-achievements-of-the-class-of-2024-at-college-du-leman\/#breadcrumb","itemListElement":[{"@type":"ListItem","position":1,"name":"Home","item":"https:\/\/edelweiss-panorama.ch\/"},{"@type":"ListItem","position":2,"name":"Celebrating Outstanding Academic Achievements of the Class of 2024 at Coll\u00e8ge du L\u00e9man"}]},{"@type":"WebSite","@id":"https:\/\/edelweiss-panorama.ch\/fr\/#website","url":"https:\/\/edelweiss-panorama.ch\/fr\/","name":"Edelweiss Panorama International","description":"Il vous permet de vivre et de prosp\u00e9rer aux quatre coins du monde.","publisher":{"@id":"https:\/\/edelweiss-panorama.ch\/fr\/#organization"},"potentialAction":[{"@type":"SearchAction","target":{"@type":"EntryPoint","urlTemplate":"https:\/\/edelweiss-panorama.ch\/fr\/?s={search_term_string}"},"query-input":{"@type":"PropertyValueSpecification","valueRequired":true,"valueName":"search_term_string"}}],"inLanguage":"fr-FR"},{"@type":"Organization","@id":"https:\/\/edelweiss-panorama.ch\/fr\/#organization","name":"Edelweiss Panorama International","url":"https:\/\/edelweiss-panorama.ch\/fr\/","logo":{"@type":"ImageObject","inLanguage":"fr-FR","@id":"https:\/\/edelweiss-panorama.ch\/fr\/#\/schema\/logo\/image\/","url":"https:\/\/edelweiss-panorama.ch\/wp-content\/uploads\/2020\/04\/Untitled-design-1-1.png","contentUrl":"https:\/\/edelweiss-panorama.ch\/wp-content\/uploads\/2020\/04\/Untitled-design-1-1.png","width":1080,"height":1080,"caption":"Edelweiss Panorama International"},"image":{"@id":"https:\/\/edelweiss-panorama.ch\/fr\/#\/schema\/logo\/image\/"},"sameAs":["https:\/\/www.facebook.com\/edelweisspanorama","https:\/\/x.com\/EPI_Swiss"]},{"@type":"Person","@id":"https:\/\/edelweiss-panorama.ch\/fr\/#\/schema\/person\/40f339557f1e3168761bba6377cb0829","name":"Fr\u00e9d\u00e9ric Tatu","image":{"@type":"ImageObject","inLanguage":"fr-FR","@id":"https:\/\/secure.gravatar.com\/avatar\/0fe323859f18731575cc1727306a418c1c06adb036da08a42ad58ee43321377e?s=96&d=mm&r=g","url":"https:\/\/secure.gravatar.com\/avatar\/0fe323859f18731575cc1727306a418c1c06adb036da08a42ad58ee43321377e?s=96&d=mm&r=g","contentUrl":"https:\/\/secure.gravatar.com\/avatar\/0fe323859f18731575cc1727306a418c1c06adb036da08a42ad58ee43321377e?s=96&d=mm&r=g","caption":"Frederic Tatu"}}]}},"_links":{"self":[{"href":"https:\/\/edelweiss-panorama.ch\/fr\/wp-json\/wp\/v2\/posts\/47180","targetHints":{"allow":["GET"]}}],"collection":[{"href":"https:\/\/edelweiss-panorama.ch\/fr\/wp-json\/wp\/v2\/posts"}],"about":[{"href":"https:\/\/edelweiss-panorama.ch\/fr\/wp-json\/wp\/v2\/types\/post"}],"author":[{"embeddable":true,"href":"https:\/\/edelweiss-panorama.ch\/fr\/wp-json\/wp\/v2\/users\/10"}],"replies":[{"embeddable":true,"href":"https:\/\/edelweiss-panorama.ch\/fr\/wp-json\/wp\/v2\/comments?post=47180"}],"version-history":[{"count":0,"href":"https:\/\/edelweiss-panorama.ch\/fr\/wp-json\/wp\/v2\/posts\/47180\/revisions"}],"wp:featuredmedia":[{"embeddable":true,"href":"https:\/\/edelweiss-panorama.ch\/fr\/wp-json\/wp\/v2\/media\/47175"}],"wp:attachment":[{"href":"https:\/\/edelweiss-panorama.ch\/fr\/wp-json\/wp\/v2\/media?parent=47180"}],"wp:term":[{"taxonomy":"category","embeddable":true,"href":"https:\/\/edelweiss-panorama.ch\/fr\/wp-json\/wp\/v2\/categories?post=47180"},{"taxonomy":"post_tag","embeddable":true,"href":"https:\/\/edelweiss-panorama.ch\/fr\/wp-json\/wp\/v2\/tags?post=47180"}],"curies":[{"name":"wp","href":"https:\/\/api.w.org\/{rel}","templated":true}]}}