{"id":47201,"date":"2025-05-29T10:19:05","date_gmt":"2025-05-29T08:19:05","guid":{"rendered":"https:\/\/edelweiss-panorama.ch\/celebrating-60-years-of-excellence-college-du-leman-alumni-reunion\/"},"modified":"2025-05-29T10:19:05","modified_gmt":"2025-05-29T08:19:05","slug":"60-ans-dexcellence-reunion-des-anciens-du-college-du-leman","status":"publish","type":"post","link":"https:\/\/edelweiss-panorama.ch\/fr\/celebrating-60-years-of-excellence-college-du-leman-alumni-reunion\/","title":{"rendered":"C\u00e9l\u00e9bration de 60 ans d'excellence : R\u00e9union des anciens \u00e9l\u00e8ves du Coll\u00e8ge du L\u00e9man"},"content":{"rendered":"<p>The **Coll\u00e8ge du L\u00e9man** recently celebrated a significant milestone, marking 60 years of fostering global citizens through education. Founded in 1960 by Inge and Francis Clivaz, the school has grown from a modest beginning to a prestigious institution with a worldwide reputation. The founders reflected on their journey, emphasizing the school&#8217;s commitment to diversity, respect, and academic excellence. The *Alumni Reunion* in June 2023 was a testament to the enduring bonds formed within the CDL community, bringing together former students from around the globe to reminisce and celebrate their shared heritage. The event highlighted the school&#8217;s motto of educating in a spirit of openness and tolerance, principles that have guided its students to become leaders in a respectful world.<\/p>\n<p><img decoding=\"async\" src=\"\/wp-content\/uploads\/2025\/05\/Alumni-Reunion-60th-Birthday-2025-05-29T081824.448Z.jpeg\" \/><br \/>\n<img decoding=\"async\" src=\"\/wp-content\/uploads\/2025\/05\/Alumni-Reunion-60th-Birthday-2025-05-29T081828.723Z-scaled.jpeg\" \/><\/p>\n<p>The *Alumni Reunion* was a vibrant celebration of the **Coll\u00e8ge du L\u00e9man**&#8217;s legacy, featuring a cocktail evening that rekindled friendships and shared memories. The event showcased the strong sense of community among alumni, with laughter and stories filling the air. A highlight was the emotional video capturing the essence of the reunion, illustrating the deep connections formed at CDL. The school&#8217;s founders, Inge and Francis Clivaz, shared a heartfelt message, reminding everyone of the school&#8217;s foundational values and the impact of its alumni worldwide. As CDL looks to the future, it continues to inspire with its commitment to excellence and global citizenship. For more information about the school, visit [Coll\u00e8ge du L\u00e9man](https:\/\/edelweiss-panorama.ch\/college-du-leman\/) and discover how it shapes the leaders of tomorrow.<\/p>\n","protected":false},"excerpt":{"rendered":"<p>L'article met en lumi\u00e8re la c\u00e9l\u00e9bration du 60e anniversaire du Coll\u00e8ge du L\u00e9man, en se concentrant sur la r\u00e9union des anciens \u00e9l\u00e8ves qui a rassembl\u00e9 les anciens \u00e9l\u00e8ves pour c\u00e9l\u00e9brer l'h\u00e9ritage de l'\u00e9cole. Il \u00e9voque la vision des fondateurs, la croissance de l'\u00e9cole et son impact sur les \u00e9l\u00e8ves du monde entier, en mettant l'accent sur les valeurs de diversit\u00e9, de respect et d'excellence acad\u00e9mique.<\/p>","protected":false},"author":10,"featured_media":47199,"comment_status":"open","ping_status":"open","sticky":false,"template":"","format":"standard","meta":{"footnotes":""},"categories":[13],"tags":[358],"class_list":["post-47201","post","type-post","status-publish","format-standard","has-post-thumbnail","hentry","category-education","tag-college-du-leman"],"yoast_head":"<!-- This site is optimized with the Yoast SEO plugin v27.5 - https:\/\/yoast.com\/product\/yoast-seo-wordpress\/ -->\n<title>Celebrating 60 Years of Excellence: Coll\u00e8ge du L\u00e9man Alumni Reunion - Edelweiss Panorama International<\/title>\n<meta name=\"robots\" content=\"index, follow, max-snippet:-1, max-image-preview:large, max-video-preview:-1\" \/>\n<link rel=\"canonical\" href=\"https:\/\/edelweiss-panorama.ch\/fr\/60-ans-dexcellence-reunion-des-anciens-du-college-du-leman\/\" \/>\n<meta property=\"og:locale\" content=\"fr_FR\" \/>\n<meta property=\"og:type\" content=\"article\" \/>\n<meta property=\"og:title\" content=\"Celebrating 60 Years of Excellence: Coll\u00e8ge du L\u00e9man Alumni Reunion - Edelweiss Panorama International\" \/>\n<meta property=\"og:description\" content=\"The article highlights the 60th birthday celebration of Coll\u00e8ge du L\u00e9man, focusing on the Alumni Reunion that brought together former students to celebrate the school&#039;s legacy. It reflects on the founders&#039; vision, the school&#039;s growth, and its impact on students worldwide, emphasizing the values of diversity, respect, and academic excellence.\" \/>\n<meta property=\"og:url\" content=\"https:\/\/edelweiss-panorama.ch\/fr\/60-ans-dexcellence-reunion-des-anciens-du-college-du-leman\/\" \/>\n<meta property=\"og:site_name\" content=\"Edelweiss Panorama International\" \/>\n<meta property=\"article:publisher\" content=\"https:\/\/www.facebook.com\/edelweisspanorama\" \/>\n<meta property=\"article:published_time\" content=\"2025-05-29T08:19:05+00:00\" \/>\n<meta name=\"author\" content=\"Frederic Tatu\" \/>\n<meta name=\"twitter:card\" content=\"summary_large_image\" \/>\n<meta name=\"twitter:creator\" content=\"@EPI_Swiss\" \/>\n<meta name=\"twitter:site\" content=\"@EPI_Swiss\" \/>\n<meta name=\"twitter:label1\" content=\"\u00c9crit par\" \/>\n\t<meta name=\"twitter:data1\" content=\"Frederic Tatu\" \/>\n\t<meta name=\"twitter:label2\" content=\"Dur\u00e9e de lecture estim\u00e9e\" \/>\n\t<meta name=\"twitter:data2\" content=\"1 minute\" \/>\n<script type=\"application\/ld+json\" class=\"yoast-schema-graph\">{\"@context\":\"https:\\\/\\\/schema.org\",\"@graph\":[{\"@type\":\"Article\",\"@id\":\"https:\\\/\\\/edelweiss-panorama.ch\\\/celebrating-60-years-of-excellence-college-du-leman-alumni-reunion\\\/#article\",\"isPartOf\":{\"@id\":\"https:\\\/\\\/edelweiss-panorama.ch\\\/celebrating-60-years-of-excellence-college-du-leman-alumni-reunion\\\/\"},\"author\":{\"name\":\"Frederic Tatu\",\"@id\":\"https:\\\/\\\/edelweiss-panorama.ch\\\/fr\\\/#\\\/schema\\\/person\\\/40f339557f1e3168761bba6377cb0829\"},\"headline\":\"Celebrating 60 Years of Excellence: Coll\u00e8ge du L\u00e9man Alumni Reunion\",\"datePublished\":\"2025-05-29T08:19:05+00:00\",\"mainEntityOfPage\":{\"@id\":\"https:\\\/\\\/edelweiss-panorama.ch\\\/celebrating-60-years-of-excellence-college-du-leman-alumni-reunion\\\/\"},\"wordCount\":263,\"commentCount\":0,\"publisher\":{\"@id\":\"https:\\\/\\\/edelweiss-panorama.ch\\\/fr\\\/#organization\"},\"image\":{\"@id\":\"https:\\\/\\\/edelweiss-panorama.ch\\\/celebrating-60-years-of-excellence-college-du-leman-alumni-reunion\\\/#primaryimage\"},\"thumbnailUrl\":\"https:\\\/\\\/edelweiss-panorama.ch\\\/wp-content\\\/uploads\\\/2025\\\/05\\\/Alumni-Reunion-60th-Birthday-2025-05-29T081824.448Z.jpeg\",\"keywords\":[\"Coll\u00e8ge du L\u00e9man\"],\"articleSection\":[\"Education\"],\"inLanguage\":\"fr-FR\",\"potentialAction\":[{\"@type\":\"CommentAction\",\"name\":\"Comment\",\"target\":[\"https:\\\/\\\/edelweiss-panorama.ch\\\/celebrating-60-years-of-excellence-college-du-leman-alumni-reunion\\\/#respond\"]}]},{\"@type\":\"WebPage\",\"@id\":\"https:\\\/\\\/edelweiss-panorama.ch\\\/celebrating-60-years-of-excellence-college-du-leman-alumni-reunion\\\/\",\"url\":\"https:\\\/\\\/edelweiss-panorama.ch\\\/celebrating-60-years-of-excellence-college-du-leman-alumni-reunion\\\/\",\"name\":\"Celebrating 60 Years of Excellence: Coll\u00e8ge du L\u00e9man Alumni Reunion - Edelweiss Panorama International\",\"isPartOf\":{\"@id\":\"https:\\\/\\\/edelweiss-panorama.ch\\\/fr\\\/#website\"},\"primaryImageOfPage\":{\"@id\":\"https:\\\/\\\/edelweiss-panorama.ch\\\/celebrating-60-years-of-excellence-college-du-leman-alumni-reunion\\\/#primaryimage\"},\"image\":{\"@id\":\"https:\\\/\\\/edelweiss-panorama.ch\\\/celebrating-60-years-of-excellence-college-du-leman-alumni-reunion\\\/#primaryimage\"},\"thumbnailUrl\":\"https:\\\/\\\/edelweiss-panorama.ch\\\/wp-content\\\/uploads\\\/2025\\\/05\\\/Alumni-Reunion-60th-Birthday-2025-05-29T081824.448Z.jpeg\",\"datePublished\":\"2025-05-29T08:19:05+00:00\",\"breadcrumb\":{\"@id\":\"https:\\\/\\\/edelweiss-panorama.ch\\\/celebrating-60-years-of-excellence-college-du-leman-alumni-reunion\\\/#breadcrumb\"},\"inLanguage\":\"fr-FR\",\"potentialAction\":[{\"@type\":\"ReadAction\",\"target\":[\"https:\\\/\\\/edelweiss-panorama.ch\\\/celebrating-60-years-of-excellence-college-du-leman-alumni-reunion\\\/\"]}]},{\"@type\":\"ImageObject\",\"inLanguage\":\"fr-FR\",\"@id\":\"https:\\\/\\\/edelweiss-panorama.ch\\\/celebrating-60-years-of-excellence-college-du-leman-alumni-reunion\\\/#primaryimage\",\"url\":\"https:\\\/\\\/edelweiss-panorama.ch\\\/wp-content\\\/uploads\\\/2025\\\/05\\\/Alumni-Reunion-60th-Birthday-2025-05-29T081824.448Z.jpeg\",\"contentUrl\":\"https:\\\/\\\/edelweiss-panorama.ch\\\/wp-content\\\/uploads\\\/2025\\\/05\\\/Alumni-Reunion-60th-Birthday-2025-05-29T081824.448Z.jpeg\",\"width\":887,\"height\":499},{\"@type\":\"BreadcrumbList\",\"@id\":\"https:\\\/\\\/edelweiss-panorama.ch\\\/celebrating-60-years-of-excellence-college-du-leman-alumni-reunion\\\/#breadcrumb\",\"itemListElement\":[{\"@type\":\"ListItem\",\"position\":1,\"name\":\"Home\",\"item\":\"https:\\\/\\\/edelweiss-panorama.ch\\\/\"},{\"@type\":\"ListItem\",\"position\":2,\"name\":\"Celebrating 60 Years of Excellence: Coll\u00e8ge du L\u00e9man Alumni Reunion\"}]},{\"@type\":\"WebSite\",\"@id\":\"https:\\\/\\\/edelweiss-panorama.ch\\\/fr\\\/#website\",\"url\":\"https:\\\/\\\/edelweiss-panorama.ch\\\/fr\\\/\",\"name\":\"Edelweiss Panorama International\",\"description\":\"Allows you to live and thrive every corner of the world.\",\"publisher\":{\"@id\":\"https:\\\/\\\/edelweiss-panorama.ch\\\/fr\\\/#organization\"},\"potentialAction\":[{\"@type\":\"SearchAction\",\"target\":{\"@type\":\"EntryPoint\",\"urlTemplate\":\"https:\\\/\\\/edelweiss-panorama.ch\\\/fr\\\/?s={search_term_string}\"},\"query-input\":{\"@type\":\"PropertyValueSpecification\",\"valueRequired\":true,\"valueName\":\"search_term_string\"}}],\"inLanguage\":\"fr-FR\"},{\"@type\":\"Organization\",\"@id\":\"https:\\\/\\\/edelweiss-panorama.ch\\\/fr\\\/#organization\",\"name\":\"Edelweiss Panorama International\",\"url\":\"https:\\\/\\\/edelweiss-panorama.ch\\\/fr\\\/\",\"logo\":{\"@type\":\"ImageObject\",\"inLanguage\":\"fr-FR\",\"@id\":\"https:\\\/\\\/edelweiss-panorama.ch\\\/fr\\\/#\\\/schema\\\/logo\\\/image\\\/\",\"url\":\"https:\\\/\\\/edelweiss-panorama.ch\\\/wp-content\\\/uploads\\\/2020\\\/04\\\/Untitled-design-1-1.png\",\"contentUrl\":\"https:\\\/\\\/edelweiss-panorama.ch\\\/wp-content\\\/uploads\\\/2020\\\/04\\\/Untitled-design-1-1.png\",\"width\":1080,\"height\":1080,\"caption\":\"Edelweiss Panorama International\"},\"image\":{\"@id\":\"https:\\\/\\\/edelweiss-panorama.ch\\\/fr\\\/#\\\/schema\\\/logo\\\/image\\\/\"},\"sameAs\":[\"https:\\\/\\\/www.facebook.com\\\/edelweisspanorama\",\"https:\\\/\\\/x.com\\\/EPI_Swiss\"]},{\"@type\":\"Person\",\"@id\":\"https:\\\/\\\/edelweiss-panorama.ch\\\/fr\\\/#\\\/schema\\\/person\\\/40f339557f1e3168761bba6377cb0829\",\"name\":\"Frederic Tatu\",\"image\":{\"@type\":\"ImageObject\",\"inLanguage\":\"fr-FR\",\"@id\":\"https:\\\/\\\/secure.gravatar.com\\\/avatar\\\/0fe323859f18731575cc1727306a418c1c06adb036da08a42ad58ee43321377e?s=96&d=mm&r=g\",\"url\":\"https:\\\/\\\/secure.gravatar.com\\\/avatar\\\/0fe323859f18731575cc1727306a418c1c06adb036da08a42ad58ee43321377e?s=96&d=mm&r=g\",\"contentUrl\":\"https:\\\/\\\/secure.gravatar.com\\\/avatar\\\/0fe323859f18731575cc1727306a418c1c06adb036da08a42ad58ee43321377e?s=96&d=mm&r=g\",\"caption\":\"Frederic Tatu\"}}]}<\/script>\n<!-- \/ Yoast SEO plugin. -->","yoast_head_json":{"title":"C\u00e9l\u00e9bration de 60 ans d'excellence : R\u00e9union des anciens \u00e9l\u00e8ves du Coll\u00e8ge du L\u00e9man - Edelweiss Panorama International","robots":{"index":"index","follow":"follow","max-snippet":"max-snippet:-1","max-image-preview":"max-image-preview:large","max-video-preview":"max-video-preview:-1"},"canonical":"https:\/\/edelweiss-panorama.ch\/fr\/60-ans-dexcellence-reunion-des-anciens-du-college-du-leman\/","og_locale":"fr_FR","og_type":"article","og_title":"Celebrating 60 Years of Excellence: Coll\u00e8ge du L\u00e9man Alumni Reunion - Edelweiss Panorama International","og_description":"The article highlights the 60th birthday celebration of Coll\u00e8ge du L\u00e9man, focusing on the Alumni Reunion that brought together former students to celebrate the school's legacy. It reflects on the founders' vision, the school's growth, and its impact on students worldwide, emphasizing the values of diversity, respect, and academic excellence.","og_url":"https:\/\/edelweiss-panorama.ch\/fr\/60-ans-dexcellence-reunion-des-anciens-du-college-du-leman\/","og_site_name":"Edelweiss Panorama International","article_publisher":"https:\/\/www.facebook.com\/edelweisspanorama","article_published_time":"2025-05-29T08:19:05+00:00","author":"Frederic Tatu","twitter_card":"summary_large_image","twitter_creator":"@EPI_Swiss","twitter_site":"@EPI_Swiss","twitter_misc":{"\u00c9crit par":"Frederic Tatu","Dur\u00e9e de lecture estim\u00e9e":"1 minute"},"schema":{"@context":"https:\/\/schema.org","@graph":[{"@type":"Article","@id":"https:\/\/edelweiss-panorama.ch\/celebrating-60-years-of-excellence-college-du-leman-alumni-reunion\/#article","isPartOf":{"@id":"https:\/\/edelweiss-panorama.ch\/celebrating-60-years-of-excellence-college-du-leman-alumni-reunion\/"},"author":{"name":"Frederic Tatu","@id":"https:\/\/edelweiss-panorama.ch\/fr\/#\/schema\/person\/40f339557f1e3168761bba6377cb0829"},"headline":"Celebrating 60 Years of Excellence: Coll\u00e8ge du L\u00e9man Alumni Reunion","datePublished":"2025-05-29T08:19:05+00:00","mainEntityOfPage":{"@id":"https:\/\/edelweiss-panorama.ch\/celebrating-60-years-of-excellence-college-du-leman-alumni-reunion\/"},"wordCount":263,"commentCount":0,"publisher":{"@id":"https:\/\/edelweiss-panorama.ch\/fr\/#organization"},"image":{"@id":"https:\/\/edelweiss-panorama.ch\/celebrating-60-years-of-excellence-college-du-leman-alumni-reunion\/#primaryimage"},"thumbnailUrl":"https:\/\/edelweiss-panorama.ch\/wp-content\/uploads\/2025\/05\/Alumni-Reunion-60th-Birthday-2025-05-29T081824.448Z.jpeg","keywords":["Coll\u00e8ge du L\u00e9man"],"articleSection":["Education"],"inLanguage":"fr-FR","potentialAction":[{"@type":"CommentAction","name":"Comment","target":["https:\/\/edelweiss-panorama.ch\/celebrating-60-years-of-excellence-college-du-leman-alumni-reunion\/#respond"]}]},{"@type":"WebPage","@id":"https:\/\/edelweiss-panorama.ch\/celebrating-60-years-of-excellence-college-du-leman-alumni-reunion\/","url":"https:\/\/edelweiss-panorama.ch\/celebrating-60-years-of-excellence-college-du-leman-alumni-reunion\/","name":"C\u00e9l\u00e9bration de 60 ans d'excellence : R\u00e9union des anciens \u00e9l\u00e8ves du Coll\u00e8ge du L\u00e9man - Edelweiss Panorama International","isPartOf":{"@id":"https:\/\/edelweiss-panorama.ch\/fr\/#website"},"primaryImageOfPage":{"@id":"https:\/\/edelweiss-panorama.ch\/celebrating-60-years-of-excellence-college-du-leman-alumni-reunion\/#primaryimage"},"image":{"@id":"https:\/\/edelweiss-panorama.ch\/celebrating-60-years-of-excellence-college-du-leman-alumni-reunion\/#primaryimage"},"thumbnailUrl":"https:\/\/edelweiss-panorama.ch\/wp-content\/uploads\/2025\/05\/Alumni-Reunion-60th-Birthday-2025-05-29T081824.448Z.jpeg","datePublished":"2025-05-29T08:19:05+00:00","breadcrumb":{"@id":"https:\/\/edelweiss-panorama.ch\/celebrating-60-years-of-excellence-college-du-leman-alumni-reunion\/#breadcrumb"},"inLanguage":"fr-FR","potentialAction":[{"@type":"ReadAction","target":["https:\/\/edelweiss-panorama.ch\/celebrating-60-years-of-excellence-college-du-leman-alumni-reunion\/"]}]},{"@type":"ImageObject","inLanguage":"fr-FR","@id":"https:\/\/edelweiss-panorama.ch\/celebrating-60-years-of-excellence-college-du-leman-alumni-reunion\/#primaryimage","url":"https:\/\/edelweiss-panorama.ch\/wp-content\/uploads\/2025\/05\/Alumni-Reunion-60th-Birthday-2025-05-29T081824.448Z.jpeg","contentUrl":"https:\/\/edelweiss-panorama.ch\/wp-content\/uploads\/2025\/05\/Alumni-Reunion-60th-Birthday-2025-05-29T081824.448Z.jpeg","width":887,"height":499},{"@type":"BreadcrumbList","@id":"https:\/\/edelweiss-panorama.ch\/celebrating-60-years-of-excellence-college-du-leman-alumni-reunion\/#breadcrumb","itemListElement":[{"@type":"ListItem","position":1,"name":"Home","item":"https:\/\/edelweiss-panorama.ch\/"},{"@type":"ListItem","position":2,"name":"Celebrating 60 Years of Excellence: Coll\u00e8ge du L\u00e9man Alumni Reunion"}]},{"@type":"WebSite","@id":"https:\/\/edelweiss-panorama.ch\/fr\/#website","url":"https:\/\/edelweiss-panorama.ch\/fr\/","name":"Edelweiss Panorama International","description":"Il vous permet de vivre et de prosp\u00e9rer aux quatre coins du monde.","publisher":{"@id":"https:\/\/edelweiss-panorama.ch\/fr\/#organization"},"potentialAction":[{"@type":"SearchAction","target":{"@type":"EntryPoint","urlTemplate":"https:\/\/edelweiss-panorama.ch\/fr\/?s={search_term_string}"},"query-input":{"@type":"PropertyValueSpecification","valueRequired":true,"valueName":"search_term_string"}}],"inLanguage":"fr-FR"},{"@type":"Organization","@id":"https:\/\/edelweiss-panorama.ch\/fr\/#organization","name":"Edelweiss Panorama International","url":"https:\/\/edelweiss-panorama.ch\/fr\/","logo":{"@type":"ImageObject","inLanguage":"fr-FR","@id":"https:\/\/edelweiss-panorama.ch\/fr\/#\/schema\/logo\/image\/","url":"https:\/\/edelweiss-panorama.ch\/wp-content\/uploads\/2020\/04\/Untitled-design-1-1.png","contentUrl":"https:\/\/edelweiss-panorama.ch\/wp-content\/uploads\/2020\/04\/Untitled-design-1-1.png","width":1080,"height":1080,"caption":"Edelweiss Panorama International"},"image":{"@id":"https:\/\/edelweiss-panorama.ch\/fr\/#\/schema\/logo\/image\/"},"sameAs":["https:\/\/www.facebook.com\/edelweisspanorama","https:\/\/x.com\/EPI_Swiss"]},{"@type":"Person","@id":"https:\/\/edelweiss-panorama.ch\/fr\/#\/schema\/person\/40f339557f1e3168761bba6377cb0829","name":"Fr\u00e9d\u00e9ric Tatu","image":{"@type":"ImageObject","inLanguage":"fr-FR","@id":"https:\/\/secure.gravatar.com\/avatar\/0fe323859f18731575cc1727306a418c1c06adb036da08a42ad58ee43321377e?s=96&d=mm&r=g","url":"https:\/\/secure.gravatar.com\/avatar\/0fe323859f18731575cc1727306a418c1c06adb036da08a42ad58ee43321377e?s=96&d=mm&r=g","contentUrl":"https:\/\/secure.gravatar.com\/avatar\/0fe323859f18731575cc1727306a418c1c06adb036da08a42ad58ee43321377e?s=96&d=mm&r=g","caption":"Frederic Tatu"}}]}},"_links":{"self":[{"href":"https:\/\/edelweiss-panorama.ch\/fr\/wp-json\/wp\/v2\/posts\/47201","targetHints":{"allow":["GET"]}}],"collection":[{"href":"https:\/\/edelweiss-panorama.ch\/fr\/wp-json\/wp\/v2\/posts"}],"about":[{"href":"https:\/\/edelweiss-panorama.ch\/fr\/wp-json\/wp\/v2\/types\/post"}],"author":[{"embeddable":true,"href":"https:\/\/edelweiss-panorama.ch\/fr\/wp-json\/wp\/v2\/users\/10"}],"replies":[{"embeddable":true,"href":"https:\/\/edelweiss-panorama.ch\/fr\/wp-json\/wp\/v2\/comments?post=47201"}],"version-history":[{"count":0,"href":"https:\/\/edelweiss-panorama.ch\/fr\/wp-json\/wp\/v2\/posts\/47201\/revisions"}],"wp:featuredmedia":[{"embeddable":true,"href":"https:\/\/edelweiss-panorama.ch\/fr\/wp-json\/wp\/v2\/media\/47199"}],"wp:attachment":[{"href":"https:\/\/edelweiss-panorama.ch\/fr\/wp-json\/wp\/v2\/media?parent=47201"}],"wp:term":[{"taxonomy":"category","embeddable":true,"href":"https:\/\/edelweiss-panorama.ch\/fr\/wp-json\/wp\/v2\/categories?post=47201"},{"taxonomy":"post_tag","embeddable":true,"href":"https:\/\/edelweiss-panorama.ch\/fr\/wp-json\/wp\/v2\/tags?post=47201"}],"curies":[{"name":"wp","href":"https:\/\/api.w.org\/{rel}","templated":true}]}}