{"id":47329,"date":"2025-06-05T07:27:43","date_gmt":"2025-06-05T05:27:43","guid":{"rendered":"https:\/\/edelweiss-panorama.ch\/watch-student-panel-moderator-chats-pre-davos-excitement-prep-ahead-of-impressive-gig\/"},"modified":"2025-06-05T07:27:43","modified_gmt":"2025-06-05T05:27:43","slug":"watch-student-panel-moderator-chats-pre-davos-excitement-preparation-before-impressive-gig","status":"publish","type":"post","link":"https:\/\/edelweiss-panorama.ch\/fr\/watch-student-panel-moderator-chats-pre-davos-excitement-prep-ahead-of-impressive-gig\/","title":{"rendered":"REGARDEZ : Le mod\u00e9rateur du panel d'\u00e9tudiants parle de l'excitation et de la pr\u00e9paration qui pr\u00e9c\u00e8dent l'impressionnant concert du Davos."},"content":{"rendered":"<p>The article highlights the preparations of Senior Student Maeve Louise R. from [Institut auf dem Rosenberg](https:\/\/edelweiss-panorama.ch\/institut-auf-dem-rosenberg\/) for the upcoming Davos event. Maeve has been diligently refining her contributions for the main stage panel discussion and an intimate round-table session, focusing on the future of AI and technology&#8217;s impact on society, the workplace, and education. Her efforts underscore the significant role that **Gen Z** and *Gen Alpha* are expected to play in shaping discussions around these critical topics. The piece also mentions Maeve&#8217;s collaboration with Raphael Gielgen, a notable figure in the future of work and learning, to hone the discussion points for the event.<\/p>\n<p><img decoding=\"async\" src=\"\/wp-content\/uploads\/2025\/06\/WATCH-Student-Panel-Moderator-Chats-Pre-Davos-Excitement-Prep-Ahead-of-Impressive-Gig-2025-06-05T052715.601Z.jpeg\" \/><img decoding=\"async\" src=\"\/wp-content\/uploads\/2025\/06\/WATCH-Student-Panel-Moderator-Chats-Pre-Davos-Excitement-Prep-Ahead-of-Impressive-Gig-2025-06-05T052718.098Z.jpeg\" \/><\/p>\n<p>Further detailing the preparatory phase, the article notes Maeve&#8217;s partnership with fellow student panelist Elle B., as they engaged in preliminary calls with experts to ensure the Davos discussions are as impactful as possible. The excitement surrounding the event is palpable, with the [Institut Rosenberg&#8217;s](https:\/\/edelweiss-panorama.ch\/institut-auf-dem-rosenberg\/) community eagerly anticipating the opportunity to bring their classroom insights to a global platform. The article concludes with an encouraging note, rallying support for the participants as they prepare to showcase their knowledge and perspectives on the international stage at Davos.<\/p>\n","protected":false},"excerpt":{"rendered":"<p>D\u00e9taillant davantage la phase pr\u00e9paratoire, l'article souligne le partenariat de Maeve avec sa coll\u00e8gue Elle B., qui s'est engag\u00e9e dans des appels pr\u00e9liminaires avec des experts afin de s'assurer que les discussions de Davos aient le plus d'impact possible. L'excitation qui entoure l'\u00e9v\u00e9nement est palpable. <a href=\"https:\/\/edelweiss-panorama.ch\/fr\/institut-auf-dem-rosenberg\/\">Institut Rosenberg<\/a> L'article se termine par une note encourageante, ralliant le soutien des participants alors qu'ils se pr\u00e9parent \u00e0 pr\u00e9senter leurs connaissances et leurs perspectives sur la sc\u00e8ne internationale \u00e0 Davos. L'article se termine par une note encourageante, ralliant le soutien des participants alors qu'ils se pr\u00e9parent \u00e0 pr\u00e9senter leurs connaissances et leurs perspectives sur la sc\u00e8ne internationale \u00e0 Davos.<\/p>","protected":false},"author":10,"featured_media":47327,"comment_status":"open","ping_status":"open","sticky":false,"template":"","format":"standard","meta":{"footnotes":""},"categories":[13],"tags":[359],"class_list":["post-47329","post","type-post","status-publish","format-standard","has-post-thumbnail","hentry","category-education","tag-institut-rosenberg"],"yoast_head":"<!-- This site is optimized with the Yoast SEO plugin v27.5 - https:\/\/yoast.com\/product\/yoast-seo-wordpress\/ -->\n<title>WATCH: Student Panel Moderator Chats Pre-Davos Excitement &amp; Prep Ahead of Impressive Gig - Edelweiss Panorama International<\/title>\n<meta name=\"robots\" content=\"index, follow, max-snippet:-1, max-image-preview:large, max-video-preview:-1\" \/>\n<link rel=\"canonical\" href=\"https:\/\/edelweiss-panorama.ch\/fr\/watch-student-panel-moderator-chats-pre-davos-excitement-preparation-before-impressive-gig\/\" \/>\n<meta property=\"og:locale\" content=\"fr_FR\" \/>\n<meta property=\"og:type\" content=\"article\" \/>\n<meta property=\"og:title\" content=\"WATCH: Student Panel Moderator Chats Pre-Davos Excitement &amp; Prep Ahead of Impressive Gig - Edelweiss Panorama International\" \/>\n<meta property=\"og:description\" content=\"Further detailing the preparatory phase, the article notes Maeve&#039;s partnership with fellow student panelist Elle B., as they engaged in preliminary calls with experts to ensure the Davos discussions are as impactful as possible. The excitement surrounding the event is palpable, with the Institut Rosenberg&#039;s community eagerly anticipating the opportunity to bring their classroom insights to a global platform. The article concludes with an encouraging note, rallying support for the participants as they prepare to showcase their knowledge and perspectives on the international stage at Davos.\" \/>\n<meta property=\"og:url\" content=\"https:\/\/edelweiss-panorama.ch\/fr\/watch-student-panel-moderator-chats-pre-davos-excitement-preparation-before-impressive-gig\/\" \/>\n<meta property=\"og:site_name\" content=\"Edelweiss Panorama International\" \/>\n<meta property=\"article:publisher\" content=\"https:\/\/www.facebook.com\/edelweisspanorama\" \/>\n<meta property=\"article:published_time\" content=\"2025-06-05T05:27:43+00:00\" \/>\n<meta name=\"author\" content=\"Frederic Tatu\" \/>\n<meta name=\"twitter:card\" content=\"summary_large_image\" \/>\n<meta name=\"twitter:creator\" content=\"@EPI_Swiss\" \/>\n<meta name=\"twitter:site\" content=\"@EPI_Swiss\" \/>\n<meta name=\"twitter:label1\" content=\"\u00c9crit par\" \/>\n\t<meta name=\"twitter:data1\" content=\"Frederic Tatu\" \/>\n\t<meta name=\"twitter:label2\" content=\"Dur\u00e9e de lecture estim\u00e9e\" \/>\n\t<meta name=\"twitter:data2\" content=\"1 minute\" \/>\n<script type=\"application\/ld+json\" class=\"yoast-schema-graph\">{\"@context\":\"https:\\\/\\\/schema.org\",\"@graph\":[{\"@type\":\"Article\",\"@id\":\"https:\\\/\\\/edelweiss-panorama.ch\\\/watch-student-panel-moderator-chats-pre-davos-excitement-prep-ahead-of-impressive-gig\\\/#article\",\"isPartOf\":{\"@id\":\"https:\\\/\\\/edelweiss-panorama.ch\\\/watch-student-panel-moderator-chats-pre-davos-excitement-prep-ahead-of-impressive-gig\\\/\"},\"author\":{\"name\":\"Frederic Tatu\",\"@id\":\"https:\\\/\\\/edelweiss-panorama.ch\\\/fr\\\/#\\\/schema\\\/person\\\/40f339557f1e3168761bba6377cb0829\"},\"headline\":\"WATCH: Student Panel Moderator Chats Pre-Davos Excitement &#038; Prep Ahead of Impressive Gig\",\"datePublished\":\"2025-06-05T05:27:43+00:00\",\"mainEntityOfPage\":{\"@id\":\"https:\\\/\\\/edelweiss-panorama.ch\\\/watch-student-panel-moderator-chats-pre-davos-excitement-prep-ahead-of-impressive-gig\\\/\"},\"wordCount\":214,\"commentCount\":0,\"publisher\":{\"@id\":\"https:\\\/\\\/edelweiss-panorama.ch\\\/fr\\\/#organization\"},\"image\":{\"@id\":\"https:\\\/\\\/edelweiss-panorama.ch\\\/watch-student-panel-moderator-chats-pre-davos-excitement-prep-ahead-of-impressive-gig\\\/#primaryimage\"},\"thumbnailUrl\":\"https:\\\/\\\/edelweiss-panorama.ch\\\/wp-content\\\/uploads\\\/2025\\\/06\\\/WATCH-Student-Panel-Moderator-Chats-Pre-Davos-Excitement-Prep-Ahead-of-Impressive-Gig-2025-06-05T052715.601Z.jpeg\",\"keywords\":[\"Institut Rosenberg\"],\"articleSection\":[\"Education\"],\"inLanguage\":\"fr-FR\",\"potentialAction\":[{\"@type\":\"CommentAction\",\"name\":\"Comment\",\"target\":[\"https:\\\/\\\/edelweiss-panorama.ch\\\/watch-student-panel-moderator-chats-pre-davos-excitement-prep-ahead-of-impressive-gig\\\/#respond\"]}]},{\"@type\":\"WebPage\",\"@id\":\"https:\\\/\\\/edelweiss-panorama.ch\\\/watch-student-panel-moderator-chats-pre-davos-excitement-prep-ahead-of-impressive-gig\\\/\",\"url\":\"https:\\\/\\\/edelweiss-panorama.ch\\\/watch-student-panel-moderator-chats-pre-davos-excitement-prep-ahead-of-impressive-gig\\\/\",\"name\":\"WATCH: Student Panel Moderator Chats Pre-Davos Excitement & Prep Ahead of Impressive Gig - Edelweiss Panorama International\",\"isPartOf\":{\"@id\":\"https:\\\/\\\/edelweiss-panorama.ch\\\/fr\\\/#website\"},\"primaryImageOfPage\":{\"@id\":\"https:\\\/\\\/edelweiss-panorama.ch\\\/watch-student-panel-moderator-chats-pre-davos-excitement-prep-ahead-of-impressive-gig\\\/#primaryimage\"},\"image\":{\"@id\":\"https:\\\/\\\/edelweiss-panorama.ch\\\/watch-student-panel-moderator-chats-pre-davos-excitement-prep-ahead-of-impressive-gig\\\/#primaryimage\"},\"thumbnailUrl\":\"https:\\\/\\\/edelweiss-panorama.ch\\\/wp-content\\\/uploads\\\/2025\\\/06\\\/WATCH-Student-Panel-Moderator-Chats-Pre-Davos-Excitement-Prep-Ahead-of-Impressive-Gig-2025-06-05T052715.601Z.jpeg\",\"datePublished\":\"2025-06-05T05:27:43+00:00\",\"breadcrumb\":{\"@id\":\"https:\\\/\\\/edelweiss-panorama.ch\\\/watch-student-panel-moderator-chats-pre-davos-excitement-prep-ahead-of-impressive-gig\\\/#breadcrumb\"},\"inLanguage\":\"fr-FR\",\"potentialAction\":[{\"@type\":\"ReadAction\",\"target\":[\"https:\\\/\\\/edelweiss-panorama.ch\\\/watch-student-panel-moderator-chats-pre-davos-excitement-prep-ahead-of-impressive-gig\\\/\"]}]},{\"@type\":\"ImageObject\",\"inLanguage\":\"fr-FR\",\"@id\":\"https:\\\/\\\/edelweiss-panorama.ch\\\/watch-student-panel-moderator-chats-pre-davos-excitement-prep-ahead-of-impressive-gig\\\/#primaryimage\",\"url\":\"https:\\\/\\\/edelweiss-panorama.ch\\\/wp-content\\\/uploads\\\/2025\\\/06\\\/WATCH-Student-Panel-Moderator-Chats-Pre-Davos-Excitement-Prep-Ahead-of-Impressive-Gig-2025-06-05T052715.601Z.jpeg\",\"contentUrl\":\"https:\\\/\\\/edelweiss-panorama.ch\\\/wp-content\\\/uploads\\\/2025\\\/06\\\/WATCH-Student-Panel-Moderator-Chats-Pre-Davos-Excitement-Prep-Ahead-of-Impressive-Gig-2025-06-05T052715.601Z.jpeg\",\"width\":1080,\"height\":1080},{\"@type\":\"BreadcrumbList\",\"@id\":\"https:\\\/\\\/edelweiss-panorama.ch\\\/watch-student-panel-moderator-chats-pre-davos-excitement-prep-ahead-of-impressive-gig\\\/#breadcrumb\",\"itemListElement\":[{\"@type\":\"ListItem\",\"position\":1,\"name\":\"Home\",\"item\":\"https:\\\/\\\/edelweiss-panorama.ch\\\/\"},{\"@type\":\"ListItem\",\"position\":2,\"name\":\"WATCH: Student Panel Moderator Chats Pre-Davos Excitement &#038; Prep Ahead of Impressive Gig\"}]},{\"@type\":\"WebSite\",\"@id\":\"https:\\\/\\\/edelweiss-panorama.ch\\\/fr\\\/#website\",\"url\":\"https:\\\/\\\/edelweiss-panorama.ch\\\/fr\\\/\",\"name\":\"Edelweiss Panorama International\",\"description\":\"Allows you to live and thrive every corner of the world.\",\"publisher\":{\"@id\":\"https:\\\/\\\/edelweiss-panorama.ch\\\/fr\\\/#organization\"},\"potentialAction\":[{\"@type\":\"SearchAction\",\"target\":{\"@type\":\"EntryPoint\",\"urlTemplate\":\"https:\\\/\\\/edelweiss-panorama.ch\\\/fr\\\/?s={search_term_string}\"},\"query-input\":{\"@type\":\"PropertyValueSpecification\",\"valueRequired\":true,\"valueName\":\"search_term_string\"}}],\"inLanguage\":\"fr-FR\"},{\"@type\":\"Organization\",\"@id\":\"https:\\\/\\\/edelweiss-panorama.ch\\\/fr\\\/#organization\",\"name\":\"Edelweiss Panorama International\",\"url\":\"https:\\\/\\\/edelweiss-panorama.ch\\\/fr\\\/\",\"logo\":{\"@type\":\"ImageObject\",\"inLanguage\":\"fr-FR\",\"@id\":\"https:\\\/\\\/edelweiss-panorama.ch\\\/fr\\\/#\\\/schema\\\/logo\\\/image\\\/\",\"url\":\"https:\\\/\\\/edelweiss-panorama.ch\\\/wp-content\\\/uploads\\\/2020\\\/04\\\/Untitled-design-1-1.png\",\"contentUrl\":\"https:\\\/\\\/edelweiss-panorama.ch\\\/wp-content\\\/uploads\\\/2020\\\/04\\\/Untitled-design-1-1.png\",\"width\":1080,\"height\":1080,\"caption\":\"Edelweiss Panorama International\"},\"image\":{\"@id\":\"https:\\\/\\\/edelweiss-panorama.ch\\\/fr\\\/#\\\/schema\\\/logo\\\/image\\\/\"},\"sameAs\":[\"https:\\\/\\\/www.facebook.com\\\/edelweisspanorama\",\"https:\\\/\\\/x.com\\\/EPI_Swiss\"]},{\"@type\":\"Person\",\"@id\":\"https:\\\/\\\/edelweiss-panorama.ch\\\/fr\\\/#\\\/schema\\\/person\\\/40f339557f1e3168761bba6377cb0829\",\"name\":\"Frederic Tatu\",\"image\":{\"@type\":\"ImageObject\",\"inLanguage\":\"fr-FR\",\"@id\":\"https:\\\/\\\/secure.gravatar.com\\\/avatar\\\/0fe323859f18731575cc1727306a418c1c06adb036da08a42ad58ee43321377e?s=96&d=mm&r=g\",\"url\":\"https:\\\/\\\/secure.gravatar.com\\\/avatar\\\/0fe323859f18731575cc1727306a418c1c06adb036da08a42ad58ee43321377e?s=96&d=mm&r=g\",\"contentUrl\":\"https:\\\/\\\/secure.gravatar.com\\\/avatar\\\/0fe323859f18731575cc1727306a418c1c06adb036da08a42ad58ee43321377e?s=96&d=mm&r=g\",\"caption\":\"Frederic Tatu\"}}]}<\/script>\n<!-- \/ Yoast SEO plugin. -->","yoast_head_json":{"title":"REGARDEZ : Le mod\u00e9rateur du panel d'\u00e9tudiants parle de l'excitation et de la pr\u00e9paration avant le Davos - Edelweiss Panorama International","robots":{"index":"index","follow":"follow","max-snippet":"max-snippet:-1","max-image-preview":"max-image-preview:large","max-video-preview":"max-video-preview:-1"},"canonical":"https:\/\/edelweiss-panorama.ch\/fr\/watch-student-panel-moderator-chats-pre-davos-excitement-preparation-before-impressive-gig\/","og_locale":"fr_FR","og_type":"article","og_title":"WATCH: Student Panel Moderator Chats Pre-Davos Excitement & Prep Ahead of Impressive Gig - Edelweiss Panorama International","og_description":"Further detailing the preparatory phase, the article notes Maeve's partnership with fellow student panelist Elle B., as they engaged in preliminary calls with experts to ensure the Davos discussions are as impactful as possible. The excitement surrounding the event is palpable, with the Institut Rosenberg's community eagerly anticipating the opportunity to bring their classroom insights to a global platform. The article concludes with an encouraging note, rallying support for the participants as they prepare to showcase their knowledge and perspectives on the international stage at Davos.","og_url":"https:\/\/edelweiss-panorama.ch\/fr\/watch-student-panel-moderator-chats-pre-davos-excitement-preparation-before-impressive-gig\/","og_site_name":"Edelweiss Panorama International","article_publisher":"https:\/\/www.facebook.com\/edelweisspanorama","article_published_time":"2025-06-05T05:27:43+00:00","author":"Frederic Tatu","twitter_card":"summary_large_image","twitter_creator":"@EPI_Swiss","twitter_site":"@EPI_Swiss","twitter_misc":{"\u00c9crit par":"Frederic Tatu","Dur\u00e9e de lecture estim\u00e9e":"1 minute"},"schema":{"@context":"https:\/\/schema.org","@graph":[{"@type":"Article","@id":"https:\/\/edelweiss-panorama.ch\/watch-student-panel-moderator-chats-pre-davos-excitement-prep-ahead-of-impressive-gig\/#article","isPartOf":{"@id":"https:\/\/edelweiss-panorama.ch\/watch-student-panel-moderator-chats-pre-davos-excitement-prep-ahead-of-impressive-gig\/"},"author":{"name":"Frederic Tatu","@id":"https:\/\/edelweiss-panorama.ch\/fr\/#\/schema\/person\/40f339557f1e3168761bba6377cb0829"},"headline":"WATCH: Student Panel Moderator Chats Pre-Davos Excitement &#038; Prep Ahead of Impressive Gig","datePublished":"2025-06-05T05:27:43+00:00","mainEntityOfPage":{"@id":"https:\/\/edelweiss-panorama.ch\/watch-student-panel-moderator-chats-pre-davos-excitement-prep-ahead-of-impressive-gig\/"},"wordCount":214,"commentCount":0,"publisher":{"@id":"https:\/\/edelweiss-panorama.ch\/fr\/#organization"},"image":{"@id":"https:\/\/edelweiss-panorama.ch\/watch-student-panel-moderator-chats-pre-davos-excitement-prep-ahead-of-impressive-gig\/#primaryimage"},"thumbnailUrl":"https:\/\/edelweiss-panorama.ch\/wp-content\/uploads\/2025\/06\/WATCH-Student-Panel-Moderator-Chats-Pre-Davos-Excitement-Prep-Ahead-of-Impressive-Gig-2025-06-05T052715.601Z.jpeg","keywords":["Institut Rosenberg"],"articleSection":["Education"],"inLanguage":"fr-FR","potentialAction":[{"@type":"CommentAction","name":"Comment","target":["https:\/\/edelweiss-panorama.ch\/watch-student-panel-moderator-chats-pre-davos-excitement-prep-ahead-of-impressive-gig\/#respond"]}]},{"@type":"WebPage","@id":"https:\/\/edelweiss-panorama.ch\/watch-student-panel-moderator-chats-pre-davos-excitement-prep-ahead-of-impressive-gig\/","url":"https:\/\/edelweiss-panorama.ch\/watch-student-panel-moderator-chats-pre-davos-excitement-prep-ahead-of-impressive-gig\/","name":"REGARDEZ : Le mod\u00e9rateur du panel d'\u00e9tudiants parle de l'excitation et de la pr\u00e9paration avant le Davos - Edelweiss Panorama International","isPartOf":{"@id":"https:\/\/edelweiss-panorama.ch\/fr\/#website"},"primaryImageOfPage":{"@id":"https:\/\/edelweiss-panorama.ch\/watch-student-panel-moderator-chats-pre-davos-excitement-prep-ahead-of-impressive-gig\/#primaryimage"},"image":{"@id":"https:\/\/edelweiss-panorama.ch\/watch-student-panel-moderator-chats-pre-davos-excitement-prep-ahead-of-impressive-gig\/#primaryimage"},"thumbnailUrl":"https:\/\/edelweiss-panorama.ch\/wp-content\/uploads\/2025\/06\/WATCH-Student-Panel-Moderator-Chats-Pre-Davos-Excitement-Prep-Ahead-of-Impressive-Gig-2025-06-05T052715.601Z.jpeg","datePublished":"2025-06-05T05:27:43+00:00","breadcrumb":{"@id":"https:\/\/edelweiss-panorama.ch\/watch-student-panel-moderator-chats-pre-davos-excitement-prep-ahead-of-impressive-gig\/#breadcrumb"},"inLanguage":"fr-FR","potentialAction":[{"@type":"ReadAction","target":["https:\/\/edelweiss-panorama.ch\/watch-student-panel-moderator-chats-pre-davos-excitement-prep-ahead-of-impressive-gig\/"]}]},{"@type":"ImageObject","inLanguage":"fr-FR","@id":"https:\/\/edelweiss-panorama.ch\/watch-student-panel-moderator-chats-pre-davos-excitement-prep-ahead-of-impressive-gig\/#primaryimage","url":"https:\/\/edelweiss-panorama.ch\/wp-content\/uploads\/2025\/06\/WATCH-Student-Panel-Moderator-Chats-Pre-Davos-Excitement-Prep-Ahead-of-Impressive-Gig-2025-06-05T052715.601Z.jpeg","contentUrl":"https:\/\/edelweiss-panorama.ch\/wp-content\/uploads\/2025\/06\/WATCH-Student-Panel-Moderator-Chats-Pre-Davos-Excitement-Prep-Ahead-of-Impressive-Gig-2025-06-05T052715.601Z.jpeg","width":1080,"height":1080},{"@type":"BreadcrumbList","@id":"https:\/\/edelweiss-panorama.ch\/watch-student-panel-moderator-chats-pre-davos-excitement-prep-ahead-of-impressive-gig\/#breadcrumb","itemListElement":[{"@type":"ListItem","position":1,"name":"Home","item":"https:\/\/edelweiss-panorama.ch\/"},{"@type":"ListItem","position":2,"name":"WATCH: Student Panel Moderator Chats Pre-Davos Excitement &#038; Prep Ahead of Impressive Gig"}]},{"@type":"WebSite","@id":"https:\/\/edelweiss-panorama.ch\/fr\/#website","url":"https:\/\/edelweiss-panorama.ch\/fr\/","name":"Edelweiss Panorama International","description":"Il vous permet de vivre et de prosp\u00e9rer aux quatre coins du monde.","publisher":{"@id":"https:\/\/edelweiss-panorama.ch\/fr\/#organization"},"potentialAction":[{"@type":"SearchAction","target":{"@type":"EntryPoint","urlTemplate":"https:\/\/edelweiss-panorama.ch\/fr\/?s={search_term_string}"},"query-input":{"@type":"PropertyValueSpecification","valueRequired":true,"valueName":"search_term_string"}}],"inLanguage":"fr-FR"},{"@type":"Organization","@id":"https:\/\/edelweiss-panorama.ch\/fr\/#organization","name":"Edelweiss Panorama International","url":"https:\/\/edelweiss-panorama.ch\/fr\/","logo":{"@type":"ImageObject","inLanguage":"fr-FR","@id":"https:\/\/edelweiss-panorama.ch\/fr\/#\/schema\/logo\/image\/","url":"https:\/\/edelweiss-panorama.ch\/wp-content\/uploads\/2020\/04\/Untitled-design-1-1.png","contentUrl":"https:\/\/edelweiss-panorama.ch\/wp-content\/uploads\/2020\/04\/Untitled-design-1-1.png","width":1080,"height":1080,"caption":"Edelweiss Panorama International"},"image":{"@id":"https:\/\/edelweiss-panorama.ch\/fr\/#\/schema\/logo\/image\/"},"sameAs":["https:\/\/www.facebook.com\/edelweisspanorama","https:\/\/x.com\/EPI_Swiss"]},{"@type":"Person","@id":"https:\/\/edelweiss-panorama.ch\/fr\/#\/schema\/person\/40f339557f1e3168761bba6377cb0829","name":"Fr\u00e9d\u00e9ric Tatu","image":{"@type":"ImageObject","inLanguage":"fr-FR","@id":"https:\/\/secure.gravatar.com\/avatar\/0fe323859f18731575cc1727306a418c1c06adb036da08a42ad58ee43321377e?s=96&d=mm&r=g","url":"https:\/\/secure.gravatar.com\/avatar\/0fe323859f18731575cc1727306a418c1c06adb036da08a42ad58ee43321377e?s=96&d=mm&r=g","contentUrl":"https:\/\/secure.gravatar.com\/avatar\/0fe323859f18731575cc1727306a418c1c06adb036da08a42ad58ee43321377e?s=96&d=mm&r=g","caption":"Frederic Tatu"}}]}},"_links":{"self":[{"href":"https:\/\/edelweiss-panorama.ch\/fr\/wp-json\/wp\/v2\/posts\/47329","targetHints":{"allow":["GET"]}}],"collection":[{"href":"https:\/\/edelweiss-panorama.ch\/fr\/wp-json\/wp\/v2\/posts"}],"about":[{"href":"https:\/\/edelweiss-panorama.ch\/fr\/wp-json\/wp\/v2\/types\/post"}],"author":[{"embeddable":true,"href":"https:\/\/edelweiss-panorama.ch\/fr\/wp-json\/wp\/v2\/users\/10"}],"replies":[{"embeddable":true,"href":"https:\/\/edelweiss-panorama.ch\/fr\/wp-json\/wp\/v2\/comments?post=47329"}],"version-history":[{"count":0,"href":"https:\/\/edelweiss-panorama.ch\/fr\/wp-json\/wp\/v2\/posts\/47329\/revisions"}],"wp:featuredmedia":[{"embeddable":true,"href":"https:\/\/edelweiss-panorama.ch\/fr\/wp-json\/wp\/v2\/media\/47327"}],"wp:attachment":[{"href":"https:\/\/edelweiss-panorama.ch\/fr\/wp-json\/wp\/v2\/media?parent=47329"}],"wp:term":[{"taxonomy":"category","embeddable":true,"href":"https:\/\/edelweiss-panorama.ch\/fr\/wp-json\/wp\/v2\/categories?post=47329"},{"taxonomy":"post_tag","embeddable":true,"href":"https:\/\/edelweiss-panorama.ch\/fr\/wp-json\/wp\/v2\/tags?post=47329"}],"curies":[{"name":"wp","href":"https:\/\/api.w.org\/{rel}","templated":true}]}}