{"id":47494,"date":"2025-06-15T17:43:59","date_gmt":"2025-06-15T15:43:59","guid":{"rendered":"https:\/\/edelweiss-panorama.ch\/champittet-students-explore-nature-and-raise-eco-awareness-for-earth-week\/"},"modified":"2025-06-15T17:43:59","modified_gmt":"2025-06-15T15:43:59","slug":"les-eleves-de-champittet-explorent-la-nature-et-sensibilisent-a-lecologie-a-loccasion-de-la-semaine-de-la-terre","status":"publish","type":"post","link":"https:\/\/edelweiss-panorama.ch\/fr\/champittet-students-explore-nature-and-raise-eco-awareness-for-earth-week\/","title":{"rendered":"Les \u00e9l\u00e8ves de Champittet explorent la nature et sensibilisent \u00e0 l'\u00e9cologie \u00e0 l'occasion de la Semaine de la Terre"},"content":{"rendered":"<p>From recognising birdsong to tasting fresh honey, students from preschool to Grade 4 at [Coll\u00e8ge Champittet](https:\/\/edelweiss-panorama.ch\/champittet-college\/) immersed themselves in the wonders of nature during Earth Week. Guided by birdwatching enthusiast Marc, students in Grades 1 and 2 learned to identify birds by their songs and colours, skills that will be invaluable for future Forest School outings. Meanwhile, preschoolers and Grade 4 students delved into the fascinating world of bees with beekeeper C\u00e9dric, enjoying honey tasting sessions. The 4th-graders took their learning further by making seed bombs to attract pollinators, while the youngest learners crafted handmade beeswax candles. Additionally, 1st-graders embarked on a special outing to Jorat Nature Park, where they used their five senses to explore the forest like woodland creatures, spotting rare butterflies and tasting natural treats like hazelnuts and nettle syrup.<\/p>\n<p>The Earth Week activities at [Coll\u00e8ge Champittet](https:\/\/edelweiss-panorama.ch\/champittet-college\/) also included creative expressions of environmental stewardship. Grades 1 and 2 students hosted a breakfast for their parents to showcase their newfound knowledge, while 3rd-graders engaged with the book *The Wolf Who Loved Trees*, participating in activities focused on waste, recycling, and planet protection. The primary students discussed the four &#8216;R&#8217;s \u2013 Refuse, Reduce, Reuse, Recycle \u2013 and applied these principles creatively. Some designed posters advocating for planetary care, now adorning the school, while others crafted musical instruments from recycled materials and performed the song &#8216;Save Our Planet&#8217; for younger students. The Parents\u2019 Association contributed by organizing a book exchange, promoting reuse and literary discovery. The week concluded with anticipation for the butterflies expected to emerge in the school garden, symbolizing the growth and learning fostered during Earth Week.<\/p>\n<p><img decoding=\"async\" src=\"\/wp-content\/uploads\/2025\/06\/Champittet-students-explore-nature-and-raise-eco-awareness-for-Earth-Week-2025-06-15T154329.312Z.jpeg\" \/><img decoding=\"async\" src=\"\/wp-content\/uploads\/2025\/06\/Champittet-students-explore-nature-and-raise-eco-awareness-for-Earth-Week-2025-06-15T154333.444Z.jpeg\" \/><img decoding=\"async\" src=\"\/wp-content\/uploads\/2025\/06\/Champittet-students-explore-nature-and-raise-eco-awareness-for-Earth-Week-2025-06-15T154336.805Z.jpeg\" \/><img decoding=\"async\" src=\"\/wp-content\/uploads\/2025\/06\/Champittet-students-explore-nature-and-raise-eco-awareness-for-Earth-Week-2025-06-15T154340.277Z.jpeg\" \/><img decoding=\"async\" src=\"\/wp-content\/uploads\/2025\/06\/Champittet-students-explore-nature-and-raise-eco-awareness-for-Earth-Week-2025-06-15T154344.134Z.jpeg\" \/><img decoding=\"async\" src=\"\/wp-content\/uploads\/2025\/06\/Champittet-students-explore-nature-and-raise-eco-awareness-for-Earth-Week-2025-06-15T154347.637Z.jpeg\" \/><img decoding=\"async\" src=\"\/wp-content\/uploads\/2025\/06\/Champittet-students-explore-nature-and-raise-eco-awareness-for-Earth-Week-2025-06-15T154351.052Z.jpeg\" \/><img decoding=\"async\" src=\"\/wp-content\/uploads\/2025\/06\/Champittet-students-explore-nature-and-raise-eco-awareness-for-Earth-Week-2025-06-15T154354.865Z.jpeg\" \/><img decoding=\"async\" src=\"\/wp-content\/uploads\/2025\/06\/Champittet-students-explore-nature-and-raise-eco-awareness-for-Earth-Week-2025-06-15T154357.887Z.jpeg\" \/><\/p>\n","protected":false},"excerpt":{"rendered":"<p>Au cours de la Semaine de la Terre, les \u00e9l\u00e8ves du Coll\u00e8ge Champittet ont particip\u00e9 \u00e0 des explorations pratiques de la nature et \u00e0 des projets cr\u00e9atifs visant \u00e0 promouvoir la sensibilisation \u00e0 l'environnement, de l'observation des oiseaux \u00e0 l'apiculture, en passant par l'utilisation de mat\u00e9riaux recycl\u00e9s et la promotion des principes du d\u00e9veloppement durable.<\/p>","protected":false},"author":10,"featured_media":47484,"comment_status":"open","ping_status":"open","sticky":false,"template":"","format":"standard","meta":{"footnotes":""},"categories":[13],"tags":[360],"class_list":["post-47494","post","type-post","status-publish","format-standard","has-post-thumbnail","hentry","category-education","tag-champittet-college"],"yoast_head":"<!-- This site is optimized with the Yoast SEO plugin v27.5 - https:\/\/yoast.com\/product\/yoast-seo-wordpress\/ -->\n<title>Champittet students explore nature and raise eco-awareness for Earth Week - Edelweiss Panorama International<\/title>\n<meta name=\"robots\" content=\"index, follow, max-snippet:-1, max-image-preview:large, max-video-preview:-1\" \/>\n<link rel=\"canonical\" href=\"https:\/\/edelweiss-panorama.ch\/fr\/les-eleves-de-champittet-explorent-la-nature-et-sensibilisent-a-lecologie-a-loccasion-de-la-semaine-de-la-terre\/\" \/>\n<meta property=\"og:locale\" content=\"fr_FR\" \/>\n<meta property=\"og:type\" content=\"article\" \/>\n<meta property=\"og:title\" content=\"Champittet students explore nature and raise eco-awareness for Earth Week - Edelweiss Panorama International\" \/>\n<meta property=\"og:description\" content=\"During Earth Week, students at Coll\u00e8ge Champittet engaged in hands-on nature exploration and creative projects to foster environmental awareness, from birdwatching and beekeeping to crafting with recycled materials and promoting the principles of sustainability.\" \/>\n<meta property=\"og:url\" content=\"https:\/\/edelweiss-panorama.ch\/fr\/les-eleves-de-champittet-explorent-la-nature-et-sensibilisent-a-lecologie-a-loccasion-de-la-semaine-de-la-terre\/\" \/>\n<meta property=\"og:site_name\" content=\"Edelweiss Panorama International\" \/>\n<meta property=\"article:publisher\" content=\"https:\/\/www.facebook.com\/edelweisspanorama\" \/>\n<meta property=\"article:published_time\" content=\"2025-06-15T15:43:59+00:00\" \/>\n<meta name=\"author\" content=\"Frederic Tatu\" \/>\n<meta name=\"twitter:card\" content=\"summary_large_image\" \/>\n<meta name=\"twitter:creator\" content=\"@EPI_Swiss\" \/>\n<meta name=\"twitter:site\" content=\"@EPI_Swiss\" \/>\n<meta name=\"twitter:label1\" content=\"\u00c9crit par\" \/>\n\t<meta name=\"twitter:data1\" content=\"Frederic Tatu\" \/>\n\t<meta name=\"twitter:label2\" content=\"Dur\u00e9e de lecture estim\u00e9e\" \/>\n\t<meta name=\"twitter:data2\" content=\"1 minute\" \/>\n<script type=\"application\/ld+json\" class=\"yoast-schema-graph\">{\"@context\":\"https:\\\/\\\/schema.org\",\"@graph\":[{\"@type\":\"Article\",\"@id\":\"https:\\\/\\\/edelweiss-panorama.ch\\\/champittet-students-explore-nature-and-raise-eco-awareness-for-earth-week\\\/#article\",\"isPartOf\":{\"@id\":\"https:\\\/\\\/edelweiss-panorama.ch\\\/champittet-students-explore-nature-and-raise-eco-awareness-for-earth-week\\\/\"},\"author\":{\"name\":\"Frederic Tatu\",\"@id\":\"https:\\\/\\\/edelweiss-panorama.ch\\\/fr\\\/#\\\/schema\\\/person\\\/40f339557f1e3168761bba6377cb0829\"},\"headline\":\"Champittet students explore nature and raise eco-awareness for Earth Week\",\"datePublished\":\"2025-06-15T15:43:59+00:00\",\"mainEntityOfPage\":{\"@id\":\"https:\\\/\\\/edelweiss-panorama.ch\\\/champittet-students-explore-nature-and-raise-eco-awareness-for-earth-week\\\/\"},\"wordCount\":283,\"commentCount\":0,\"publisher\":{\"@id\":\"https:\\\/\\\/edelweiss-panorama.ch\\\/fr\\\/#organization\"},\"image\":{\"@id\":\"https:\\\/\\\/edelweiss-panorama.ch\\\/champittet-students-explore-nature-and-raise-eco-awareness-for-earth-week\\\/#primaryimage\"},\"thumbnailUrl\":\"https:\\\/\\\/edelweiss-panorama.ch\\\/wp-content\\\/uploads\\\/2025\\\/06\\\/Champittet-students-explore-nature-and-raise-eco-awareness-for-Earth-Week-2025-06-15T154325.531Z.jpg\",\"keywords\":[\"Coll\u00e8ge Champittet\"],\"articleSection\":[\"Education\"],\"inLanguage\":\"fr-FR\",\"potentialAction\":[{\"@type\":\"CommentAction\",\"name\":\"Comment\",\"target\":[\"https:\\\/\\\/edelweiss-panorama.ch\\\/champittet-students-explore-nature-and-raise-eco-awareness-for-earth-week\\\/#respond\"]}]},{\"@type\":\"WebPage\",\"@id\":\"https:\\\/\\\/edelweiss-panorama.ch\\\/champittet-students-explore-nature-and-raise-eco-awareness-for-earth-week\\\/\",\"url\":\"https:\\\/\\\/edelweiss-panorama.ch\\\/champittet-students-explore-nature-and-raise-eco-awareness-for-earth-week\\\/\",\"name\":\"Champittet students explore nature and raise eco-awareness for Earth Week - Edelweiss Panorama International\",\"isPartOf\":{\"@id\":\"https:\\\/\\\/edelweiss-panorama.ch\\\/fr\\\/#website\"},\"primaryImageOfPage\":{\"@id\":\"https:\\\/\\\/edelweiss-panorama.ch\\\/champittet-students-explore-nature-and-raise-eco-awareness-for-earth-week\\\/#primaryimage\"},\"image\":{\"@id\":\"https:\\\/\\\/edelweiss-panorama.ch\\\/champittet-students-explore-nature-and-raise-eco-awareness-for-earth-week\\\/#primaryimage\"},\"thumbnailUrl\":\"https:\\\/\\\/edelweiss-panorama.ch\\\/wp-content\\\/uploads\\\/2025\\\/06\\\/Champittet-students-explore-nature-and-raise-eco-awareness-for-Earth-Week-2025-06-15T154325.531Z.jpg\",\"datePublished\":\"2025-06-15T15:43:59+00:00\",\"breadcrumb\":{\"@id\":\"https:\\\/\\\/edelweiss-panorama.ch\\\/champittet-students-explore-nature-and-raise-eco-awareness-for-earth-week\\\/#breadcrumb\"},\"inLanguage\":\"fr-FR\",\"potentialAction\":[{\"@type\":\"ReadAction\",\"target\":[\"https:\\\/\\\/edelweiss-panorama.ch\\\/champittet-students-explore-nature-and-raise-eco-awareness-for-earth-week\\\/\"]}]},{\"@type\":\"ImageObject\",\"inLanguage\":\"fr-FR\",\"@id\":\"https:\\\/\\\/edelweiss-panorama.ch\\\/champittet-students-explore-nature-and-raise-eco-awareness-for-earth-week\\\/#primaryimage\",\"url\":\"https:\\\/\\\/edelweiss-panorama.ch\\\/wp-content\\\/uploads\\\/2025\\\/06\\\/Champittet-students-explore-nature-and-raise-eco-awareness-for-Earth-Week-2025-06-15T154325.531Z.jpg\",\"contentUrl\":\"https:\\\/\\\/edelweiss-panorama.ch\\\/wp-content\\\/uploads\\\/2025\\\/06\\\/Champittet-students-explore-nature-and-raise-eco-awareness-for-Earth-Week-2025-06-15T154325.531Z.jpg\",\"width\":887,\"height\":499},{\"@type\":\"BreadcrumbList\",\"@id\":\"https:\\\/\\\/edelweiss-panorama.ch\\\/champittet-students-explore-nature-and-raise-eco-awareness-for-earth-week\\\/#breadcrumb\",\"itemListElement\":[{\"@type\":\"ListItem\",\"position\":1,\"name\":\"Home\",\"item\":\"https:\\\/\\\/edelweiss-panorama.ch\\\/\"},{\"@type\":\"ListItem\",\"position\":2,\"name\":\"Champittet students explore nature and raise eco-awareness for Earth Week\"}]},{\"@type\":\"WebSite\",\"@id\":\"https:\\\/\\\/edelweiss-panorama.ch\\\/fr\\\/#website\",\"url\":\"https:\\\/\\\/edelweiss-panorama.ch\\\/fr\\\/\",\"name\":\"Edelweiss Panorama International\",\"description\":\"Allows you to live and thrive every corner of the world.\",\"publisher\":{\"@id\":\"https:\\\/\\\/edelweiss-panorama.ch\\\/fr\\\/#organization\"},\"potentialAction\":[{\"@type\":\"SearchAction\",\"target\":{\"@type\":\"EntryPoint\",\"urlTemplate\":\"https:\\\/\\\/edelweiss-panorama.ch\\\/fr\\\/?s={search_term_string}\"},\"query-input\":{\"@type\":\"PropertyValueSpecification\",\"valueRequired\":true,\"valueName\":\"search_term_string\"}}],\"inLanguage\":\"fr-FR\"},{\"@type\":\"Organization\",\"@id\":\"https:\\\/\\\/edelweiss-panorama.ch\\\/fr\\\/#organization\",\"name\":\"Edelweiss Panorama International\",\"url\":\"https:\\\/\\\/edelweiss-panorama.ch\\\/fr\\\/\",\"logo\":{\"@type\":\"ImageObject\",\"inLanguage\":\"fr-FR\",\"@id\":\"https:\\\/\\\/edelweiss-panorama.ch\\\/fr\\\/#\\\/schema\\\/logo\\\/image\\\/\",\"url\":\"https:\\\/\\\/edelweiss-panorama.ch\\\/wp-content\\\/uploads\\\/2020\\\/04\\\/Untitled-design-1-1.png\",\"contentUrl\":\"https:\\\/\\\/edelweiss-panorama.ch\\\/wp-content\\\/uploads\\\/2020\\\/04\\\/Untitled-design-1-1.png\",\"width\":1080,\"height\":1080,\"caption\":\"Edelweiss Panorama International\"},\"image\":{\"@id\":\"https:\\\/\\\/edelweiss-panorama.ch\\\/fr\\\/#\\\/schema\\\/logo\\\/image\\\/\"},\"sameAs\":[\"https:\\\/\\\/www.facebook.com\\\/edelweisspanorama\",\"https:\\\/\\\/x.com\\\/EPI_Swiss\"]},{\"@type\":\"Person\",\"@id\":\"https:\\\/\\\/edelweiss-panorama.ch\\\/fr\\\/#\\\/schema\\\/person\\\/40f339557f1e3168761bba6377cb0829\",\"name\":\"Frederic Tatu\",\"image\":{\"@type\":\"ImageObject\",\"inLanguage\":\"fr-FR\",\"@id\":\"https:\\\/\\\/secure.gravatar.com\\\/avatar\\\/0fe323859f18731575cc1727306a418c1c06adb036da08a42ad58ee43321377e?s=96&d=mm&r=g\",\"url\":\"https:\\\/\\\/secure.gravatar.com\\\/avatar\\\/0fe323859f18731575cc1727306a418c1c06adb036da08a42ad58ee43321377e?s=96&d=mm&r=g\",\"contentUrl\":\"https:\\\/\\\/secure.gravatar.com\\\/avatar\\\/0fe323859f18731575cc1727306a418c1c06adb036da08a42ad58ee43321377e?s=96&d=mm&r=g\",\"caption\":\"Frederic Tatu\"}}]}<\/script>\n<!-- \/ Yoast SEO plugin. -->","yoast_head_json":{"title":"Les \u00e9l\u00e8ves de Champittet explorent la nature et sensibilisent \u00e0 l'\u00e9cologie \u00e0 l'occasion de la Semaine de la Terre - Edelweiss Panorama International","robots":{"index":"index","follow":"follow","max-snippet":"max-snippet:-1","max-image-preview":"max-image-preview:large","max-video-preview":"max-video-preview:-1"},"canonical":"https:\/\/edelweiss-panorama.ch\/fr\/les-eleves-de-champittet-explorent-la-nature-et-sensibilisent-a-lecologie-a-loccasion-de-la-semaine-de-la-terre\/","og_locale":"fr_FR","og_type":"article","og_title":"Champittet students explore nature and raise eco-awareness for Earth Week - Edelweiss Panorama International","og_description":"During Earth Week, students at Coll\u00e8ge Champittet engaged in hands-on nature exploration and creative projects to foster environmental awareness, from birdwatching and beekeeping to crafting with recycled materials and promoting the principles of sustainability.","og_url":"https:\/\/edelweiss-panorama.ch\/fr\/les-eleves-de-champittet-explorent-la-nature-et-sensibilisent-a-lecologie-a-loccasion-de-la-semaine-de-la-terre\/","og_site_name":"Edelweiss Panorama International","article_publisher":"https:\/\/www.facebook.com\/edelweisspanorama","article_published_time":"2025-06-15T15:43:59+00:00","author":"Frederic Tatu","twitter_card":"summary_large_image","twitter_creator":"@EPI_Swiss","twitter_site":"@EPI_Swiss","twitter_misc":{"\u00c9crit par":"Frederic Tatu","Dur\u00e9e de lecture estim\u00e9e":"1 minute"},"schema":{"@context":"https:\/\/schema.org","@graph":[{"@type":"Article","@id":"https:\/\/edelweiss-panorama.ch\/champittet-students-explore-nature-and-raise-eco-awareness-for-earth-week\/#article","isPartOf":{"@id":"https:\/\/edelweiss-panorama.ch\/champittet-students-explore-nature-and-raise-eco-awareness-for-earth-week\/"},"author":{"name":"Frederic Tatu","@id":"https:\/\/edelweiss-panorama.ch\/fr\/#\/schema\/person\/40f339557f1e3168761bba6377cb0829"},"headline":"Champittet students explore nature and raise eco-awareness for Earth Week","datePublished":"2025-06-15T15:43:59+00:00","mainEntityOfPage":{"@id":"https:\/\/edelweiss-panorama.ch\/champittet-students-explore-nature-and-raise-eco-awareness-for-earth-week\/"},"wordCount":283,"commentCount":0,"publisher":{"@id":"https:\/\/edelweiss-panorama.ch\/fr\/#organization"},"image":{"@id":"https:\/\/edelweiss-panorama.ch\/champittet-students-explore-nature-and-raise-eco-awareness-for-earth-week\/#primaryimage"},"thumbnailUrl":"https:\/\/edelweiss-panorama.ch\/wp-content\/uploads\/2025\/06\/Champittet-students-explore-nature-and-raise-eco-awareness-for-Earth-Week-2025-06-15T154325.531Z.jpg","keywords":["Coll\u00e8ge Champittet"],"articleSection":["Education"],"inLanguage":"fr-FR","potentialAction":[{"@type":"CommentAction","name":"Comment","target":["https:\/\/edelweiss-panorama.ch\/champittet-students-explore-nature-and-raise-eco-awareness-for-earth-week\/#respond"]}]},{"@type":"WebPage","@id":"https:\/\/edelweiss-panorama.ch\/champittet-students-explore-nature-and-raise-eco-awareness-for-earth-week\/","url":"https:\/\/edelweiss-panorama.ch\/champittet-students-explore-nature-and-raise-eco-awareness-for-earth-week\/","name":"Les \u00e9l\u00e8ves de Champittet explorent la nature et sensibilisent \u00e0 l'\u00e9cologie \u00e0 l'occasion de la Semaine de la Terre - Edelweiss Panorama International","isPartOf":{"@id":"https:\/\/edelweiss-panorama.ch\/fr\/#website"},"primaryImageOfPage":{"@id":"https:\/\/edelweiss-panorama.ch\/champittet-students-explore-nature-and-raise-eco-awareness-for-earth-week\/#primaryimage"},"image":{"@id":"https:\/\/edelweiss-panorama.ch\/champittet-students-explore-nature-and-raise-eco-awareness-for-earth-week\/#primaryimage"},"thumbnailUrl":"https:\/\/edelweiss-panorama.ch\/wp-content\/uploads\/2025\/06\/Champittet-students-explore-nature-and-raise-eco-awareness-for-Earth-Week-2025-06-15T154325.531Z.jpg","datePublished":"2025-06-15T15:43:59+00:00","breadcrumb":{"@id":"https:\/\/edelweiss-panorama.ch\/champittet-students-explore-nature-and-raise-eco-awareness-for-earth-week\/#breadcrumb"},"inLanguage":"fr-FR","potentialAction":[{"@type":"ReadAction","target":["https:\/\/edelweiss-panorama.ch\/champittet-students-explore-nature-and-raise-eco-awareness-for-earth-week\/"]}]},{"@type":"ImageObject","inLanguage":"fr-FR","@id":"https:\/\/edelweiss-panorama.ch\/champittet-students-explore-nature-and-raise-eco-awareness-for-earth-week\/#primaryimage","url":"https:\/\/edelweiss-panorama.ch\/wp-content\/uploads\/2025\/06\/Champittet-students-explore-nature-and-raise-eco-awareness-for-Earth-Week-2025-06-15T154325.531Z.jpg","contentUrl":"https:\/\/edelweiss-panorama.ch\/wp-content\/uploads\/2025\/06\/Champittet-students-explore-nature-and-raise-eco-awareness-for-Earth-Week-2025-06-15T154325.531Z.jpg","width":887,"height":499},{"@type":"BreadcrumbList","@id":"https:\/\/edelweiss-panorama.ch\/champittet-students-explore-nature-and-raise-eco-awareness-for-earth-week\/#breadcrumb","itemListElement":[{"@type":"ListItem","position":1,"name":"Home","item":"https:\/\/edelweiss-panorama.ch\/"},{"@type":"ListItem","position":2,"name":"Champittet students explore nature and raise eco-awareness for Earth Week"}]},{"@type":"WebSite","@id":"https:\/\/edelweiss-panorama.ch\/fr\/#website","url":"https:\/\/edelweiss-panorama.ch\/fr\/","name":"Edelweiss Panorama International","description":"Il vous permet de vivre et de prosp\u00e9rer aux quatre coins du monde.","publisher":{"@id":"https:\/\/edelweiss-panorama.ch\/fr\/#organization"},"potentialAction":[{"@type":"SearchAction","target":{"@type":"EntryPoint","urlTemplate":"https:\/\/edelweiss-panorama.ch\/fr\/?s={search_term_string}"},"query-input":{"@type":"PropertyValueSpecification","valueRequired":true,"valueName":"search_term_string"}}],"inLanguage":"fr-FR"},{"@type":"Organization","@id":"https:\/\/edelweiss-panorama.ch\/fr\/#organization","name":"Edelweiss Panorama International","url":"https:\/\/edelweiss-panorama.ch\/fr\/","logo":{"@type":"ImageObject","inLanguage":"fr-FR","@id":"https:\/\/edelweiss-panorama.ch\/fr\/#\/schema\/logo\/image\/","url":"https:\/\/edelweiss-panorama.ch\/wp-content\/uploads\/2020\/04\/Untitled-design-1-1.png","contentUrl":"https:\/\/edelweiss-panorama.ch\/wp-content\/uploads\/2020\/04\/Untitled-design-1-1.png","width":1080,"height":1080,"caption":"Edelweiss Panorama International"},"image":{"@id":"https:\/\/edelweiss-panorama.ch\/fr\/#\/schema\/logo\/image\/"},"sameAs":["https:\/\/www.facebook.com\/edelweisspanorama","https:\/\/x.com\/EPI_Swiss"]},{"@type":"Person","@id":"https:\/\/edelweiss-panorama.ch\/fr\/#\/schema\/person\/40f339557f1e3168761bba6377cb0829","name":"Fr\u00e9d\u00e9ric Tatu","image":{"@type":"ImageObject","inLanguage":"fr-FR","@id":"https:\/\/secure.gravatar.com\/avatar\/0fe323859f18731575cc1727306a418c1c06adb036da08a42ad58ee43321377e?s=96&d=mm&r=g","url":"https:\/\/secure.gravatar.com\/avatar\/0fe323859f18731575cc1727306a418c1c06adb036da08a42ad58ee43321377e?s=96&d=mm&r=g","contentUrl":"https:\/\/secure.gravatar.com\/avatar\/0fe323859f18731575cc1727306a418c1c06adb036da08a42ad58ee43321377e?s=96&d=mm&r=g","caption":"Frederic Tatu"}}]}},"_links":{"self":[{"href":"https:\/\/edelweiss-panorama.ch\/fr\/wp-json\/wp\/v2\/posts\/47494","targetHints":{"allow":["GET"]}}],"collection":[{"href":"https:\/\/edelweiss-panorama.ch\/fr\/wp-json\/wp\/v2\/posts"}],"about":[{"href":"https:\/\/edelweiss-panorama.ch\/fr\/wp-json\/wp\/v2\/types\/post"}],"author":[{"embeddable":true,"href":"https:\/\/edelweiss-panorama.ch\/fr\/wp-json\/wp\/v2\/users\/10"}],"replies":[{"embeddable":true,"href":"https:\/\/edelweiss-panorama.ch\/fr\/wp-json\/wp\/v2\/comments?post=47494"}],"version-history":[{"count":0,"href":"https:\/\/edelweiss-panorama.ch\/fr\/wp-json\/wp\/v2\/posts\/47494\/revisions"}],"wp:featuredmedia":[{"embeddable":true,"href":"https:\/\/edelweiss-panorama.ch\/fr\/wp-json\/wp\/v2\/media\/47484"}],"wp:attachment":[{"href":"https:\/\/edelweiss-panorama.ch\/fr\/wp-json\/wp\/v2\/media?parent=47494"}],"wp:term":[{"taxonomy":"category","embeddable":true,"href":"https:\/\/edelweiss-panorama.ch\/fr\/wp-json\/wp\/v2\/categories?post=47494"},{"taxonomy":"post_tag","embeddable":true,"href":"https:\/\/edelweiss-panorama.ch\/fr\/wp-json\/wp\/v2\/tags?post=47494"}],"curies":[{"name":"wp","href":"https:\/\/api.w.org\/{rel}","templated":true}]}}