{"id":47496,"date":"2025-06-15T17:44:31","date_gmt":"2025-06-15T15:44:31","guid":{"rendered":"https:\/\/edelweiss-panorama.ch\/bravo-champittet-performers-win-two-categories-in-global-virtual-young-musician-competition\/"},"modified":"2025-06-15T17:44:31","modified_gmt":"2025-06-15T15:44:31","slug":"bravo-les-artistes-de-champittet-remportent-deux-categories-du-concours-mondial-virtual-young-musician","status":"publish","type":"post","link":"https:\/\/edelweiss-panorama.ch\/fr\/bravo-champittet-performers-win-two-categories-in-global-virtual-young-musician-competition\/","title":{"rendered":"Bravo ! Les artistes de Champittet remportent deux cat\u00e9gories du concours mondial Virtual Young Musician"},"content":{"rendered":"<p>Coll\u00e8ge Champittet has once again demonstrated its commitment to excellence in the arts, with its students achieving remarkable success at the Nord Anglia Education\u2019s Global Campus Virtual Young Musician of the Year 2025 Competition. Among 3,293 participants from 66 schools worldwide, [Coll\u00e8ge Champittet](https:\/\/edelweiss-panorama.ch\/champittet-college\/) students stood out by winning in two prestigious categories. Simo, with a breathtaking performance of Bach\u2019s Violin Concerto in A minor, BWV 1041, secured the top spot in the Art Music: Instrumental Solo category for the 7-11 age group. Similarly, the Ensemble Amati Junior captivated the judges with their Medley, earning them the Art Music: Instrumental Ensemble title in the same age group. These victories underscore the *dedication* and talent nurtured within the school\u2019s music program.<\/p>\n<p>The Virtual Young Musician competition, judged by experts from The Juilliard School of Performing Arts and Nord Anglia Education, offers a unique platform for young artists to showcase their skills and artistic vision. It emphasizes not just technical proficiency but also **innovation** and personal growth, aligning with Nord Anglia Education\u2019s broader educational goals. Participants, including those from [Coll\u00e8ge Champittet](https:\/\/edelweiss-panorama.ch\/champittet-college\/), benefit from constructive feedback, making the competition a valuable learning experience regardless of the outcome. The event\u2019s structure, featuring categories like Art Music and Popular Music, encourages a diverse expression of musical talent, from classical to contemporary genres. This inclusive approach fosters a global community of young musicians who are not only skilled performers but also culturally aware and critically thinking individuals.<\/p>\n","protected":false},"excerpt":{"rendered":"<p>Le Coll\u00e8ge Champittet c\u00e9l\u00e8bre les r\u00e9alisations exceptionnelles de ses \u00e9l\u00e8ves dans le cadre du concours du Jeune musicien de l'ann\u00e9e 2025 du Campus virtuel mondial, avec des victoires dans deux cat\u00e9gories soulignant l'excellence de l'\u00e9cole en mati\u00e8re d'\u00e9ducation musicale. Le concours, jug\u00e9 par des experts de renom, t\u00e9moigne du d\u00e9vouement et du talent des \u00e9l\u00e8ves, ainsi que de l'engagement de l'\u00e9cole \u00e0 favoriser l'\u00e9panouissement artistique et personnel.<\/p>","protected":false},"author":10,"featured_media":47495,"comment_status":"open","ping_status":"open","sticky":false,"template":"","format":"standard","meta":{"footnotes":""},"categories":[13],"tags":[360],"class_list":["post-47496","post","type-post","status-publish","format-standard","has-post-thumbnail","hentry","category-education","tag-champittet-college"],"yoast_head":"<!-- This site is optimized with the Yoast SEO plugin v27.5 - https:\/\/yoast.com\/product\/yoast-seo-wordpress\/ -->\n<title>Bravo! Champittet performers win two categories in global Virtual Young Musician competition - Edelweiss Panorama International<\/title>\n<meta name=\"robots\" content=\"index, follow, max-snippet:-1, max-image-preview:large, max-video-preview:-1\" \/>\n<link rel=\"canonical\" href=\"https:\/\/edelweiss-panorama.ch\/fr\/bravo-les-artistes-de-champittet-remportent-deux-categories-du-concours-mondial-virtual-young-musician\/\" \/>\n<meta property=\"og:locale\" content=\"fr_FR\" \/>\n<meta property=\"og:type\" content=\"article\" \/>\n<meta property=\"og:title\" content=\"Bravo! Champittet performers win two categories in global Virtual Young Musician competition - Edelweiss Panorama International\" \/>\n<meta property=\"og:description\" content=\"Coll\u00e8ge Champittet celebrates its students&#039; outstanding achievements in the Global Campus Virtual Young Musician of the Year 2025 Competition, with wins in two categories highlighting the school&#039;s excellence in music education. The competition, judged by renowned experts, serves as a testament to the students&#039; dedication, talent, and the school&#039;s commitment to fostering artistic and personal growth.\" \/>\n<meta property=\"og:url\" content=\"https:\/\/edelweiss-panorama.ch\/fr\/bravo-les-artistes-de-champittet-remportent-deux-categories-du-concours-mondial-virtual-young-musician\/\" \/>\n<meta property=\"og:site_name\" content=\"Edelweiss Panorama International\" \/>\n<meta property=\"article:publisher\" content=\"https:\/\/www.facebook.com\/edelweisspanorama\" \/>\n<meta property=\"article:published_time\" content=\"2025-06-15T15:44:31+00:00\" \/>\n<meta name=\"author\" content=\"Frederic Tatu\" \/>\n<meta name=\"twitter:card\" content=\"summary_large_image\" \/>\n<meta name=\"twitter:creator\" content=\"@EPI_Swiss\" \/>\n<meta name=\"twitter:site\" content=\"@EPI_Swiss\" \/>\n<meta name=\"twitter:label1\" content=\"\u00c9crit par\" \/>\n\t<meta name=\"twitter:data1\" content=\"Frederic Tatu\" \/>\n\t<meta name=\"twitter:label2\" content=\"Dur\u00e9e de lecture estim\u00e9e\" \/>\n\t<meta name=\"twitter:data2\" content=\"1 minute\" \/>\n<script type=\"application\/ld+json\" class=\"yoast-schema-graph\">{\"@context\":\"https:\\\/\\\/schema.org\",\"@graph\":[{\"@type\":\"Article\",\"@id\":\"https:\\\/\\\/edelweiss-panorama.ch\\\/bravo-champittet-performers-win-two-categories-in-global-virtual-young-musician-competition\\\/#article\",\"isPartOf\":{\"@id\":\"https:\\\/\\\/edelweiss-panorama.ch\\\/bravo-champittet-performers-win-two-categories-in-global-virtual-young-musician-competition\\\/\"},\"author\":{\"name\":\"Frederic Tatu\",\"@id\":\"https:\\\/\\\/edelweiss-panorama.ch\\\/fr\\\/#\\\/schema\\\/person\\\/40f339557f1e3168761bba6377cb0829\"},\"headline\":\"Bravo! Champittet performers win two categories in global Virtual Young Musician competition\",\"datePublished\":\"2025-06-15T15:44:31+00:00\",\"mainEntityOfPage\":{\"@id\":\"https:\\\/\\\/edelweiss-panorama.ch\\\/bravo-champittet-performers-win-two-categories-in-global-virtual-young-musician-competition\\\/\"},\"wordCount\":264,\"commentCount\":0,\"publisher\":{\"@id\":\"https:\\\/\\\/edelweiss-panorama.ch\\\/fr\\\/#organization\"},\"image\":{\"@id\":\"https:\\\/\\\/edelweiss-panorama.ch\\\/bravo-champittet-performers-win-two-categories-in-global-virtual-young-musician-competition\\\/#primaryimage\"},\"thumbnailUrl\":\"https:\\\/\\\/edelweiss-panorama.ch\\\/wp-content\\\/uploads\\\/2025\\\/06\\\/Bravo-Champittet-performers-win-two-categories-in-global-Virtual-Young-Musician-competition-2025-06-15T154429.096Z.jpg\",\"keywords\":[\"Coll\u00e8ge Champittet\"],\"articleSection\":[\"Education\"],\"inLanguage\":\"fr-FR\",\"potentialAction\":[{\"@type\":\"CommentAction\",\"name\":\"Comment\",\"target\":[\"https:\\\/\\\/edelweiss-panorama.ch\\\/bravo-champittet-performers-win-two-categories-in-global-virtual-young-musician-competition\\\/#respond\"]}]},{\"@type\":\"WebPage\",\"@id\":\"https:\\\/\\\/edelweiss-panorama.ch\\\/bravo-champittet-performers-win-two-categories-in-global-virtual-young-musician-competition\\\/\",\"url\":\"https:\\\/\\\/edelweiss-panorama.ch\\\/bravo-champittet-performers-win-two-categories-in-global-virtual-young-musician-competition\\\/\",\"name\":\"Bravo! Champittet performers win two categories in global Virtual Young Musician competition - Edelweiss Panorama International\",\"isPartOf\":{\"@id\":\"https:\\\/\\\/edelweiss-panorama.ch\\\/fr\\\/#website\"},\"primaryImageOfPage\":{\"@id\":\"https:\\\/\\\/edelweiss-panorama.ch\\\/bravo-champittet-performers-win-two-categories-in-global-virtual-young-musician-competition\\\/#primaryimage\"},\"image\":{\"@id\":\"https:\\\/\\\/edelweiss-panorama.ch\\\/bravo-champittet-performers-win-two-categories-in-global-virtual-young-musician-competition\\\/#primaryimage\"},\"thumbnailUrl\":\"https:\\\/\\\/edelweiss-panorama.ch\\\/wp-content\\\/uploads\\\/2025\\\/06\\\/Bravo-Champittet-performers-win-two-categories-in-global-Virtual-Young-Musician-competition-2025-06-15T154429.096Z.jpg\",\"datePublished\":\"2025-06-15T15:44:31+00:00\",\"breadcrumb\":{\"@id\":\"https:\\\/\\\/edelweiss-panorama.ch\\\/bravo-champittet-performers-win-two-categories-in-global-virtual-young-musician-competition\\\/#breadcrumb\"},\"inLanguage\":\"fr-FR\",\"potentialAction\":[{\"@type\":\"ReadAction\",\"target\":[\"https:\\\/\\\/edelweiss-panorama.ch\\\/bravo-champittet-performers-win-two-categories-in-global-virtual-young-musician-competition\\\/\"]}]},{\"@type\":\"ImageObject\",\"inLanguage\":\"fr-FR\",\"@id\":\"https:\\\/\\\/edelweiss-panorama.ch\\\/bravo-champittet-performers-win-two-categories-in-global-virtual-young-musician-competition\\\/#primaryimage\",\"url\":\"https:\\\/\\\/edelweiss-panorama.ch\\\/wp-content\\\/uploads\\\/2025\\\/06\\\/Bravo-Champittet-performers-win-two-categories-in-global-Virtual-Young-Musician-competition-2025-06-15T154429.096Z.jpg\",\"contentUrl\":\"https:\\\/\\\/edelweiss-panorama.ch\\\/wp-content\\\/uploads\\\/2025\\\/06\\\/Bravo-Champittet-performers-win-two-categories-in-global-Virtual-Young-Musician-competition-2025-06-15T154429.096Z.jpg\",\"width\":887,\"height\":499},{\"@type\":\"BreadcrumbList\",\"@id\":\"https:\\\/\\\/edelweiss-panorama.ch\\\/bravo-champittet-performers-win-two-categories-in-global-virtual-young-musician-competition\\\/#breadcrumb\",\"itemListElement\":[{\"@type\":\"ListItem\",\"position\":1,\"name\":\"Home\",\"item\":\"https:\\\/\\\/edelweiss-panorama.ch\\\/\"},{\"@type\":\"ListItem\",\"position\":2,\"name\":\"Bravo! Champittet performers win two categories in global Virtual Young Musician competition\"}]},{\"@type\":\"WebSite\",\"@id\":\"https:\\\/\\\/edelweiss-panorama.ch\\\/fr\\\/#website\",\"url\":\"https:\\\/\\\/edelweiss-panorama.ch\\\/fr\\\/\",\"name\":\"Edelweiss Panorama International\",\"description\":\"Allows you to live and thrive every corner of the world.\",\"publisher\":{\"@id\":\"https:\\\/\\\/edelweiss-panorama.ch\\\/fr\\\/#organization\"},\"potentialAction\":[{\"@type\":\"SearchAction\",\"target\":{\"@type\":\"EntryPoint\",\"urlTemplate\":\"https:\\\/\\\/edelweiss-panorama.ch\\\/fr\\\/?s={search_term_string}\"},\"query-input\":{\"@type\":\"PropertyValueSpecification\",\"valueRequired\":true,\"valueName\":\"search_term_string\"}}],\"inLanguage\":\"fr-FR\"},{\"@type\":\"Organization\",\"@id\":\"https:\\\/\\\/edelweiss-panorama.ch\\\/fr\\\/#organization\",\"name\":\"Edelweiss Panorama International\",\"url\":\"https:\\\/\\\/edelweiss-panorama.ch\\\/fr\\\/\",\"logo\":{\"@type\":\"ImageObject\",\"inLanguage\":\"fr-FR\",\"@id\":\"https:\\\/\\\/edelweiss-panorama.ch\\\/fr\\\/#\\\/schema\\\/logo\\\/image\\\/\",\"url\":\"https:\\\/\\\/edelweiss-panorama.ch\\\/wp-content\\\/uploads\\\/2020\\\/04\\\/Untitled-design-1-1.png\",\"contentUrl\":\"https:\\\/\\\/edelweiss-panorama.ch\\\/wp-content\\\/uploads\\\/2020\\\/04\\\/Untitled-design-1-1.png\",\"width\":1080,\"height\":1080,\"caption\":\"Edelweiss Panorama International\"},\"image\":{\"@id\":\"https:\\\/\\\/edelweiss-panorama.ch\\\/fr\\\/#\\\/schema\\\/logo\\\/image\\\/\"},\"sameAs\":[\"https:\\\/\\\/www.facebook.com\\\/edelweisspanorama\",\"https:\\\/\\\/x.com\\\/EPI_Swiss\"]},{\"@type\":\"Person\",\"@id\":\"https:\\\/\\\/edelweiss-panorama.ch\\\/fr\\\/#\\\/schema\\\/person\\\/40f339557f1e3168761bba6377cb0829\",\"name\":\"Frederic Tatu\",\"image\":{\"@type\":\"ImageObject\",\"inLanguage\":\"fr-FR\",\"@id\":\"https:\\\/\\\/secure.gravatar.com\\\/avatar\\\/0fe323859f18731575cc1727306a418c1c06adb036da08a42ad58ee43321377e?s=96&d=mm&r=g\",\"url\":\"https:\\\/\\\/secure.gravatar.com\\\/avatar\\\/0fe323859f18731575cc1727306a418c1c06adb036da08a42ad58ee43321377e?s=96&d=mm&r=g\",\"contentUrl\":\"https:\\\/\\\/secure.gravatar.com\\\/avatar\\\/0fe323859f18731575cc1727306a418c1c06adb036da08a42ad58ee43321377e?s=96&d=mm&r=g\",\"caption\":\"Frederic Tatu\"}}]}<\/script>\n<!-- \/ Yoast SEO plugin. -->","yoast_head_json":{"title":"Bravo ! Les artistes de Champittet remportent deux cat\u00e9gories du concours mondial Virtual Young Musician - Edelweiss Panorama International","robots":{"index":"index","follow":"follow","max-snippet":"max-snippet:-1","max-image-preview":"max-image-preview:large","max-video-preview":"max-video-preview:-1"},"canonical":"https:\/\/edelweiss-panorama.ch\/fr\/bravo-les-artistes-de-champittet-remportent-deux-categories-du-concours-mondial-virtual-young-musician\/","og_locale":"fr_FR","og_type":"article","og_title":"Bravo! Champittet performers win two categories in global Virtual Young Musician competition - Edelweiss Panorama International","og_description":"Coll\u00e8ge Champittet celebrates its students' outstanding achievements in the Global Campus Virtual Young Musician of the Year 2025 Competition, with wins in two categories highlighting the school's excellence in music education. The competition, judged by renowned experts, serves as a testament to the students' dedication, talent, and the school's commitment to fostering artistic and personal growth.","og_url":"https:\/\/edelweiss-panorama.ch\/fr\/bravo-les-artistes-de-champittet-remportent-deux-categories-du-concours-mondial-virtual-young-musician\/","og_site_name":"Edelweiss Panorama International","article_publisher":"https:\/\/www.facebook.com\/edelweisspanorama","article_published_time":"2025-06-15T15:44:31+00:00","author":"Frederic Tatu","twitter_card":"summary_large_image","twitter_creator":"@EPI_Swiss","twitter_site":"@EPI_Swiss","twitter_misc":{"\u00c9crit par":"Frederic Tatu","Dur\u00e9e de lecture estim\u00e9e":"1 minute"},"schema":{"@context":"https:\/\/schema.org","@graph":[{"@type":"Article","@id":"https:\/\/edelweiss-panorama.ch\/bravo-champittet-performers-win-two-categories-in-global-virtual-young-musician-competition\/#article","isPartOf":{"@id":"https:\/\/edelweiss-panorama.ch\/bravo-champittet-performers-win-two-categories-in-global-virtual-young-musician-competition\/"},"author":{"name":"Frederic Tatu","@id":"https:\/\/edelweiss-panorama.ch\/fr\/#\/schema\/person\/40f339557f1e3168761bba6377cb0829"},"headline":"Bravo! Champittet performers win two categories in global Virtual Young Musician competition","datePublished":"2025-06-15T15:44:31+00:00","mainEntityOfPage":{"@id":"https:\/\/edelweiss-panorama.ch\/bravo-champittet-performers-win-two-categories-in-global-virtual-young-musician-competition\/"},"wordCount":264,"commentCount":0,"publisher":{"@id":"https:\/\/edelweiss-panorama.ch\/fr\/#organization"},"image":{"@id":"https:\/\/edelweiss-panorama.ch\/bravo-champittet-performers-win-two-categories-in-global-virtual-young-musician-competition\/#primaryimage"},"thumbnailUrl":"https:\/\/edelweiss-panorama.ch\/wp-content\/uploads\/2025\/06\/Bravo-Champittet-performers-win-two-categories-in-global-Virtual-Young-Musician-competition-2025-06-15T154429.096Z.jpg","keywords":["Coll\u00e8ge Champittet"],"articleSection":["Education"],"inLanguage":"fr-FR","potentialAction":[{"@type":"CommentAction","name":"Comment","target":["https:\/\/edelweiss-panorama.ch\/bravo-champittet-performers-win-two-categories-in-global-virtual-young-musician-competition\/#respond"]}]},{"@type":"WebPage","@id":"https:\/\/edelweiss-panorama.ch\/bravo-champittet-performers-win-two-categories-in-global-virtual-young-musician-competition\/","url":"https:\/\/edelweiss-panorama.ch\/bravo-champittet-performers-win-two-categories-in-global-virtual-young-musician-competition\/","name":"Bravo ! Les artistes de Champittet remportent deux cat\u00e9gories du concours mondial Virtual Young Musician - Edelweiss Panorama International","isPartOf":{"@id":"https:\/\/edelweiss-panorama.ch\/fr\/#website"},"primaryImageOfPage":{"@id":"https:\/\/edelweiss-panorama.ch\/bravo-champittet-performers-win-two-categories-in-global-virtual-young-musician-competition\/#primaryimage"},"image":{"@id":"https:\/\/edelweiss-panorama.ch\/bravo-champittet-performers-win-two-categories-in-global-virtual-young-musician-competition\/#primaryimage"},"thumbnailUrl":"https:\/\/edelweiss-panorama.ch\/wp-content\/uploads\/2025\/06\/Bravo-Champittet-performers-win-two-categories-in-global-Virtual-Young-Musician-competition-2025-06-15T154429.096Z.jpg","datePublished":"2025-06-15T15:44:31+00:00","breadcrumb":{"@id":"https:\/\/edelweiss-panorama.ch\/bravo-champittet-performers-win-two-categories-in-global-virtual-young-musician-competition\/#breadcrumb"},"inLanguage":"fr-FR","potentialAction":[{"@type":"ReadAction","target":["https:\/\/edelweiss-panorama.ch\/bravo-champittet-performers-win-two-categories-in-global-virtual-young-musician-competition\/"]}]},{"@type":"ImageObject","inLanguage":"fr-FR","@id":"https:\/\/edelweiss-panorama.ch\/bravo-champittet-performers-win-two-categories-in-global-virtual-young-musician-competition\/#primaryimage","url":"https:\/\/edelweiss-panorama.ch\/wp-content\/uploads\/2025\/06\/Bravo-Champittet-performers-win-two-categories-in-global-Virtual-Young-Musician-competition-2025-06-15T154429.096Z.jpg","contentUrl":"https:\/\/edelweiss-panorama.ch\/wp-content\/uploads\/2025\/06\/Bravo-Champittet-performers-win-two-categories-in-global-Virtual-Young-Musician-competition-2025-06-15T154429.096Z.jpg","width":887,"height":499},{"@type":"BreadcrumbList","@id":"https:\/\/edelweiss-panorama.ch\/bravo-champittet-performers-win-two-categories-in-global-virtual-young-musician-competition\/#breadcrumb","itemListElement":[{"@type":"ListItem","position":1,"name":"Home","item":"https:\/\/edelweiss-panorama.ch\/"},{"@type":"ListItem","position":2,"name":"Bravo! Champittet performers win two categories in global Virtual Young Musician competition"}]},{"@type":"WebSite","@id":"https:\/\/edelweiss-panorama.ch\/fr\/#website","url":"https:\/\/edelweiss-panorama.ch\/fr\/","name":"Edelweiss Panorama International","description":"Il vous permet de vivre et de prosp\u00e9rer aux quatre coins du monde.","publisher":{"@id":"https:\/\/edelweiss-panorama.ch\/fr\/#organization"},"potentialAction":[{"@type":"SearchAction","target":{"@type":"EntryPoint","urlTemplate":"https:\/\/edelweiss-panorama.ch\/fr\/?s={search_term_string}"},"query-input":{"@type":"PropertyValueSpecification","valueRequired":true,"valueName":"search_term_string"}}],"inLanguage":"fr-FR"},{"@type":"Organization","@id":"https:\/\/edelweiss-panorama.ch\/fr\/#organization","name":"Edelweiss Panorama International","url":"https:\/\/edelweiss-panorama.ch\/fr\/","logo":{"@type":"ImageObject","inLanguage":"fr-FR","@id":"https:\/\/edelweiss-panorama.ch\/fr\/#\/schema\/logo\/image\/","url":"https:\/\/edelweiss-panorama.ch\/wp-content\/uploads\/2020\/04\/Untitled-design-1-1.png","contentUrl":"https:\/\/edelweiss-panorama.ch\/wp-content\/uploads\/2020\/04\/Untitled-design-1-1.png","width":1080,"height":1080,"caption":"Edelweiss Panorama International"},"image":{"@id":"https:\/\/edelweiss-panorama.ch\/fr\/#\/schema\/logo\/image\/"},"sameAs":["https:\/\/www.facebook.com\/edelweisspanorama","https:\/\/x.com\/EPI_Swiss"]},{"@type":"Person","@id":"https:\/\/edelweiss-panorama.ch\/fr\/#\/schema\/person\/40f339557f1e3168761bba6377cb0829","name":"Fr\u00e9d\u00e9ric Tatu","image":{"@type":"ImageObject","inLanguage":"fr-FR","@id":"https:\/\/secure.gravatar.com\/avatar\/0fe323859f18731575cc1727306a418c1c06adb036da08a42ad58ee43321377e?s=96&d=mm&r=g","url":"https:\/\/secure.gravatar.com\/avatar\/0fe323859f18731575cc1727306a418c1c06adb036da08a42ad58ee43321377e?s=96&d=mm&r=g","contentUrl":"https:\/\/secure.gravatar.com\/avatar\/0fe323859f18731575cc1727306a418c1c06adb036da08a42ad58ee43321377e?s=96&d=mm&r=g","caption":"Frederic Tatu"}}]}},"_links":{"self":[{"href":"https:\/\/edelweiss-panorama.ch\/fr\/wp-json\/wp\/v2\/posts\/47496","targetHints":{"allow":["GET"]}}],"collection":[{"href":"https:\/\/edelweiss-panorama.ch\/fr\/wp-json\/wp\/v2\/posts"}],"about":[{"href":"https:\/\/edelweiss-panorama.ch\/fr\/wp-json\/wp\/v2\/types\/post"}],"author":[{"embeddable":true,"href":"https:\/\/edelweiss-panorama.ch\/fr\/wp-json\/wp\/v2\/users\/10"}],"replies":[{"embeddable":true,"href":"https:\/\/edelweiss-panorama.ch\/fr\/wp-json\/wp\/v2\/comments?post=47496"}],"version-history":[{"count":0,"href":"https:\/\/edelweiss-panorama.ch\/fr\/wp-json\/wp\/v2\/posts\/47496\/revisions"}],"wp:featuredmedia":[{"embeddable":true,"href":"https:\/\/edelweiss-panorama.ch\/fr\/wp-json\/wp\/v2\/media\/47495"}],"wp:attachment":[{"href":"https:\/\/edelweiss-panorama.ch\/fr\/wp-json\/wp\/v2\/media?parent=47496"}],"wp:term":[{"taxonomy":"category","embeddable":true,"href":"https:\/\/edelweiss-panorama.ch\/fr\/wp-json\/wp\/v2\/categories?post=47496"},{"taxonomy":"post_tag","embeddable":true,"href":"https:\/\/edelweiss-panorama.ch\/fr\/wp-json\/wp\/v2\/tags?post=47496"}],"curies":[{"name":"wp","href":"https:\/\/api.w.org\/{rel}","templated":true}]}}