{"id":47578,"date":"2025-06-15T17:54:01","date_gmt":"2025-06-15T15:54:01","guid":{"rendered":"https:\/\/edelweiss-panorama.ch\/champittet-a-beacon-of-values-in-a-changing-world\/"},"modified":"2025-06-15T18:00:43","modified_gmt":"2025-06-15T16:00:43","slug":"champittet-un-phare-de-valeurs-dans-un-monde-en-mutation","status":"publish","type":"post","link":"https:\/\/edelweiss-panorama.ch\/fr\/champittet-a-beacon-of-values-in-a-changing-world\/","title":{"rendered":"Champittet : Un phare de valeurs dans un monde en mutation"},"content":{"rendered":"<p>In today&#8217;s rapidly evolving world, parents seek institutions that not only educate but also instill enduring values in their children. A recent conversation with a parent highlighted this desire, emphasizing the need for a learning environment that remains steadfast amidst global upheavals. [Coll\u00e8ge Champittet](https:\/\/edelweiss-panorama.ch\/champittet-college\/) stands as a testament to this vision, offering a sanctuary where students can explore the world with curiosity and openness. The school&#8217;s approach is not swayed by transient trends but is rooted in a commitment to fundamental human values, ensuring a balanced and pragmatic education. This philosophy reflects the **pioneering** spirit of the institution, which carefully selects areas for innovation while maintaining a dialogue with its community to adapt to future needs.<\/p>\n<p>At the heart of [Coll\u00e8ge Champittet](https:\/\/edelweiss-panorama.ch\/champittet-college\/)&#8217;s ethos is the principle of respect for every individual, fostering an environment where diversity is celebrated and discrimination is unequivocally rejected. The school encourages healthy debate as a means to hone public speaking skills and critical thinking, yet it draws a clear line against intolerance. *Curiosity* and the joy of learning are daily nurtured, creating a vibrant &#8216;garden&#8217; of knowledge where students can thrive. This balanced approach ensures that while the school remains attuned to societal changes, it does not compromise on its core values, providing a reassuring and stable foundation for its students.<\/p>\n","protected":false},"excerpt":{"rendered":"<p>Le Coll\u00e8ge Champittet incarne un engagement ferme en faveur de valeurs durables et d'une \u00e9ducation pragmatique dans un monde en mutation, en encourageant le respect, la curiosit\u00e9 et l'ouverture d'esprit chez ses \u00e9l\u00e8ves, tout en naviguant dans les tendances soci\u00e9tales avec prudence et dialogue.<\/p>","protected":false},"author":10,"featured_media":47577,"comment_status":"open","ping_status":"open","sticky":false,"template":"","format":"standard","meta":{"footnotes":""},"categories":[13],"tags":[360],"class_list":["post-47578","post","type-post","status-publish","format-standard","has-post-thumbnail","hentry","category-education","tag-champittet-college"],"yoast_head":"<!-- This site is optimized with the Yoast SEO plugin v27.5 - https:\/\/yoast.com\/product\/yoast-seo-wordpress\/ -->\n<title>Champittet: A beacon of values in a changing world - Edelweiss Panorama International<\/title>\n<meta name=\"robots\" content=\"index, follow, max-snippet:-1, max-image-preview:large, max-video-preview:-1\" \/>\n<link rel=\"canonical\" href=\"https:\/\/edelweiss-panorama.ch\/fr\/champittet-un-phare-de-valeurs-dans-un-monde-en-mutation\/\" \/>\n<meta property=\"og:locale\" content=\"fr_FR\" \/>\n<meta property=\"og:type\" content=\"article\" \/>\n<meta property=\"og:title\" content=\"Champittet: A beacon of values in a changing world - Edelweiss Panorama International\" \/>\n<meta property=\"og:description\" content=\"Coll\u00e8ge Champittet embodies a steadfast commitment to enduring values and pragmatic education in a changing world, fostering respect, curiosity, and open-mindedness among its students while navigating societal trends with care and dialogue.\" \/>\n<meta property=\"og:url\" content=\"https:\/\/edelweiss-panorama.ch\/fr\/champittet-un-phare-de-valeurs-dans-un-monde-en-mutation\/\" \/>\n<meta property=\"og:site_name\" content=\"Edelweiss Panorama International\" \/>\n<meta property=\"article:publisher\" content=\"https:\/\/www.facebook.com\/edelweisspanorama\" \/>\n<meta property=\"article:published_time\" content=\"2025-06-15T15:54:01+00:00\" \/>\n<meta property=\"article:modified_time\" content=\"2025-06-15T16:00:43+00:00\" \/>\n<meta property=\"og:image\" content=\"https:\/\/edelweiss-panorama.ch\/wp-content\/uploads\/2025\/06\/Champittet-A-beacon-of-values-in-a-changing-world-2025-06-15T155357.798Z.jpg\" \/>\n\t<meta property=\"og:image:width\" content=\"1600\" \/>\n\t<meta property=\"og:image:height\" content=\"1067\" \/>\n\t<meta property=\"og:image:type\" content=\"image\/jpeg\" \/>\n<meta name=\"author\" content=\"Frederic Tatu\" \/>\n<meta name=\"twitter:card\" content=\"summary_large_image\" \/>\n<meta name=\"twitter:creator\" content=\"@EPI_Swiss\" \/>\n<meta name=\"twitter:site\" content=\"@EPI_Swiss\" \/>\n<meta name=\"twitter:label1\" content=\"\u00c9crit par\" \/>\n\t<meta name=\"twitter:data1\" content=\"Frederic Tatu\" \/>\n\t<meta name=\"twitter:label2\" content=\"Dur\u00e9e de lecture estim\u00e9e\" \/>\n\t<meta name=\"twitter:data2\" content=\"2 minutes\" \/>\n<script type=\"application\/ld+json\" class=\"yoast-schema-graph\">{\"@context\":\"https:\\\/\\\/schema.org\",\"@graph\":[{\"@type\":\"Article\",\"@id\":\"https:\\\/\\\/edelweiss-panorama.ch\\\/champittet-a-beacon-of-values-in-a-changing-world\\\/#article\",\"isPartOf\":{\"@id\":\"https:\\\/\\\/edelweiss-panorama.ch\\\/champittet-a-beacon-of-values-in-a-changing-world\\\/\"},\"author\":{\"name\":\"Frederic Tatu\",\"@id\":\"https:\\\/\\\/edelweiss-panorama.ch\\\/fr\\\/#\\\/schema\\\/person\\\/40f339557f1e3168761bba6377cb0829\"},\"headline\":\"Champittet: A beacon of values in a changing world\",\"datePublished\":\"2025-06-15T15:54:01+00:00\",\"dateModified\":\"2025-06-15T16:00:43+00:00\",\"mainEntityOfPage\":{\"@id\":\"https:\\\/\\\/edelweiss-panorama.ch\\\/champittet-a-beacon-of-values-in-a-changing-world\\\/\"},\"wordCount\":238,\"commentCount\":0,\"publisher\":{\"@id\":\"https:\\\/\\\/edelweiss-panorama.ch\\\/fr\\\/#organization\"},\"image\":{\"@id\":\"https:\\\/\\\/edelweiss-panorama.ch\\\/champittet-a-beacon-of-values-in-a-changing-world\\\/#primaryimage\"},\"thumbnailUrl\":\"https:\\\/\\\/edelweiss-panorama.ch\\\/wp-content\\\/uploads\\\/2025\\\/06\\\/Champittet-A-beacon-of-values-in-a-changing-world-2025-06-15T155357.798Z.jpg\",\"keywords\":[\"Coll\u00e8ge Champittet\"],\"articleSection\":[\"Education\"],\"inLanguage\":\"fr-FR\",\"potentialAction\":[{\"@type\":\"CommentAction\",\"name\":\"Comment\",\"target\":[\"https:\\\/\\\/edelweiss-panorama.ch\\\/champittet-a-beacon-of-values-in-a-changing-world\\\/#respond\"]}]},{\"@type\":\"WebPage\",\"@id\":\"https:\\\/\\\/edelweiss-panorama.ch\\\/champittet-a-beacon-of-values-in-a-changing-world\\\/\",\"url\":\"https:\\\/\\\/edelweiss-panorama.ch\\\/champittet-a-beacon-of-values-in-a-changing-world\\\/\",\"name\":\"Champittet: A beacon of values in a changing world - Edelweiss Panorama International\",\"isPartOf\":{\"@id\":\"https:\\\/\\\/edelweiss-panorama.ch\\\/fr\\\/#website\"},\"primaryImageOfPage\":{\"@id\":\"https:\\\/\\\/edelweiss-panorama.ch\\\/champittet-a-beacon-of-values-in-a-changing-world\\\/#primaryimage\"},\"image\":{\"@id\":\"https:\\\/\\\/edelweiss-panorama.ch\\\/champittet-a-beacon-of-values-in-a-changing-world\\\/#primaryimage\"},\"thumbnailUrl\":\"https:\\\/\\\/edelweiss-panorama.ch\\\/wp-content\\\/uploads\\\/2025\\\/06\\\/Champittet-A-beacon-of-values-in-a-changing-world-2025-06-15T155357.798Z.jpg\",\"datePublished\":\"2025-06-15T15:54:01+00:00\",\"dateModified\":\"2025-06-15T16:00:43+00:00\",\"breadcrumb\":{\"@id\":\"https:\\\/\\\/edelweiss-panorama.ch\\\/champittet-a-beacon-of-values-in-a-changing-world\\\/#breadcrumb\"},\"inLanguage\":\"fr-FR\",\"potentialAction\":[{\"@type\":\"ReadAction\",\"target\":[\"https:\\\/\\\/edelweiss-panorama.ch\\\/champittet-a-beacon-of-values-in-a-changing-world\\\/\"]}]},{\"@type\":\"ImageObject\",\"inLanguage\":\"fr-FR\",\"@id\":\"https:\\\/\\\/edelweiss-panorama.ch\\\/champittet-a-beacon-of-values-in-a-changing-world\\\/#primaryimage\",\"url\":\"https:\\\/\\\/edelweiss-panorama.ch\\\/wp-content\\\/uploads\\\/2025\\\/06\\\/Champittet-A-beacon-of-values-in-a-changing-world-2025-06-15T155357.798Z.jpg\",\"contentUrl\":\"https:\\\/\\\/edelweiss-panorama.ch\\\/wp-content\\\/uploads\\\/2025\\\/06\\\/Champittet-A-beacon-of-values-in-a-changing-world-2025-06-15T155357.798Z.jpg\",\"width\":1600,\"height\":1067},{\"@type\":\"BreadcrumbList\",\"@id\":\"https:\\\/\\\/edelweiss-panorama.ch\\\/champittet-a-beacon-of-values-in-a-changing-world\\\/#breadcrumb\",\"itemListElement\":[{\"@type\":\"ListItem\",\"position\":1,\"name\":\"Home\",\"item\":\"https:\\\/\\\/edelweiss-panorama.ch\\\/\"},{\"@type\":\"ListItem\",\"position\":2,\"name\":\"Champittet: A beacon of values in a changing world\"}]},{\"@type\":\"WebSite\",\"@id\":\"https:\\\/\\\/edelweiss-panorama.ch\\\/fr\\\/#website\",\"url\":\"https:\\\/\\\/edelweiss-panorama.ch\\\/fr\\\/\",\"name\":\"Edelweiss Panorama International\",\"description\":\"Allows you to live and thrive every corner of the world.\",\"publisher\":{\"@id\":\"https:\\\/\\\/edelweiss-panorama.ch\\\/fr\\\/#organization\"},\"potentialAction\":[{\"@type\":\"SearchAction\",\"target\":{\"@type\":\"EntryPoint\",\"urlTemplate\":\"https:\\\/\\\/edelweiss-panorama.ch\\\/fr\\\/?s={search_term_string}\"},\"query-input\":{\"@type\":\"PropertyValueSpecification\",\"valueRequired\":true,\"valueName\":\"search_term_string\"}}],\"inLanguage\":\"fr-FR\"},{\"@type\":\"Organization\",\"@id\":\"https:\\\/\\\/edelweiss-panorama.ch\\\/fr\\\/#organization\",\"name\":\"Edelweiss Panorama International\",\"url\":\"https:\\\/\\\/edelweiss-panorama.ch\\\/fr\\\/\",\"logo\":{\"@type\":\"ImageObject\",\"inLanguage\":\"fr-FR\",\"@id\":\"https:\\\/\\\/edelweiss-panorama.ch\\\/fr\\\/#\\\/schema\\\/logo\\\/image\\\/\",\"url\":\"https:\\\/\\\/edelweiss-panorama.ch\\\/wp-content\\\/uploads\\\/2020\\\/04\\\/Untitled-design-1-1.png\",\"contentUrl\":\"https:\\\/\\\/edelweiss-panorama.ch\\\/wp-content\\\/uploads\\\/2020\\\/04\\\/Untitled-design-1-1.png\",\"width\":1080,\"height\":1080,\"caption\":\"Edelweiss Panorama International\"},\"image\":{\"@id\":\"https:\\\/\\\/edelweiss-panorama.ch\\\/fr\\\/#\\\/schema\\\/logo\\\/image\\\/\"},\"sameAs\":[\"https:\\\/\\\/www.facebook.com\\\/edelweisspanorama\",\"https:\\\/\\\/x.com\\\/EPI_Swiss\"]},{\"@type\":\"Person\",\"@id\":\"https:\\\/\\\/edelweiss-panorama.ch\\\/fr\\\/#\\\/schema\\\/person\\\/40f339557f1e3168761bba6377cb0829\",\"name\":\"Frederic Tatu\",\"image\":{\"@type\":\"ImageObject\",\"inLanguage\":\"fr-FR\",\"@id\":\"https:\\\/\\\/secure.gravatar.com\\\/avatar\\\/0fe323859f18731575cc1727306a418c1c06adb036da08a42ad58ee43321377e?s=96&d=mm&r=g\",\"url\":\"https:\\\/\\\/secure.gravatar.com\\\/avatar\\\/0fe323859f18731575cc1727306a418c1c06adb036da08a42ad58ee43321377e?s=96&d=mm&r=g\",\"contentUrl\":\"https:\\\/\\\/secure.gravatar.com\\\/avatar\\\/0fe323859f18731575cc1727306a418c1c06adb036da08a42ad58ee43321377e?s=96&d=mm&r=g\",\"caption\":\"Frederic Tatu\"}}]}<\/script>\n<!-- \/ Yoast SEO plugin. -->","yoast_head_json":{"title":"Champittet : Un phare de valeurs dans un monde en mutation - Edelweiss Panorama International","robots":{"index":"index","follow":"follow","max-snippet":"max-snippet:-1","max-image-preview":"max-image-preview:large","max-video-preview":"max-video-preview:-1"},"canonical":"https:\/\/edelweiss-panorama.ch\/fr\/champittet-un-phare-de-valeurs-dans-un-monde-en-mutation\/","og_locale":"fr_FR","og_type":"article","og_title":"Champittet: A beacon of values in a changing world - Edelweiss Panorama International","og_description":"Coll\u00e8ge Champittet embodies a steadfast commitment to enduring values and pragmatic education in a changing world, fostering respect, curiosity, and open-mindedness among its students while navigating societal trends with care and dialogue.","og_url":"https:\/\/edelweiss-panorama.ch\/fr\/champittet-un-phare-de-valeurs-dans-un-monde-en-mutation\/","og_site_name":"Edelweiss Panorama International","article_publisher":"https:\/\/www.facebook.com\/edelweisspanorama","article_published_time":"2025-06-15T15:54:01+00:00","article_modified_time":"2025-06-15T16:00:43+00:00","og_image":[{"width":1600,"height":1067,"url":"https:\/\/edelweiss-panorama.ch\/wp-content\/uploads\/2025\/06\/Champittet-A-beacon-of-values-in-a-changing-world-2025-06-15T155357.798Z.jpg","type":"image\/jpeg"}],"author":"Frederic Tatu","twitter_card":"summary_large_image","twitter_creator":"@EPI_Swiss","twitter_site":"@EPI_Swiss","twitter_misc":{"\u00c9crit par":"Frederic Tatu","Dur\u00e9e de lecture estim\u00e9e":"2 minutes"},"schema":{"@context":"https:\/\/schema.org","@graph":[{"@type":"Article","@id":"https:\/\/edelweiss-panorama.ch\/champittet-a-beacon-of-values-in-a-changing-world\/#article","isPartOf":{"@id":"https:\/\/edelweiss-panorama.ch\/champittet-a-beacon-of-values-in-a-changing-world\/"},"author":{"name":"Frederic Tatu","@id":"https:\/\/edelweiss-panorama.ch\/fr\/#\/schema\/person\/40f339557f1e3168761bba6377cb0829"},"headline":"Champittet: A beacon of values in a changing world","datePublished":"2025-06-15T15:54:01+00:00","dateModified":"2025-06-15T16:00:43+00:00","mainEntityOfPage":{"@id":"https:\/\/edelweiss-panorama.ch\/champittet-a-beacon-of-values-in-a-changing-world\/"},"wordCount":238,"commentCount":0,"publisher":{"@id":"https:\/\/edelweiss-panorama.ch\/fr\/#organization"},"image":{"@id":"https:\/\/edelweiss-panorama.ch\/champittet-a-beacon-of-values-in-a-changing-world\/#primaryimage"},"thumbnailUrl":"https:\/\/edelweiss-panorama.ch\/wp-content\/uploads\/2025\/06\/Champittet-A-beacon-of-values-in-a-changing-world-2025-06-15T155357.798Z.jpg","keywords":["Coll\u00e8ge Champittet"],"articleSection":["Education"],"inLanguage":"fr-FR","potentialAction":[{"@type":"CommentAction","name":"Comment","target":["https:\/\/edelweiss-panorama.ch\/champittet-a-beacon-of-values-in-a-changing-world\/#respond"]}]},{"@type":"WebPage","@id":"https:\/\/edelweiss-panorama.ch\/champittet-a-beacon-of-values-in-a-changing-world\/","url":"https:\/\/edelweiss-panorama.ch\/champittet-a-beacon-of-values-in-a-changing-world\/","name":"Champittet : Un phare de valeurs dans un monde en mutation - Edelweiss Panorama International","isPartOf":{"@id":"https:\/\/edelweiss-panorama.ch\/fr\/#website"},"primaryImageOfPage":{"@id":"https:\/\/edelweiss-panorama.ch\/champittet-a-beacon-of-values-in-a-changing-world\/#primaryimage"},"image":{"@id":"https:\/\/edelweiss-panorama.ch\/champittet-a-beacon-of-values-in-a-changing-world\/#primaryimage"},"thumbnailUrl":"https:\/\/edelweiss-panorama.ch\/wp-content\/uploads\/2025\/06\/Champittet-A-beacon-of-values-in-a-changing-world-2025-06-15T155357.798Z.jpg","datePublished":"2025-06-15T15:54:01+00:00","dateModified":"2025-06-15T16:00:43+00:00","breadcrumb":{"@id":"https:\/\/edelweiss-panorama.ch\/champittet-a-beacon-of-values-in-a-changing-world\/#breadcrumb"},"inLanguage":"fr-FR","potentialAction":[{"@type":"ReadAction","target":["https:\/\/edelweiss-panorama.ch\/champittet-a-beacon-of-values-in-a-changing-world\/"]}]},{"@type":"ImageObject","inLanguage":"fr-FR","@id":"https:\/\/edelweiss-panorama.ch\/champittet-a-beacon-of-values-in-a-changing-world\/#primaryimage","url":"https:\/\/edelweiss-panorama.ch\/wp-content\/uploads\/2025\/06\/Champittet-A-beacon-of-values-in-a-changing-world-2025-06-15T155357.798Z.jpg","contentUrl":"https:\/\/edelweiss-panorama.ch\/wp-content\/uploads\/2025\/06\/Champittet-A-beacon-of-values-in-a-changing-world-2025-06-15T155357.798Z.jpg","width":1600,"height":1067},{"@type":"BreadcrumbList","@id":"https:\/\/edelweiss-panorama.ch\/champittet-a-beacon-of-values-in-a-changing-world\/#breadcrumb","itemListElement":[{"@type":"ListItem","position":1,"name":"Home","item":"https:\/\/edelweiss-panorama.ch\/"},{"@type":"ListItem","position":2,"name":"Champittet: A beacon of values in a changing world"}]},{"@type":"WebSite","@id":"https:\/\/edelweiss-panorama.ch\/fr\/#website","url":"https:\/\/edelweiss-panorama.ch\/fr\/","name":"Edelweiss Panorama International","description":"Il vous permet de vivre et de prosp\u00e9rer aux quatre coins du monde.","publisher":{"@id":"https:\/\/edelweiss-panorama.ch\/fr\/#organization"},"potentialAction":[{"@type":"SearchAction","target":{"@type":"EntryPoint","urlTemplate":"https:\/\/edelweiss-panorama.ch\/fr\/?s={search_term_string}"},"query-input":{"@type":"PropertyValueSpecification","valueRequired":true,"valueName":"search_term_string"}}],"inLanguage":"fr-FR"},{"@type":"Organization","@id":"https:\/\/edelweiss-panorama.ch\/fr\/#organization","name":"Edelweiss Panorama International","url":"https:\/\/edelweiss-panorama.ch\/fr\/","logo":{"@type":"ImageObject","inLanguage":"fr-FR","@id":"https:\/\/edelweiss-panorama.ch\/fr\/#\/schema\/logo\/image\/","url":"https:\/\/edelweiss-panorama.ch\/wp-content\/uploads\/2020\/04\/Untitled-design-1-1.png","contentUrl":"https:\/\/edelweiss-panorama.ch\/wp-content\/uploads\/2020\/04\/Untitled-design-1-1.png","width":1080,"height":1080,"caption":"Edelweiss Panorama International"},"image":{"@id":"https:\/\/edelweiss-panorama.ch\/fr\/#\/schema\/logo\/image\/"},"sameAs":["https:\/\/www.facebook.com\/edelweisspanorama","https:\/\/x.com\/EPI_Swiss"]},{"@type":"Person","@id":"https:\/\/edelweiss-panorama.ch\/fr\/#\/schema\/person\/40f339557f1e3168761bba6377cb0829","name":"Fr\u00e9d\u00e9ric Tatu","image":{"@type":"ImageObject","inLanguage":"fr-FR","@id":"https:\/\/secure.gravatar.com\/avatar\/0fe323859f18731575cc1727306a418c1c06adb036da08a42ad58ee43321377e?s=96&d=mm&r=g","url":"https:\/\/secure.gravatar.com\/avatar\/0fe323859f18731575cc1727306a418c1c06adb036da08a42ad58ee43321377e?s=96&d=mm&r=g","contentUrl":"https:\/\/secure.gravatar.com\/avatar\/0fe323859f18731575cc1727306a418c1c06adb036da08a42ad58ee43321377e?s=96&d=mm&r=g","caption":"Frederic Tatu"}}]}},"_links":{"self":[{"href":"https:\/\/edelweiss-panorama.ch\/fr\/wp-json\/wp\/v2\/posts\/47578","targetHints":{"allow":["GET"]}}],"collection":[{"href":"https:\/\/edelweiss-panorama.ch\/fr\/wp-json\/wp\/v2\/posts"}],"about":[{"href":"https:\/\/edelweiss-panorama.ch\/fr\/wp-json\/wp\/v2\/types\/post"}],"author":[{"embeddable":true,"href":"https:\/\/edelweiss-panorama.ch\/fr\/wp-json\/wp\/v2\/users\/10"}],"replies":[{"embeddable":true,"href":"https:\/\/edelweiss-panorama.ch\/fr\/wp-json\/wp\/v2\/comments?post=47578"}],"version-history":[{"count":1,"href":"https:\/\/edelweiss-panorama.ch\/fr\/wp-json\/wp\/v2\/posts\/47578\/revisions"}],"predecessor-version":[{"id":47599,"href":"https:\/\/edelweiss-panorama.ch\/fr\/wp-json\/wp\/v2\/posts\/47578\/revisions\/47599"}],"wp:featuredmedia":[{"embeddable":true,"href":"https:\/\/edelweiss-panorama.ch\/fr\/wp-json\/wp\/v2\/media\/47577"}],"wp:attachment":[{"href":"https:\/\/edelweiss-panorama.ch\/fr\/wp-json\/wp\/v2\/media?parent=47578"}],"wp:term":[{"taxonomy":"category","embeddable":true,"href":"https:\/\/edelweiss-panorama.ch\/fr\/wp-json\/wp\/v2\/categories?post=47578"},{"taxonomy":"post_tag","embeddable":true,"href":"https:\/\/edelweiss-panorama.ch\/fr\/wp-json\/wp\/v2\/tags?post=47578"}],"curies":[{"name":"wp","href":"https:\/\/api.w.org\/{rel}","templated":true}]}}