{"id":47695,"date":"2025-06-17T12:49:13","date_gmt":"2025-06-17T10:49:13","guid":{"rendered":"https:\/\/edelweiss-panorama.ch\/a-journey-of-culture-and-connection-surval-south-korea-tour\/"},"modified":"2025-06-17T12:49:13","modified_gmt":"2025-06-17T10:49:13","slug":"un-voyage-de-culture-et-de-connexion-surval-coree-du-sud","status":"publish","type":"post","link":"https:\/\/edelweiss-panorama.ch\/fr\/a-journey-of-culture-and-connection-surval-south-korea-tour\/","title":{"rendered":"Un voyage de culture et de connexion : Surval Cor\u00e9e du Sud"},"content":{"rendered":"<p>The recent cultural tour of South Korea by [Surval Montreux](https:\/\/edelweiss-panorama.ch\/surval-montreux\/) was a transformative experience, bridging past and present through the exploration of Incheon, Busan, and Seoul. The journey began in Incheon, where the coastal beauty of Wolmido Island and a scenic sea train ride introduced the students to Korea&#8217;s deep connection with nature. A fun bike ride filled with culture and laughter set the tone for the adventure. The trip to Busan revealed stunning contrasts, from the breathtaking ocean views at Cheongsapo and Haeundae Blue to the serene Bulguksa and Gamsansa Temples. Participating in a traditional temple meal and tea ceremony, and making bracelets with a monk, offered moments of calm and reflection, highlighting the *spiritual* richness of Korean culture.<\/p>\n<p>The cultural immersion continued in Seoul, where the grandeur of Gyeongbokgung Palace and the charm of Bukchon Hanok Village showcased Korea&#8217;s historical and modern facets. A visit to the DMZ provided a profound understanding of the country&#8217;s complex history, emphasizing the resilience of its people. The interaction with students and teachers at a South Korean international school fostered a *global* perspective, revealing the value of cross-cultural exchanges. The trip also embraced Korea&#8217;s pop culture, from the excitement of a baseball game to a behind-the-scenes tour of the MSK K-Drama Studio, illustrating the seamless blend of tradition and trend. This journey was not just about observing culture but living it, leaving the students with lasting memories and a deeper sense of global citizenship.<\/p>\n<p><img decoding=\"async\" src=\"\/wp-content\/uploads\/2025\/06\/A-Journey-of-Culture-and-Connection-Surval-South-Korea-Tour-2025-06-17T104904.622Z.jpg \" \/><img decoding=\"async\" src=\"\/wp-content\/uploads\/2025\/06\/A-Journey-of-Culture-and-Connection-Surval-South-Korea-Tour-2025-06-17T104907.311Z.jpg \" \/><img decoding=\"async\" src=\"\/wp-content\/uploads\/2025\/06\/A-Journey-of-Culture-and-Connection-Surval-South-Korea-Tour-2025-06-17T104910.113Z.jpg \" \/><\/p>\n","protected":false},"excerpt":{"rendered":"<p>La visite culturelle de la Cor\u00e9e du Sud par <a href=\"https:\/\/edelweiss-panorama.ch\/fr\/surval-montreux\/\">Surval Montreux<\/a> a \u00e9t\u00e9 un voyage de d\u00e9couverte, offrant aux \u00e9tudiants un m\u00e9lange unique de tradition et de modernit\u00e9. Des temples sereins de Busan aux rues anim\u00e9es de S\u00e9oul, le voyage a mis en \u00e9vidence l'importance du respect culturel et de la connexion mondiale. L'exp\u00e9rience a mis en \u00e9vidence le pouvoir de transformation des voyages, enrichissant la compr\u00e9hension du monde par les \u00e9l\u00e8ves et la place qu'ils y occupent.<\/p>","protected":false},"author":10,"featured_media":47691,"comment_status":"open","ping_status":"open","sticky":false,"template":"","format":"standard","meta":{"footnotes":""},"categories":[13],"tags":[362],"class_list":["post-47695","post","type-post","status-publish","format-standard","has-post-thumbnail","hentry","category-education","tag-surval-montreux"],"yoast_head":"<!-- This site is optimized with the Yoast SEO plugin v27.5 - https:\/\/yoast.com\/product\/yoast-seo-wordpress\/ -->\n<title>A Journey of Culture and Connection: Surval South Korea Tour - Edelweiss Panorama International<\/title>\n<meta name=\"robots\" content=\"index, follow, max-snippet:-1, max-image-preview:large, max-video-preview:-1\" \/>\n<link rel=\"canonical\" href=\"https:\/\/edelweiss-panorama.ch\/fr\/un-voyage-de-culture-et-de-connexion-surval-coree-du-sud\/\" \/>\n<meta property=\"og:locale\" content=\"fr_FR\" \/>\n<meta property=\"og:type\" content=\"article\" \/>\n<meta property=\"og:title\" content=\"A Journey of Culture and Connection: Surval South Korea Tour - Edelweiss Panorama International\" \/>\n<meta property=\"og:description\" content=\"The cultural tour of South Korea by Surval Montreux was a journey of discovery, offering students a unique blend of tradition and modernity. From the serene temples of Busan to the vibrant streets of Seoul, the trip highlighted the importance of cultural respect and global connection. The experience underscored the transformative power of travel, enriching the students&#039; understanding of the world and their place within it.\" \/>\n<meta property=\"og:url\" content=\"https:\/\/edelweiss-panorama.ch\/fr\/un-voyage-de-culture-et-de-connexion-surval-coree-du-sud\/\" \/>\n<meta property=\"og:site_name\" content=\"Edelweiss Panorama International\" \/>\n<meta property=\"article:publisher\" content=\"https:\/\/www.facebook.com\/edelweisspanorama\" \/>\n<meta property=\"article:published_time\" content=\"2025-06-17T10:49:13+00:00\" \/>\n<meta name=\"author\" content=\"Frederic Tatu\" \/>\n<meta name=\"twitter:card\" content=\"summary_large_image\" \/>\n<meta name=\"twitter:creator\" content=\"@EPI_Swiss\" \/>\n<meta name=\"twitter:site\" content=\"@EPI_Swiss\" \/>\n<meta name=\"twitter:label1\" content=\"\u00c9crit par\" \/>\n\t<meta name=\"twitter:data1\" content=\"Frederic Tatu\" \/>\n\t<meta name=\"twitter:label2\" content=\"Dur\u00e9e de lecture estim\u00e9e\" \/>\n\t<meta name=\"twitter:data2\" content=\"1 minute\" \/>\n<script type=\"application\/ld+json\" class=\"yoast-schema-graph\">{\"@context\":\"https:\\\/\\\/schema.org\",\"@graph\":[{\"@type\":\"Article\",\"@id\":\"https:\\\/\\\/edelweiss-panorama.ch\\\/a-journey-of-culture-and-connection-surval-south-korea-tour\\\/#article\",\"isPartOf\":{\"@id\":\"https:\\\/\\\/edelweiss-panorama.ch\\\/a-journey-of-culture-and-connection-surval-south-korea-tour\\\/\"},\"author\":{\"name\":\"Frederic Tatu\",\"@id\":\"https:\\\/\\\/edelweiss-panorama.ch\\\/fr\\\/#\\\/schema\\\/person\\\/40f339557f1e3168761bba6377cb0829\"},\"headline\":\"A Journey of Culture and Connection: Surval South Korea Tour\",\"datePublished\":\"2025-06-17T10:49:13+00:00\",\"mainEntityOfPage\":{\"@id\":\"https:\\\/\\\/edelweiss-panorama.ch\\\/a-journey-of-culture-and-connection-surval-south-korea-tour\\\/\"},\"wordCount\":260,\"commentCount\":0,\"publisher\":{\"@id\":\"https:\\\/\\\/edelweiss-panorama.ch\\\/fr\\\/#organization\"},\"image\":{\"@id\":\"https:\\\/\\\/edelweiss-panorama.ch\\\/a-journey-of-culture-and-connection-surval-south-korea-tour\\\/#primaryimage\"},\"thumbnailUrl\":\"https:\\\/\\\/edelweiss-panorama.ch\\\/wp-content\\\/uploads\\\/2025\\\/06\\\/A-Journey-of-Culture-and-Connection-Surval-South-Korea-Tour-2025-06-17T104901.896Z.jpg\",\"keywords\":[\"Surval Montreux\"],\"articleSection\":[\"Education\"],\"inLanguage\":\"fr-FR\",\"potentialAction\":[{\"@type\":\"CommentAction\",\"name\":\"Comment\",\"target\":[\"https:\\\/\\\/edelweiss-panorama.ch\\\/a-journey-of-culture-and-connection-surval-south-korea-tour\\\/#respond\"]}]},{\"@type\":\"WebPage\",\"@id\":\"https:\\\/\\\/edelweiss-panorama.ch\\\/a-journey-of-culture-and-connection-surval-south-korea-tour\\\/\",\"url\":\"https:\\\/\\\/edelweiss-panorama.ch\\\/a-journey-of-culture-and-connection-surval-south-korea-tour\\\/\",\"name\":\"A Journey of Culture and Connection: Surval South Korea Tour - Edelweiss Panorama International\",\"isPartOf\":{\"@id\":\"https:\\\/\\\/edelweiss-panorama.ch\\\/fr\\\/#website\"},\"primaryImageOfPage\":{\"@id\":\"https:\\\/\\\/edelweiss-panorama.ch\\\/a-journey-of-culture-and-connection-surval-south-korea-tour\\\/#primaryimage\"},\"image\":{\"@id\":\"https:\\\/\\\/edelweiss-panorama.ch\\\/a-journey-of-culture-and-connection-surval-south-korea-tour\\\/#primaryimage\"},\"thumbnailUrl\":\"https:\\\/\\\/edelweiss-panorama.ch\\\/wp-content\\\/uploads\\\/2025\\\/06\\\/A-Journey-of-Culture-and-Connection-Surval-South-Korea-Tour-2025-06-17T104901.896Z.jpg\",\"datePublished\":\"2025-06-17T10:49:13+00:00\",\"breadcrumb\":{\"@id\":\"https:\\\/\\\/edelweiss-panorama.ch\\\/a-journey-of-culture-and-connection-surval-south-korea-tour\\\/#breadcrumb\"},\"inLanguage\":\"fr-FR\",\"potentialAction\":[{\"@type\":\"ReadAction\",\"target\":[\"https:\\\/\\\/edelweiss-panorama.ch\\\/a-journey-of-culture-and-connection-surval-south-korea-tour\\\/\"]}]},{\"@type\":\"ImageObject\",\"inLanguage\":\"fr-FR\",\"@id\":\"https:\\\/\\\/edelweiss-panorama.ch\\\/a-journey-of-culture-and-connection-surval-south-korea-tour\\\/#primaryimage\",\"url\":\"https:\\\/\\\/edelweiss-panorama.ch\\\/wp-content\\\/uploads\\\/2025\\\/06\\\/A-Journey-of-Culture-and-Connection-Surval-South-Korea-Tour-2025-06-17T104901.896Z.jpg\",\"contentUrl\":\"https:\\\/\\\/edelweiss-panorama.ch\\\/wp-content\\\/uploads\\\/2025\\\/06\\\/A-Journey-of-Culture-and-Connection-Surval-South-Korea-Tour-2025-06-17T104901.896Z.jpg\",\"width\":1600,\"height\":1200},{\"@type\":\"BreadcrumbList\",\"@id\":\"https:\\\/\\\/edelweiss-panorama.ch\\\/a-journey-of-culture-and-connection-surval-south-korea-tour\\\/#breadcrumb\",\"itemListElement\":[{\"@type\":\"ListItem\",\"position\":1,\"name\":\"Home\",\"item\":\"https:\\\/\\\/edelweiss-panorama.ch\\\/\"},{\"@type\":\"ListItem\",\"position\":2,\"name\":\"A Journey of Culture and Connection: Surval South Korea Tour\"}]},{\"@type\":\"WebSite\",\"@id\":\"https:\\\/\\\/edelweiss-panorama.ch\\\/fr\\\/#website\",\"url\":\"https:\\\/\\\/edelweiss-panorama.ch\\\/fr\\\/\",\"name\":\"Edelweiss Panorama International\",\"description\":\"Allows you to live and thrive every corner of the world.\",\"publisher\":{\"@id\":\"https:\\\/\\\/edelweiss-panorama.ch\\\/fr\\\/#organization\"},\"potentialAction\":[{\"@type\":\"SearchAction\",\"target\":{\"@type\":\"EntryPoint\",\"urlTemplate\":\"https:\\\/\\\/edelweiss-panorama.ch\\\/fr\\\/?s={search_term_string}\"},\"query-input\":{\"@type\":\"PropertyValueSpecification\",\"valueRequired\":true,\"valueName\":\"search_term_string\"}}],\"inLanguage\":\"fr-FR\"},{\"@type\":\"Organization\",\"@id\":\"https:\\\/\\\/edelweiss-panorama.ch\\\/fr\\\/#organization\",\"name\":\"Edelweiss Panorama International\",\"url\":\"https:\\\/\\\/edelweiss-panorama.ch\\\/fr\\\/\",\"logo\":{\"@type\":\"ImageObject\",\"inLanguage\":\"fr-FR\",\"@id\":\"https:\\\/\\\/edelweiss-panorama.ch\\\/fr\\\/#\\\/schema\\\/logo\\\/image\\\/\",\"url\":\"https:\\\/\\\/edelweiss-panorama.ch\\\/wp-content\\\/uploads\\\/2020\\\/04\\\/Untitled-design-1-1.png\",\"contentUrl\":\"https:\\\/\\\/edelweiss-panorama.ch\\\/wp-content\\\/uploads\\\/2020\\\/04\\\/Untitled-design-1-1.png\",\"width\":1080,\"height\":1080,\"caption\":\"Edelweiss Panorama International\"},\"image\":{\"@id\":\"https:\\\/\\\/edelweiss-panorama.ch\\\/fr\\\/#\\\/schema\\\/logo\\\/image\\\/\"},\"sameAs\":[\"https:\\\/\\\/www.facebook.com\\\/edelweisspanorama\",\"https:\\\/\\\/x.com\\\/EPI_Swiss\"]},{\"@type\":\"Person\",\"@id\":\"https:\\\/\\\/edelweiss-panorama.ch\\\/fr\\\/#\\\/schema\\\/person\\\/40f339557f1e3168761bba6377cb0829\",\"name\":\"Frederic Tatu\",\"image\":{\"@type\":\"ImageObject\",\"inLanguage\":\"fr-FR\",\"@id\":\"https:\\\/\\\/secure.gravatar.com\\\/avatar\\\/0fe323859f18731575cc1727306a418c1c06adb036da08a42ad58ee43321377e?s=96&d=mm&r=g\",\"url\":\"https:\\\/\\\/secure.gravatar.com\\\/avatar\\\/0fe323859f18731575cc1727306a418c1c06adb036da08a42ad58ee43321377e?s=96&d=mm&r=g\",\"contentUrl\":\"https:\\\/\\\/secure.gravatar.com\\\/avatar\\\/0fe323859f18731575cc1727306a418c1c06adb036da08a42ad58ee43321377e?s=96&d=mm&r=g\",\"caption\":\"Frederic Tatu\"}}]}<\/script>\n<!-- \/ Yoast SEO plugin. -->","yoast_head_json":{"title":"Un voyage de culture et de connexion : Surval Cor\u00e9e du Sud - Edelweiss Panorama International","robots":{"index":"index","follow":"follow","max-snippet":"max-snippet:-1","max-image-preview":"max-image-preview:large","max-video-preview":"max-video-preview:-1"},"canonical":"https:\/\/edelweiss-panorama.ch\/fr\/un-voyage-de-culture-et-de-connexion-surval-coree-du-sud\/","og_locale":"fr_FR","og_type":"article","og_title":"A Journey of Culture and Connection: Surval South Korea Tour - Edelweiss Panorama International","og_description":"The cultural tour of South Korea by Surval Montreux was a journey of discovery, offering students a unique blend of tradition and modernity. From the serene temples of Busan to the vibrant streets of Seoul, the trip highlighted the importance of cultural respect and global connection. The experience underscored the transformative power of travel, enriching the students' understanding of the world and their place within it.","og_url":"https:\/\/edelweiss-panorama.ch\/fr\/un-voyage-de-culture-et-de-connexion-surval-coree-du-sud\/","og_site_name":"Edelweiss Panorama International","article_publisher":"https:\/\/www.facebook.com\/edelweisspanorama","article_published_time":"2025-06-17T10:49:13+00:00","author":"Frederic Tatu","twitter_card":"summary_large_image","twitter_creator":"@EPI_Swiss","twitter_site":"@EPI_Swiss","twitter_misc":{"\u00c9crit par":"Frederic Tatu","Dur\u00e9e de lecture estim\u00e9e":"1 minute"},"schema":{"@context":"https:\/\/schema.org","@graph":[{"@type":"Article","@id":"https:\/\/edelweiss-panorama.ch\/a-journey-of-culture-and-connection-surval-south-korea-tour\/#article","isPartOf":{"@id":"https:\/\/edelweiss-panorama.ch\/a-journey-of-culture-and-connection-surval-south-korea-tour\/"},"author":{"name":"Frederic Tatu","@id":"https:\/\/edelweiss-panorama.ch\/fr\/#\/schema\/person\/40f339557f1e3168761bba6377cb0829"},"headline":"A Journey of Culture and Connection: Surval South Korea Tour","datePublished":"2025-06-17T10:49:13+00:00","mainEntityOfPage":{"@id":"https:\/\/edelweiss-panorama.ch\/a-journey-of-culture-and-connection-surval-south-korea-tour\/"},"wordCount":260,"commentCount":0,"publisher":{"@id":"https:\/\/edelweiss-panorama.ch\/fr\/#organization"},"image":{"@id":"https:\/\/edelweiss-panorama.ch\/a-journey-of-culture-and-connection-surval-south-korea-tour\/#primaryimage"},"thumbnailUrl":"https:\/\/edelweiss-panorama.ch\/wp-content\/uploads\/2025\/06\/A-Journey-of-Culture-and-Connection-Surval-South-Korea-Tour-2025-06-17T104901.896Z.jpg","keywords":["Surval Montreux"],"articleSection":["Education"],"inLanguage":"fr-FR","potentialAction":[{"@type":"CommentAction","name":"Comment","target":["https:\/\/edelweiss-panorama.ch\/a-journey-of-culture-and-connection-surval-south-korea-tour\/#respond"]}]},{"@type":"WebPage","@id":"https:\/\/edelweiss-panorama.ch\/a-journey-of-culture-and-connection-surval-south-korea-tour\/","url":"https:\/\/edelweiss-panorama.ch\/a-journey-of-culture-and-connection-surval-south-korea-tour\/","name":"Un voyage de culture et de connexion : Surval Cor\u00e9e du Sud - Edelweiss Panorama International","isPartOf":{"@id":"https:\/\/edelweiss-panorama.ch\/fr\/#website"},"primaryImageOfPage":{"@id":"https:\/\/edelweiss-panorama.ch\/a-journey-of-culture-and-connection-surval-south-korea-tour\/#primaryimage"},"image":{"@id":"https:\/\/edelweiss-panorama.ch\/a-journey-of-culture-and-connection-surval-south-korea-tour\/#primaryimage"},"thumbnailUrl":"https:\/\/edelweiss-panorama.ch\/wp-content\/uploads\/2025\/06\/A-Journey-of-Culture-and-Connection-Surval-South-Korea-Tour-2025-06-17T104901.896Z.jpg","datePublished":"2025-06-17T10:49:13+00:00","breadcrumb":{"@id":"https:\/\/edelweiss-panorama.ch\/a-journey-of-culture-and-connection-surval-south-korea-tour\/#breadcrumb"},"inLanguage":"fr-FR","potentialAction":[{"@type":"ReadAction","target":["https:\/\/edelweiss-panorama.ch\/a-journey-of-culture-and-connection-surval-south-korea-tour\/"]}]},{"@type":"ImageObject","inLanguage":"fr-FR","@id":"https:\/\/edelweiss-panorama.ch\/a-journey-of-culture-and-connection-surval-south-korea-tour\/#primaryimage","url":"https:\/\/edelweiss-panorama.ch\/wp-content\/uploads\/2025\/06\/A-Journey-of-Culture-and-Connection-Surval-South-Korea-Tour-2025-06-17T104901.896Z.jpg","contentUrl":"https:\/\/edelweiss-panorama.ch\/wp-content\/uploads\/2025\/06\/A-Journey-of-Culture-and-Connection-Surval-South-Korea-Tour-2025-06-17T104901.896Z.jpg","width":1600,"height":1200},{"@type":"BreadcrumbList","@id":"https:\/\/edelweiss-panorama.ch\/a-journey-of-culture-and-connection-surval-south-korea-tour\/#breadcrumb","itemListElement":[{"@type":"ListItem","position":1,"name":"Home","item":"https:\/\/edelweiss-panorama.ch\/"},{"@type":"ListItem","position":2,"name":"A Journey of Culture and Connection: Surval South Korea Tour"}]},{"@type":"WebSite","@id":"https:\/\/edelweiss-panorama.ch\/fr\/#website","url":"https:\/\/edelweiss-panorama.ch\/fr\/","name":"Edelweiss Panorama International","description":"Il vous permet de vivre et de prosp\u00e9rer aux quatre coins du monde.","publisher":{"@id":"https:\/\/edelweiss-panorama.ch\/fr\/#organization"},"potentialAction":[{"@type":"SearchAction","target":{"@type":"EntryPoint","urlTemplate":"https:\/\/edelweiss-panorama.ch\/fr\/?s={search_term_string}"},"query-input":{"@type":"PropertyValueSpecification","valueRequired":true,"valueName":"search_term_string"}}],"inLanguage":"fr-FR"},{"@type":"Organization","@id":"https:\/\/edelweiss-panorama.ch\/fr\/#organization","name":"Edelweiss Panorama International","url":"https:\/\/edelweiss-panorama.ch\/fr\/","logo":{"@type":"ImageObject","inLanguage":"fr-FR","@id":"https:\/\/edelweiss-panorama.ch\/fr\/#\/schema\/logo\/image\/","url":"https:\/\/edelweiss-panorama.ch\/wp-content\/uploads\/2020\/04\/Untitled-design-1-1.png","contentUrl":"https:\/\/edelweiss-panorama.ch\/wp-content\/uploads\/2020\/04\/Untitled-design-1-1.png","width":1080,"height":1080,"caption":"Edelweiss Panorama International"},"image":{"@id":"https:\/\/edelweiss-panorama.ch\/fr\/#\/schema\/logo\/image\/"},"sameAs":["https:\/\/www.facebook.com\/edelweisspanorama","https:\/\/x.com\/EPI_Swiss"]},{"@type":"Person","@id":"https:\/\/edelweiss-panorama.ch\/fr\/#\/schema\/person\/40f339557f1e3168761bba6377cb0829","name":"Fr\u00e9d\u00e9ric Tatu","image":{"@type":"ImageObject","inLanguage":"fr-FR","@id":"https:\/\/secure.gravatar.com\/avatar\/0fe323859f18731575cc1727306a418c1c06adb036da08a42ad58ee43321377e?s=96&d=mm&r=g","url":"https:\/\/secure.gravatar.com\/avatar\/0fe323859f18731575cc1727306a418c1c06adb036da08a42ad58ee43321377e?s=96&d=mm&r=g","contentUrl":"https:\/\/secure.gravatar.com\/avatar\/0fe323859f18731575cc1727306a418c1c06adb036da08a42ad58ee43321377e?s=96&d=mm&r=g","caption":"Frederic Tatu"}}]}},"_links":{"self":[{"href":"https:\/\/edelweiss-panorama.ch\/fr\/wp-json\/wp\/v2\/posts\/47695","targetHints":{"allow":["GET"]}}],"collection":[{"href":"https:\/\/edelweiss-panorama.ch\/fr\/wp-json\/wp\/v2\/posts"}],"about":[{"href":"https:\/\/edelweiss-panorama.ch\/fr\/wp-json\/wp\/v2\/types\/post"}],"author":[{"embeddable":true,"href":"https:\/\/edelweiss-panorama.ch\/fr\/wp-json\/wp\/v2\/users\/10"}],"replies":[{"embeddable":true,"href":"https:\/\/edelweiss-panorama.ch\/fr\/wp-json\/wp\/v2\/comments?post=47695"}],"version-history":[{"count":0,"href":"https:\/\/edelweiss-panorama.ch\/fr\/wp-json\/wp\/v2\/posts\/47695\/revisions"}],"wp:featuredmedia":[{"embeddable":true,"href":"https:\/\/edelweiss-panorama.ch\/fr\/wp-json\/wp\/v2\/media\/47691"}],"wp:attachment":[{"href":"https:\/\/edelweiss-panorama.ch\/fr\/wp-json\/wp\/v2\/media?parent=47695"}],"wp:term":[{"taxonomy":"category","embeddable":true,"href":"https:\/\/edelweiss-panorama.ch\/fr\/wp-json\/wp\/v2\/categories?post=47695"},{"taxonomy":"post_tag","embeddable":true,"href":"https:\/\/edelweiss-panorama.ch\/fr\/wp-json\/wp\/v2\/tags?post=47695"}],"curies":[{"name":"wp","href":"https:\/\/api.w.org\/{rel}","templated":true}]}}