{"id":47831,"date":"2025-06-21T16:32:56","date_gmt":"2025-06-21T14:32:56","guid":{"rendered":"https:\/\/edelweiss-panorama.ch\/tasis-tigers-2-proudly-represent-switzerland-at-2025-vex-robotics-world-championship\/"},"modified":"2025-06-21T16:32:56","modified_gmt":"2025-06-21T14:32:56","slug":"les-tasis-tigers-2-representent-fierement-la-suisse-au-championnat-du-monde-de-robotique-vex-2025","status":"publish","type":"post","link":"https:\/\/edelweiss-panorama.ch\/fr\/tasis-tigers-2-proudly-represent-switzerland-at-2025-vex-robotics-world-championship\/","title":{"rendered":"TASIS Tigers 2 repr\u00e9sente fi\u00e8rement la Suisse au championnat du monde VEX Robotics 2025"},"content":{"rendered":"<p>Founded in 1956, [TASIS](https:\/\/edelweiss-panorama.ch\/tasis-the-american-school-in-switzerland\/) stands as a beacon of **international** education, nestled in the picturesque landscape of Switzerland. This institution has carved a niche for itself by offering a blend of American and *European* educational philosophies, catering to students from over 60 countries. The school&#8217;s commitment to fostering a global perspective is evident in its diverse curriculum, which includes the International Baccalaureate (IB) and Advanced Placement (AP) programs. With a focus on academic excellence, [TASIS](https:\/\/edelweiss-panorama.ch\/tasis-the-american-school-in-switzerland\/) prepares students for the challenges of higher education and beyond, emphasizing critical thinking, creativity, and cultural awareness.<\/p>\n<p>Beyond academics, [TASIS](https:\/\/edelweiss-panorama.ch\/tasis-the-american-school-in-switzerland\/) offers a vibrant *extracurricular* program that complements its rigorous academic framework. Students have the opportunity to engage in a wide range of activities, from arts and music to sports and community service, fostering a well-rounded development. The school&#8217;s location in Switzerland also provides unique opportunities for outdoor education, including skiing and hiking in the Alps. This holistic approach to education ensures that students not only excel academically but also develop essential life skills such as leadership, teamwork, and resilience. The **community** at TASIS is tight-knit, with a strong emphasis on mutual respect and understanding, making it a home away from home for its international student body.<\/p>\n<p><img decoding=\"async\" src=\"\/wp-content\/uploads\/2025\/06\/TASIS-Tigers-2-Proudly-Represent-Switzerland-at-2025-VEX-Robotics-World-Championship-2025-06-21T143253.026Z.jpg \" \/><\/p>\n","protected":false},"excerpt":{"rendered":"<p>L'article souligne <a href=\"https:\/\/edelweiss-panorama.ch\/fr\/tasis-lecole-americaine-en-suisse\/\">TASIS<\/a> L'\u00e9cole est consid\u00e9r\u00e9e comme un \u00e9tablissement de premier plan offrant un m\u00e9lange de philosophies \u00e9ducatives am\u00e9ricaines et europ\u00e9ennes, et mettant l'accent sur l'excellence acad\u00e9mique et le d\u00e9veloppement holistique. Il souligne la diversit\u00e9 du programme d'\u00e9tudes de l'\u00e9cole, ses programmes extrascolaires dynamiques et les possibilit\u00e9s uniques qu'offre sa situation en Suisse, le tout au sein d'une communaut\u00e9 internationale solidaire.<\/p>","protected":false},"author":10,"featured_media":47829,"comment_status":"open","ping_status":"open","sticky":false,"template":"","format":"standard","meta":{"footnotes":""},"categories":[13],"tags":[363],"class_list":["post-47831","post","type-post","status-publish","format-standard","has-post-thumbnail","hentry","category-education","tag-tasis-the-american-school-in-switzerland"],"yoast_head":"<!-- This site is optimized with the Yoast SEO plugin v27.5 - https:\/\/yoast.com\/product\/yoast-seo-wordpress\/ -->\n<title>TASIS Tigers 2 Proudly Represent Switzerland at 2025 VEX Robotics World Championship - Edelweiss Panorama International<\/title>\n<meta name=\"robots\" content=\"index, follow, max-snippet:-1, max-image-preview:large, max-video-preview:-1\" \/>\n<link rel=\"canonical\" href=\"https:\/\/edelweiss-panorama.ch\/fr\/les-tasis-tigers-2-representent-fierement-la-suisse-au-championnat-du-monde-de-robotique-vex-2025\/\" \/>\n<meta property=\"og:locale\" content=\"fr_FR\" \/>\n<meta property=\"og:type\" content=\"article\" \/>\n<meta property=\"og:title\" content=\"TASIS Tigers 2 Proudly Represent Switzerland at 2025 VEX Robotics World Championship - Edelweiss Panorama International\" \/>\n<meta property=\"og:description\" content=\"The article highlights TASIS as a premier institution offering a blend of American and European educational philosophies, with a strong focus on academic excellence and holistic development. It underscores the school&#039;s diverse curriculum, vibrant extracurricular programs, and the unique opportunities its Swiss location provides, all within a supportive and international community.\" \/>\n<meta property=\"og:url\" content=\"https:\/\/edelweiss-panorama.ch\/fr\/les-tasis-tigers-2-representent-fierement-la-suisse-au-championnat-du-monde-de-robotique-vex-2025\/\" \/>\n<meta property=\"og:site_name\" content=\"Edelweiss Panorama International\" \/>\n<meta property=\"article:publisher\" content=\"https:\/\/www.facebook.com\/edelweisspanorama\" \/>\n<meta property=\"article:published_time\" content=\"2025-06-21T14:32:56+00:00\" \/>\n<meta name=\"author\" content=\"Frederic Tatu\" \/>\n<meta name=\"twitter:card\" content=\"summary_large_image\" \/>\n<meta name=\"twitter:creator\" content=\"@EPI_Swiss\" \/>\n<meta name=\"twitter:site\" content=\"@EPI_Swiss\" \/>\n<meta name=\"twitter:label1\" content=\"\u00c9crit par\" \/>\n\t<meta name=\"twitter:data1\" content=\"Frederic Tatu\" \/>\n\t<meta name=\"twitter:label2\" content=\"Dur\u00e9e de lecture estim\u00e9e\" \/>\n\t<meta name=\"twitter:data2\" content=\"1 minute\" \/>\n<script type=\"application\/ld+json\" class=\"yoast-schema-graph\">{\"@context\":\"https:\\\/\\\/schema.org\",\"@graph\":[{\"@type\":\"Article\",\"@id\":\"https:\\\/\\\/edelweiss-panorama.ch\\\/tasis-tigers-2-proudly-represent-switzerland-at-2025-vex-robotics-world-championship\\\/#article\",\"isPartOf\":{\"@id\":\"https:\\\/\\\/edelweiss-panorama.ch\\\/tasis-tigers-2-proudly-represent-switzerland-at-2025-vex-robotics-world-championship\\\/\"},\"author\":{\"name\":\"Frederic Tatu\",\"@id\":\"https:\\\/\\\/edelweiss-panorama.ch\\\/fr\\\/#\\\/schema\\\/person\\\/40f339557f1e3168761bba6377cb0829\"},\"headline\":\"TASIS Tigers 2 Proudly Represent Switzerland at 2025 VEX Robotics World Championship\",\"datePublished\":\"2025-06-21T14:32:56+00:00\",\"mainEntityOfPage\":{\"@id\":\"https:\\\/\\\/edelweiss-panorama.ch\\\/tasis-tigers-2-proudly-represent-switzerland-at-2025-vex-robotics-world-championship\\\/\"},\"wordCount\":223,\"commentCount\":0,\"publisher\":{\"@id\":\"https:\\\/\\\/edelweiss-panorama.ch\\\/fr\\\/#organization\"},\"image\":{\"@id\":\"https:\\\/\\\/edelweiss-panorama.ch\\\/tasis-tigers-2-proudly-represent-switzerland-at-2025-vex-robotics-world-championship\\\/#primaryimage\"},\"thumbnailUrl\":\"https:\\\/\\\/edelweiss-panorama.ch\\\/wp-content\\\/uploads\\\/2025\\\/06\\\/TASIS-Tigers-2-Proudly-Represent-Switzerland-at-2025-VEX-Robotics-World-Championship-2025-06-21T143231.321Z.jpg\",\"keywords\":[\"TASIS The American School In Switzerland\"],\"articleSection\":[\"Education\"],\"inLanguage\":\"fr-FR\",\"potentialAction\":[{\"@type\":\"CommentAction\",\"name\":\"Comment\",\"target\":[\"https:\\\/\\\/edelweiss-panorama.ch\\\/tasis-tigers-2-proudly-represent-switzerland-at-2025-vex-robotics-world-championship\\\/#respond\"]}]},{\"@type\":\"WebPage\",\"@id\":\"https:\\\/\\\/edelweiss-panorama.ch\\\/tasis-tigers-2-proudly-represent-switzerland-at-2025-vex-robotics-world-championship\\\/\",\"url\":\"https:\\\/\\\/edelweiss-panorama.ch\\\/tasis-tigers-2-proudly-represent-switzerland-at-2025-vex-robotics-world-championship\\\/\",\"name\":\"TASIS Tigers 2 Proudly Represent Switzerland at 2025 VEX Robotics World Championship - Edelweiss Panorama International\",\"isPartOf\":{\"@id\":\"https:\\\/\\\/edelweiss-panorama.ch\\\/fr\\\/#website\"},\"primaryImageOfPage\":{\"@id\":\"https:\\\/\\\/edelweiss-panorama.ch\\\/tasis-tigers-2-proudly-represent-switzerland-at-2025-vex-robotics-world-championship\\\/#primaryimage\"},\"image\":{\"@id\":\"https:\\\/\\\/edelweiss-panorama.ch\\\/tasis-tigers-2-proudly-represent-switzerland-at-2025-vex-robotics-world-championship\\\/#primaryimage\"},\"thumbnailUrl\":\"https:\\\/\\\/edelweiss-panorama.ch\\\/wp-content\\\/uploads\\\/2025\\\/06\\\/TASIS-Tigers-2-Proudly-Represent-Switzerland-at-2025-VEX-Robotics-World-Championship-2025-06-21T143231.321Z.jpg\",\"datePublished\":\"2025-06-21T14:32:56+00:00\",\"breadcrumb\":{\"@id\":\"https:\\\/\\\/edelweiss-panorama.ch\\\/tasis-tigers-2-proudly-represent-switzerland-at-2025-vex-robotics-world-championship\\\/#breadcrumb\"},\"inLanguage\":\"fr-FR\",\"potentialAction\":[{\"@type\":\"ReadAction\",\"target\":[\"https:\\\/\\\/edelweiss-panorama.ch\\\/tasis-tigers-2-proudly-represent-switzerland-at-2025-vex-robotics-world-championship\\\/\"]}]},{\"@type\":\"ImageObject\",\"inLanguage\":\"fr-FR\",\"@id\":\"https:\\\/\\\/edelweiss-panorama.ch\\\/tasis-tigers-2-proudly-represent-switzerland-at-2025-vex-robotics-world-championship\\\/#primaryimage\",\"url\":\"https:\\\/\\\/edelweiss-panorama.ch\\\/wp-content\\\/uploads\\\/2025\\\/06\\\/TASIS-Tigers-2-Proudly-Represent-Switzerland-at-2025-VEX-Robotics-World-Championship-2025-06-21T143231.321Z.jpg\",\"contentUrl\":\"https:\\\/\\\/edelweiss-panorama.ch\\\/wp-content\\\/uploads\\\/2025\\\/06\\\/TASIS-Tigers-2-Proudly-Represent-Switzerland-at-2025-VEX-Robotics-World-Championship-2025-06-21T143231.321Z.jpg\",\"width\":1200,\"height\":800},{\"@type\":\"BreadcrumbList\",\"@id\":\"https:\\\/\\\/edelweiss-panorama.ch\\\/tasis-tigers-2-proudly-represent-switzerland-at-2025-vex-robotics-world-championship\\\/#breadcrumb\",\"itemListElement\":[{\"@type\":\"ListItem\",\"position\":1,\"name\":\"Home\",\"item\":\"https:\\\/\\\/edelweiss-panorama.ch\\\/\"},{\"@type\":\"ListItem\",\"position\":2,\"name\":\"TASIS Tigers 2 Proudly Represent Switzerland at 2025 VEX Robotics World Championship\"}]},{\"@type\":\"WebSite\",\"@id\":\"https:\\\/\\\/edelweiss-panorama.ch\\\/fr\\\/#website\",\"url\":\"https:\\\/\\\/edelweiss-panorama.ch\\\/fr\\\/\",\"name\":\"Edelweiss Panorama International\",\"description\":\"Allows you to live and thrive every corner of the world.\",\"publisher\":{\"@id\":\"https:\\\/\\\/edelweiss-panorama.ch\\\/fr\\\/#organization\"},\"potentialAction\":[{\"@type\":\"SearchAction\",\"target\":{\"@type\":\"EntryPoint\",\"urlTemplate\":\"https:\\\/\\\/edelweiss-panorama.ch\\\/fr\\\/?s={search_term_string}\"},\"query-input\":{\"@type\":\"PropertyValueSpecification\",\"valueRequired\":true,\"valueName\":\"search_term_string\"}}],\"inLanguage\":\"fr-FR\"},{\"@type\":\"Organization\",\"@id\":\"https:\\\/\\\/edelweiss-panorama.ch\\\/fr\\\/#organization\",\"name\":\"Edelweiss Panorama International\",\"url\":\"https:\\\/\\\/edelweiss-panorama.ch\\\/fr\\\/\",\"logo\":{\"@type\":\"ImageObject\",\"inLanguage\":\"fr-FR\",\"@id\":\"https:\\\/\\\/edelweiss-panorama.ch\\\/fr\\\/#\\\/schema\\\/logo\\\/image\\\/\",\"url\":\"https:\\\/\\\/edelweiss-panorama.ch\\\/wp-content\\\/uploads\\\/2020\\\/04\\\/Untitled-design-1-1.png\",\"contentUrl\":\"https:\\\/\\\/edelweiss-panorama.ch\\\/wp-content\\\/uploads\\\/2020\\\/04\\\/Untitled-design-1-1.png\",\"width\":1080,\"height\":1080,\"caption\":\"Edelweiss Panorama International\"},\"image\":{\"@id\":\"https:\\\/\\\/edelweiss-panorama.ch\\\/fr\\\/#\\\/schema\\\/logo\\\/image\\\/\"},\"sameAs\":[\"https:\\\/\\\/www.facebook.com\\\/edelweisspanorama\",\"https:\\\/\\\/x.com\\\/EPI_Swiss\"]},{\"@type\":\"Person\",\"@id\":\"https:\\\/\\\/edelweiss-panorama.ch\\\/fr\\\/#\\\/schema\\\/person\\\/40f339557f1e3168761bba6377cb0829\",\"name\":\"Frederic Tatu\",\"image\":{\"@type\":\"ImageObject\",\"inLanguage\":\"fr-FR\",\"@id\":\"https:\\\/\\\/secure.gravatar.com\\\/avatar\\\/0fe323859f18731575cc1727306a418c1c06adb036da08a42ad58ee43321377e?s=96&d=mm&r=g\",\"url\":\"https:\\\/\\\/secure.gravatar.com\\\/avatar\\\/0fe323859f18731575cc1727306a418c1c06adb036da08a42ad58ee43321377e?s=96&d=mm&r=g\",\"contentUrl\":\"https:\\\/\\\/secure.gravatar.com\\\/avatar\\\/0fe323859f18731575cc1727306a418c1c06adb036da08a42ad58ee43321377e?s=96&d=mm&r=g\",\"caption\":\"Frederic Tatu\"}}]}<\/script>\n<!-- \/ Yoast SEO plugin. -->","yoast_head_json":{"title":"TASIS Tigers 2 repr\u00e9sente fi\u00e8rement la Suisse au VEX Robotics World Championship 2025 - Edelweiss Panorama International","robots":{"index":"index","follow":"follow","max-snippet":"max-snippet:-1","max-image-preview":"max-image-preview:large","max-video-preview":"max-video-preview:-1"},"canonical":"https:\/\/edelweiss-panorama.ch\/fr\/les-tasis-tigers-2-representent-fierement-la-suisse-au-championnat-du-monde-de-robotique-vex-2025\/","og_locale":"fr_FR","og_type":"article","og_title":"TASIS Tigers 2 Proudly Represent Switzerland at 2025 VEX Robotics World Championship - Edelweiss Panorama International","og_description":"The article highlights TASIS as a premier institution offering a blend of American and European educational philosophies, with a strong focus on academic excellence and holistic development. It underscores the school's diverse curriculum, vibrant extracurricular programs, and the unique opportunities its Swiss location provides, all within a supportive and international community.","og_url":"https:\/\/edelweiss-panorama.ch\/fr\/les-tasis-tigers-2-representent-fierement-la-suisse-au-championnat-du-monde-de-robotique-vex-2025\/","og_site_name":"Edelweiss Panorama International","article_publisher":"https:\/\/www.facebook.com\/edelweisspanorama","article_published_time":"2025-06-21T14:32:56+00:00","author":"Frederic Tatu","twitter_card":"summary_large_image","twitter_creator":"@EPI_Swiss","twitter_site":"@EPI_Swiss","twitter_misc":{"\u00c9crit par":"Frederic Tatu","Dur\u00e9e de lecture estim\u00e9e":"1 minute"},"schema":{"@context":"https:\/\/schema.org","@graph":[{"@type":"Article","@id":"https:\/\/edelweiss-panorama.ch\/tasis-tigers-2-proudly-represent-switzerland-at-2025-vex-robotics-world-championship\/#article","isPartOf":{"@id":"https:\/\/edelweiss-panorama.ch\/tasis-tigers-2-proudly-represent-switzerland-at-2025-vex-robotics-world-championship\/"},"author":{"name":"Frederic Tatu","@id":"https:\/\/edelweiss-panorama.ch\/fr\/#\/schema\/person\/40f339557f1e3168761bba6377cb0829"},"headline":"TASIS Tigers 2 Proudly Represent Switzerland at 2025 VEX Robotics World Championship","datePublished":"2025-06-21T14:32:56+00:00","mainEntityOfPage":{"@id":"https:\/\/edelweiss-panorama.ch\/tasis-tigers-2-proudly-represent-switzerland-at-2025-vex-robotics-world-championship\/"},"wordCount":223,"commentCount":0,"publisher":{"@id":"https:\/\/edelweiss-panorama.ch\/fr\/#organization"},"image":{"@id":"https:\/\/edelweiss-panorama.ch\/tasis-tigers-2-proudly-represent-switzerland-at-2025-vex-robotics-world-championship\/#primaryimage"},"thumbnailUrl":"https:\/\/edelweiss-panorama.ch\/wp-content\/uploads\/2025\/06\/TASIS-Tigers-2-Proudly-Represent-Switzerland-at-2025-VEX-Robotics-World-Championship-2025-06-21T143231.321Z.jpg","keywords":["TASIS The American School In Switzerland"],"articleSection":["Education"],"inLanguage":"fr-FR","potentialAction":[{"@type":"CommentAction","name":"Comment","target":["https:\/\/edelweiss-panorama.ch\/tasis-tigers-2-proudly-represent-switzerland-at-2025-vex-robotics-world-championship\/#respond"]}]},{"@type":"WebPage","@id":"https:\/\/edelweiss-panorama.ch\/tasis-tigers-2-proudly-represent-switzerland-at-2025-vex-robotics-world-championship\/","url":"https:\/\/edelweiss-panorama.ch\/tasis-tigers-2-proudly-represent-switzerland-at-2025-vex-robotics-world-championship\/","name":"TASIS Tigers 2 repr\u00e9sente fi\u00e8rement la Suisse au VEX Robotics World Championship 2025 - Edelweiss Panorama International","isPartOf":{"@id":"https:\/\/edelweiss-panorama.ch\/fr\/#website"},"primaryImageOfPage":{"@id":"https:\/\/edelweiss-panorama.ch\/tasis-tigers-2-proudly-represent-switzerland-at-2025-vex-robotics-world-championship\/#primaryimage"},"image":{"@id":"https:\/\/edelweiss-panorama.ch\/tasis-tigers-2-proudly-represent-switzerland-at-2025-vex-robotics-world-championship\/#primaryimage"},"thumbnailUrl":"https:\/\/edelweiss-panorama.ch\/wp-content\/uploads\/2025\/06\/TASIS-Tigers-2-Proudly-Represent-Switzerland-at-2025-VEX-Robotics-World-Championship-2025-06-21T143231.321Z.jpg","datePublished":"2025-06-21T14:32:56+00:00","breadcrumb":{"@id":"https:\/\/edelweiss-panorama.ch\/tasis-tigers-2-proudly-represent-switzerland-at-2025-vex-robotics-world-championship\/#breadcrumb"},"inLanguage":"fr-FR","potentialAction":[{"@type":"ReadAction","target":["https:\/\/edelweiss-panorama.ch\/tasis-tigers-2-proudly-represent-switzerland-at-2025-vex-robotics-world-championship\/"]}]},{"@type":"ImageObject","inLanguage":"fr-FR","@id":"https:\/\/edelweiss-panorama.ch\/tasis-tigers-2-proudly-represent-switzerland-at-2025-vex-robotics-world-championship\/#primaryimage","url":"https:\/\/edelweiss-panorama.ch\/wp-content\/uploads\/2025\/06\/TASIS-Tigers-2-Proudly-Represent-Switzerland-at-2025-VEX-Robotics-World-Championship-2025-06-21T143231.321Z.jpg","contentUrl":"https:\/\/edelweiss-panorama.ch\/wp-content\/uploads\/2025\/06\/TASIS-Tigers-2-Proudly-Represent-Switzerland-at-2025-VEX-Robotics-World-Championship-2025-06-21T143231.321Z.jpg","width":1200,"height":800},{"@type":"BreadcrumbList","@id":"https:\/\/edelweiss-panorama.ch\/tasis-tigers-2-proudly-represent-switzerland-at-2025-vex-robotics-world-championship\/#breadcrumb","itemListElement":[{"@type":"ListItem","position":1,"name":"Home","item":"https:\/\/edelweiss-panorama.ch\/"},{"@type":"ListItem","position":2,"name":"TASIS Tigers 2 Proudly Represent Switzerland at 2025 VEX Robotics World Championship"}]},{"@type":"WebSite","@id":"https:\/\/edelweiss-panorama.ch\/fr\/#website","url":"https:\/\/edelweiss-panorama.ch\/fr\/","name":"Edelweiss Panorama International","description":"Il vous permet de vivre et de prosp\u00e9rer aux quatre coins du monde.","publisher":{"@id":"https:\/\/edelweiss-panorama.ch\/fr\/#organization"},"potentialAction":[{"@type":"SearchAction","target":{"@type":"EntryPoint","urlTemplate":"https:\/\/edelweiss-panorama.ch\/fr\/?s={search_term_string}"},"query-input":{"@type":"PropertyValueSpecification","valueRequired":true,"valueName":"search_term_string"}}],"inLanguage":"fr-FR"},{"@type":"Organization","@id":"https:\/\/edelweiss-panorama.ch\/fr\/#organization","name":"Edelweiss Panorama International","url":"https:\/\/edelweiss-panorama.ch\/fr\/","logo":{"@type":"ImageObject","inLanguage":"fr-FR","@id":"https:\/\/edelweiss-panorama.ch\/fr\/#\/schema\/logo\/image\/","url":"https:\/\/edelweiss-panorama.ch\/wp-content\/uploads\/2020\/04\/Untitled-design-1-1.png","contentUrl":"https:\/\/edelweiss-panorama.ch\/wp-content\/uploads\/2020\/04\/Untitled-design-1-1.png","width":1080,"height":1080,"caption":"Edelweiss Panorama International"},"image":{"@id":"https:\/\/edelweiss-panorama.ch\/fr\/#\/schema\/logo\/image\/"},"sameAs":["https:\/\/www.facebook.com\/edelweisspanorama","https:\/\/x.com\/EPI_Swiss"]},{"@type":"Person","@id":"https:\/\/edelweiss-panorama.ch\/fr\/#\/schema\/person\/40f339557f1e3168761bba6377cb0829","name":"Fr\u00e9d\u00e9ric Tatu","image":{"@type":"ImageObject","inLanguage":"fr-FR","@id":"https:\/\/secure.gravatar.com\/avatar\/0fe323859f18731575cc1727306a418c1c06adb036da08a42ad58ee43321377e?s=96&d=mm&r=g","url":"https:\/\/secure.gravatar.com\/avatar\/0fe323859f18731575cc1727306a418c1c06adb036da08a42ad58ee43321377e?s=96&d=mm&r=g","contentUrl":"https:\/\/secure.gravatar.com\/avatar\/0fe323859f18731575cc1727306a418c1c06adb036da08a42ad58ee43321377e?s=96&d=mm&r=g","caption":"Frederic Tatu"}}]}},"_links":{"self":[{"href":"https:\/\/edelweiss-panorama.ch\/fr\/wp-json\/wp\/v2\/posts\/47831","targetHints":{"allow":["GET"]}}],"collection":[{"href":"https:\/\/edelweiss-panorama.ch\/fr\/wp-json\/wp\/v2\/posts"}],"about":[{"href":"https:\/\/edelweiss-panorama.ch\/fr\/wp-json\/wp\/v2\/types\/post"}],"author":[{"embeddable":true,"href":"https:\/\/edelweiss-panorama.ch\/fr\/wp-json\/wp\/v2\/users\/10"}],"replies":[{"embeddable":true,"href":"https:\/\/edelweiss-panorama.ch\/fr\/wp-json\/wp\/v2\/comments?post=47831"}],"version-history":[{"count":0,"href":"https:\/\/edelweiss-panorama.ch\/fr\/wp-json\/wp\/v2\/posts\/47831\/revisions"}],"wp:featuredmedia":[{"embeddable":true,"href":"https:\/\/edelweiss-panorama.ch\/fr\/wp-json\/wp\/v2\/media\/47829"}],"wp:attachment":[{"href":"https:\/\/edelweiss-panorama.ch\/fr\/wp-json\/wp\/v2\/media?parent=47831"}],"wp:term":[{"taxonomy":"category","embeddable":true,"href":"https:\/\/edelweiss-panorama.ch\/fr\/wp-json\/wp\/v2\/categories?post=47831"},{"taxonomy":"post_tag","embeddable":true,"href":"https:\/\/edelweiss-panorama.ch\/fr\/wp-json\/wp\/v2\/tags?post=47831"}],"curies":[{"name":"wp","href":"https:\/\/api.w.org\/{rel}","templated":true}]}}