{"id":47845,"date":"2025-06-21T16:35:06","date_gmt":"2025-06-21T14:35:06","guid":{"rendered":"https:\/\/edelweiss-panorama.ch\/class-of-2025-reflects-shares-talents-at-lively-senior-banquet\/"},"modified":"2025-06-21T16:35:06","modified_gmt":"2025-06-21T14:35:06","slug":"la-promotion-2025-reflechit-et-partage-ses-talents-lors-dun-banquet-des-aines-anime","status":"publish","type":"post","link":"https:\/\/edelweiss-panorama.ch\/fr\/class-of-2025-reflects-shares-talents-at-lively-senior-banquet\/","title":{"rendered":"La promotion 2025 r\u00e9fl\u00e9chit et partage ses talents lors d'un banquet des a\u00een\u00e9s anim\u00e9"},"content":{"rendered":"<p>The **Senior Banquet** at [TASIS](https:\/\/edelweiss-panorama.ch\/tasis-the-american-school-in-switzerland\/) is a cherished tradition that marks a significant milestone in the academic journey of its students. This elegant event is designed to celebrate the achievements and hard work of the graduating class, providing a moment of reflection and joy before they embark on their next adventures. The banquet is not just a dinner; it&#8217;s a symbolic gathering that brings together students, faculty, and families to honor the bonds formed and the memories created during their time at the school. The evening is meticulously planned to ensure it reflects the *prestige* and values of the institution, with attention to detail evident in every aspect, from the venue selection to the program lineup.<\/p>\n<p>During the banquet, speeches from faculty members and student representatives highlight the unique experiences and growth that have defined the graduating class&#8217;s journey. These moments of recognition and gratitude underscore the *community* spirit that [TASIS](https:\/\/edelweiss-panorama.ch\/tasis-the-american-school-in-switzerland\/) fosters among its students. The event also serves as a platform for awarding special honors and scholarships, further acknowledging the exceptional talents and contributions of the students. The Senior Banquet, with its blend of formal traditions and personal touches, encapsulates the essence of the school&#8217;s commitment to nurturing well-rounded individuals ready to make their mark on the world.<\/p>\n<p><img decoding=\"async\" src=\"\/wp-content\/uploads\/2025\/06\/Class-of-2025-Reflects-Shares-Talents-at-Lively-Senior-Banquet-2025-06-21T143503.626Z.jpg \" \/><\/p>\n","protected":false},"excerpt":{"rendered":"<p>Le banquet des terminales \u00e0 TASIS est un moment fort de l'ann\u00e9e scolaire. Il c\u00e9l\u00e8bre les r\u00e9alisations de la classe de terminale dans un m\u00e9lange de tradition, de reconnaissance et d'esprit communautaire. Il souligne l'engagement de l'\u00e9cole \u00e0 favoriser un climat de soutien et d'amiti\u00e9 entre les \u00e9l\u00e8ves. <em>prestigieux<\/em> environnement qui pr\u00e9pare les \u00e9tudiants \u00e0 leur r\u00e9ussite future.<\/p>","protected":false},"author":10,"featured_media":47843,"comment_status":"open","ping_status":"open","sticky":false,"template":"","format":"standard","meta":{"footnotes":""},"categories":[13],"tags":[363],"class_list":["post-47845","post","type-post","status-publish","format-standard","has-post-thumbnail","hentry","category-education","tag-tasis-the-american-school-in-switzerland"],"yoast_head":"<!-- This site is optimized with the Yoast SEO plugin v27.5 - https:\/\/yoast.com\/product\/yoast-seo-wordpress\/ -->\n<title>Class of 2025 Reflects, Shares Talents at Lively Senior Banquet - Edelweiss Panorama International<\/title>\n<meta name=\"robots\" content=\"index, follow, max-snippet:-1, max-image-preview:large, max-video-preview:-1\" \/>\n<link rel=\"canonical\" href=\"https:\/\/edelweiss-panorama.ch\/fr\/la-promotion-2025-reflechit-et-partage-ses-talents-lors-dun-banquet-des-aines-anime\/\" \/>\n<meta property=\"og:locale\" content=\"fr_FR\" \/>\n<meta property=\"og:type\" content=\"article\" \/>\n<meta property=\"og:title\" content=\"Class of 2025 Reflects, Shares Talents at Lively Senior Banquet - Edelweiss Panorama International\" \/>\n<meta property=\"og:description\" content=\"The Senior Banquet at TASIS is a highlight of the academic year, celebrating the achievements of the graduating class through a blend of tradition, recognition, and community spirit. It underscores the school&#039;s dedication to fostering a supportive and prestigious environment that prepares students for future success.\" \/>\n<meta property=\"og:url\" content=\"https:\/\/edelweiss-panorama.ch\/fr\/la-promotion-2025-reflechit-et-partage-ses-talents-lors-dun-banquet-des-aines-anime\/\" \/>\n<meta property=\"og:site_name\" content=\"Edelweiss Panorama International\" \/>\n<meta property=\"article:publisher\" content=\"https:\/\/www.facebook.com\/edelweisspanorama\" \/>\n<meta property=\"article:published_time\" content=\"2025-06-21T14:35:06+00:00\" \/>\n<meta name=\"author\" content=\"Frederic Tatu\" \/>\n<meta name=\"twitter:card\" content=\"summary_large_image\" \/>\n<meta name=\"twitter:creator\" content=\"@EPI_Swiss\" \/>\n<meta name=\"twitter:site\" content=\"@EPI_Swiss\" \/>\n<meta name=\"twitter:label1\" content=\"\u00c9crit par\" \/>\n\t<meta name=\"twitter:data1\" content=\"Frederic Tatu\" \/>\n\t<meta name=\"twitter:label2\" content=\"Dur\u00e9e de lecture estim\u00e9e\" \/>\n\t<meta name=\"twitter:data2\" content=\"1 minute\" \/>\n<script type=\"application\/ld+json\" class=\"yoast-schema-graph\">{\"@context\":\"https:\\\/\\\/schema.org\",\"@graph\":[{\"@type\":\"Article\",\"@id\":\"https:\\\/\\\/edelweiss-panorama.ch\\\/class-of-2025-reflects-shares-talents-at-lively-senior-banquet\\\/#article\",\"isPartOf\":{\"@id\":\"https:\\\/\\\/edelweiss-panorama.ch\\\/class-of-2025-reflects-shares-talents-at-lively-senior-banquet\\\/\"},\"author\":{\"name\":\"Frederic Tatu\",\"@id\":\"https:\\\/\\\/edelweiss-panorama.ch\\\/fr\\\/#\\\/schema\\\/person\\\/40f339557f1e3168761bba6377cb0829\"},\"headline\":\"Class of 2025 Reflects, Shares Talents at Lively Senior Banquet\",\"datePublished\":\"2025-06-21T14:35:06+00:00\",\"mainEntityOfPage\":{\"@id\":\"https:\\\/\\\/edelweiss-panorama.ch\\\/class-of-2025-reflects-shares-talents-at-lively-senior-banquet\\\/\"},\"wordCount\":229,\"commentCount\":0,\"publisher\":{\"@id\":\"https:\\\/\\\/edelweiss-panorama.ch\\\/fr\\\/#organization\"},\"image\":{\"@id\":\"https:\\\/\\\/edelweiss-panorama.ch\\\/class-of-2025-reflects-shares-talents-at-lively-senior-banquet\\\/#primaryimage\"},\"thumbnailUrl\":\"https:\\\/\\\/edelweiss-panorama.ch\\\/wp-content\\\/uploads\\\/2025\\\/06\\\/Class-of-2025-Reflects-Shares-Talents-at-Lively-Senior-Banquet-2025-06-21T143443.609Z.jpg\",\"keywords\":[\"TASIS The American School In Switzerland\"],\"articleSection\":[\"Education\"],\"inLanguage\":\"fr-FR\",\"potentialAction\":[{\"@type\":\"CommentAction\",\"name\":\"Comment\",\"target\":[\"https:\\\/\\\/edelweiss-panorama.ch\\\/class-of-2025-reflects-shares-talents-at-lively-senior-banquet\\\/#respond\"]}]},{\"@type\":\"WebPage\",\"@id\":\"https:\\\/\\\/edelweiss-panorama.ch\\\/class-of-2025-reflects-shares-talents-at-lively-senior-banquet\\\/\",\"url\":\"https:\\\/\\\/edelweiss-panorama.ch\\\/class-of-2025-reflects-shares-talents-at-lively-senior-banquet\\\/\",\"name\":\"Class of 2025 Reflects, Shares Talents at Lively Senior Banquet - Edelweiss Panorama International\",\"isPartOf\":{\"@id\":\"https:\\\/\\\/edelweiss-panorama.ch\\\/fr\\\/#website\"},\"primaryImageOfPage\":{\"@id\":\"https:\\\/\\\/edelweiss-panorama.ch\\\/class-of-2025-reflects-shares-talents-at-lively-senior-banquet\\\/#primaryimage\"},\"image\":{\"@id\":\"https:\\\/\\\/edelweiss-panorama.ch\\\/class-of-2025-reflects-shares-talents-at-lively-senior-banquet\\\/#primaryimage\"},\"thumbnailUrl\":\"https:\\\/\\\/edelweiss-panorama.ch\\\/wp-content\\\/uploads\\\/2025\\\/06\\\/Class-of-2025-Reflects-Shares-Talents-at-Lively-Senior-Banquet-2025-06-21T143443.609Z.jpg\",\"datePublished\":\"2025-06-21T14:35:06+00:00\",\"breadcrumb\":{\"@id\":\"https:\\\/\\\/edelweiss-panorama.ch\\\/class-of-2025-reflects-shares-talents-at-lively-senior-banquet\\\/#breadcrumb\"},\"inLanguage\":\"fr-FR\",\"potentialAction\":[{\"@type\":\"ReadAction\",\"target\":[\"https:\\\/\\\/edelweiss-panorama.ch\\\/class-of-2025-reflects-shares-talents-at-lively-senior-banquet\\\/\"]}]},{\"@type\":\"ImageObject\",\"inLanguage\":\"fr-FR\",\"@id\":\"https:\\\/\\\/edelweiss-panorama.ch\\\/class-of-2025-reflects-shares-talents-at-lively-senior-banquet\\\/#primaryimage\",\"url\":\"https:\\\/\\\/edelweiss-panorama.ch\\\/wp-content\\\/uploads\\\/2025\\\/06\\\/Class-of-2025-Reflects-Shares-Talents-at-Lively-Senior-Banquet-2025-06-21T143443.609Z.jpg\",\"contentUrl\":\"https:\\\/\\\/edelweiss-panorama.ch\\\/wp-content\\\/uploads\\\/2025\\\/06\\\/Class-of-2025-Reflects-Shares-Talents-at-Lively-Senior-Banquet-2025-06-21T143443.609Z.jpg\",\"width\":1200,\"height\":800},{\"@type\":\"BreadcrumbList\",\"@id\":\"https:\\\/\\\/edelweiss-panorama.ch\\\/class-of-2025-reflects-shares-talents-at-lively-senior-banquet\\\/#breadcrumb\",\"itemListElement\":[{\"@type\":\"ListItem\",\"position\":1,\"name\":\"Home\",\"item\":\"https:\\\/\\\/edelweiss-panorama.ch\\\/\"},{\"@type\":\"ListItem\",\"position\":2,\"name\":\"Class of 2025 Reflects, Shares Talents at Lively Senior Banquet\"}]},{\"@type\":\"WebSite\",\"@id\":\"https:\\\/\\\/edelweiss-panorama.ch\\\/fr\\\/#website\",\"url\":\"https:\\\/\\\/edelweiss-panorama.ch\\\/fr\\\/\",\"name\":\"Edelweiss Panorama International\",\"description\":\"Allows you to live and thrive every corner of the world.\",\"publisher\":{\"@id\":\"https:\\\/\\\/edelweiss-panorama.ch\\\/fr\\\/#organization\"},\"potentialAction\":[{\"@type\":\"SearchAction\",\"target\":{\"@type\":\"EntryPoint\",\"urlTemplate\":\"https:\\\/\\\/edelweiss-panorama.ch\\\/fr\\\/?s={search_term_string}\"},\"query-input\":{\"@type\":\"PropertyValueSpecification\",\"valueRequired\":true,\"valueName\":\"search_term_string\"}}],\"inLanguage\":\"fr-FR\"},{\"@type\":\"Organization\",\"@id\":\"https:\\\/\\\/edelweiss-panorama.ch\\\/fr\\\/#organization\",\"name\":\"Edelweiss Panorama International\",\"url\":\"https:\\\/\\\/edelweiss-panorama.ch\\\/fr\\\/\",\"logo\":{\"@type\":\"ImageObject\",\"inLanguage\":\"fr-FR\",\"@id\":\"https:\\\/\\\/edelweiss-panorama.ch\\\/fr\\\/#\\\/schema\\\/logo\\\/image\\\/\",\"url\":\"https:\\\/\\\/edelweiss-panorama.ch\\\/wp-content\\\/uploads\\\/2020\\\/04\\\/Untitled-design-1-1.png\",\"contentUrl\":\"https:\\\/\\\/edelweiss-panorama.ch\\\/wp-content\\\/uploads\\\/2020\\\/04\\\/Untitled-design-1-1.png\",\"width\":1080,\"height\":1080,\"caption\":\"Edelweiss Panorama International\"},\"image\":{\"@id\":\"https:\\\/\\\/edelweiss-panorama.ch\\\/fr\\\/#\\\/schema\\\/logo\\\/image\\\/\"},\"sameAs\":[\"https:\\\/\\\/www.facebook.com\\\/edelweisspanorama\",\"https:\\\/\\\/x.com\\\/EPI_Swiss\"]},{\"@type\":\"Person\",\"@id\":\"https:\\\/\\\/edelweiss-panorama.ch\\\/fr\\\/#\\\/schema\\\/person\\\/40f339557f1e3168761bba6377cb0829\",\"name\":\"Frederic Tatu\",\"image\":{\"@type\":\"ImageObject\",\"inLanguage\":\"fr-FR\",\"@id\":\"https:\\\/\\\/secure.gravatar.com\\\/avatar\\\/0fe323859f18731575cc1727306a418c1c06adb036da08a42ad58ee43321377e?s=96&d=mm&r=g\",\"url\":\"https:\\\/\\\/secure.gravatar.com\\\/avatar\\\/0fe323859f18731575cc1727306a418c1c06adb036da08a42ad58ee43321377e?s=96&d=mm&r=g\",\"contentUrl\":\"https:\\\/\\\/secure.gravatar.com\\\/avatar\\\/0fe323859f18731575cc1727306a418c1c06adb036da08a42ad58ee43321377e?s=96&d=mm&r=g\",\"caption\":\"Frederic Tatu\"}}]}<\/script>\n<!-- \/ Yoast SEO plugin. -->","yoast_head_json":{"title":"La promotion 2025 r\u00e9fl\u00e9chit et partage ses talents lors d'un banquet anim\u00e9 - Edelweiss Panorama International","robots":{"index":"index","follow":"follow","max-snippet":"max-snippet:-1","max-image-preview":"max-image-preview:large","max-video-preview":"max-video-preview:-1"},"canonical":"https:\/\/edelweiss-panorama.ch\/fr\/la-promotion-2025-reflechit-et-partage-ses-talents-lors-dun-banquet-des-aines-anime\/","og_locale":"fr_FR","og_type":"article","og_title":"Class of 2025 Reflects, Shares Talents at Lively Senior Banquet - Edelweiss Panorama International","og_description":"The Senior Banquet at TASIS is a highlight of the academic year, celebrating the achievements of the graduating class through a blend of tradition, recognition, and community spirit. It underscores the school's dedication to fostering a supportive and prestigious environment that prepares students for future success.","og_url":"https:\/\/edelweiss-panorama.ch\/fr\/la-promotion-2025-reflechit-et-partage-ses-talents-lors-dun-banquet-des-aines-anime\/","og_site_name":"Edelweiss Panorama International","article_publisher":"https:\/\/www.facebook.com\/edelweisspanorama","article_published_time":"2025-06-21T14:35:06+00:00","author":"Frederic Tatu","twitter_card":"summary_large_image","twitter_creator":"@EPI_Swiss","twitter_site":"@EPI_Swiss","twitter_misc":{"\u00c9crit par":"Frederic Tatu","Dur\u00e9e de lecture estim\u00e9e":"1 minute"},"schema":{"@context":"https:\/\/schema.org","@graph":[{"@type":"Article","@id":"https:\/\/edelweiss-panorama.ch\/class-of-2025-reflects-shares-talents-at-lively-senior-banquet\/#article","isPartOf":{"@id":"https:\/\/edelweiss-panorama.ch\/class-of-2025-reflects-shares-talents-at-lively-senior-banquet\/"},"author":{"name":"Frederic Tatu","@id":"https:\/\/edelweiss-panorama.ch\/fr\/#\/schema\/person\/40f339557f1e3168761bba6377cb0829"},"headline":"Class of 2025 Reflects, Shares Talents at Lively Senior Banquet","datePublished":"2025-06-21T14:35:06+00:00","mainEntityOfPage":{"@id":"https:\/\/edelweiss-panorama.ch\/class-of-2025-reflects-shares-talents-at-lively-senior-banquet\/"},"wordCount":229,"commentCount":0,"publisher":{"@id":"https:\/\/edelweiss-panorama.ch\/fr\/#organization"},"image":{"@id":"https:\/\/edelweiss-panorama.ch\/class-of-2025-reflects-shares-talents-at-lively-senior-banquet\/#primaryimage"},"thumbnailUrl":"https:\/\/edelweiss-panorama.ch\/wp-content\/uploads\/2025\/06\/Class-of-2025-Reflects-Shares-Talents-at-Lively-Senior-Banquet-2025-06-21T143443.609Z.jpg","keywords":["TASIS The American School In Switzerland"],"articleSection":["Education"],"inLanguage":"fr-FR","potentialAction":[{"@type":"CommentAction","name":"Comment","target":["https:\/\/edelweiss-panorama.ch\/class-of-2025-reflects-shares-talents-at-lively-senior-banquet\/#respond"]}]},{"@type":"WebPage","@id":"https:\/\/edelweiss-panorama.ch\/class-of-2025-reflects-shares-talents-at-lively-senior-banquet\/","url":"https:\/\/edelweiss-panorama.ch\/class-of-2025-reflects-shares-talents-at-lively-senior-banquet\/","name":"La promotion 2025 r\u00e9fl\u00e9chit et partage ses talents lors d'un banquet anim\u00e9 - Edelweiss Panorama International","isPartOf":{"@id":"https:\/\/edelweiss-panorama.ch\/fr\/#website"},"primaryImageOfPage":{"@id":"https:\/\/edelweiss-panorama.ch\/class-of-2025-reflects-shares-talents-at-lively-senior-banquet\/#primaryimage"},"image":{"@id":"https:\/\/edelweiss-panorama.ch\/class-of-2025-reflects-shares-talents-at-lively-senior-banquet\/#primaryimage"},"thumbnailUrl":"https:\/\/edelweiss-panorama.ch\/wp-content\/uploads\/2025\/06\/Class-of-2025-Reflects-Shares-Talents-at-Lively-Senior-Banquet-2025-06-21T143443.609Z.jpg","datePublished":"2025-06-21T14:35:06+00:00","breadcrumb":{"@id":"https:\/\/edelweiss-panorama.ch\/class-of-2025-reflects-shares-talents-at-lively-senior-banquet\/#breadcrumb"},"inLanguage":"fr-FR","potentialAction":[{"@type":"ReadAction","target":["https:\/\/edelweiss-panorama.ch\/class-of-2025-reflects-shares-talents-at-lively-senior-banquet\/"]}]},{"@type":"ImageObject","inLanguage":"fr-FR","@id":"https:\/\/edelweiss-panorama.ch\/class-of-2025-reflects-shares-talents-at-lively-senior-banquet\/#primaryimage","url":"https:\/\/edelweiss-panorama.ch\/wp-content\/uploads\/2025\/06\/Class-of-2025-Reflects-Shares-Talents-at-Lively-Senior-Banquet-2025-06-21T143443.609Z.jpg","contentUrl":"https:\/\/edelweiss-panorama.ch\/wp-content\/uploads\/2025\/06\/Class-of-2025-Reflects-Shares-Talents-at-Lively-Senior-Banquet-2025-06-21T143443.609Z.jpg","width":1200,"height":800},{"@type":"BreadcrumbList","@id":"https:\/\/edelweiss-panorama.ch\/class-of-2025-reflects-shares-talents-at-lively-senior-banquet\/#breadcrumb","itemListElement":[{"@type":"ListItem","position":1,"name":"Home","item":"https:\/\/edelweiss-panorama.ch\/"},{"@type":"ListItem","position":2,"name":"Class of 2025 Reflects, Shares Talents at Lively Senior Banquet"}]},{"@type":"WebSite","@id":"https:\/\/edelweiss-panorama.ch\/fr\/#website","url":"https:\/\/edelweiss-panorama.ch\/fr\/","name":"Edelweiss Panorama International","description":"Il vous permet de vivre et de prosp\u00e9rer aux quatre coins du monde.","publisher":{"@id":"https:\/\/edelweiss-panorama.ch\/fr\/#organization"},"potentialAction":[{"@type":"SearchAction","target":{"@type":"EntryPoint","urlTemplate":"https:\/\/edelweiss-panorama.ch\/fr\/?s={search_term_string}"},"query-input":{"@type":"PropertyValueSpecification","valueRequired":true,"valueName":"search_term_string"}}],"inLanguage":"fr-FR"},{"@type":"Organization","@id":"https:\/\/edelweiss-panorama.ch\/fr\/#organization","name":"Edelweiss Panorama International","url":"https:\/\/edelweiss-panorama.ch\/fr\/","logo":{"@type":"ImageObject","inLanguage":"fr-FR","@id":"https:\/\/edelweiss-panorama.ch\/fr\/#\/schema\/logo\/image\/","url":"https:\/\/edelweiss-panorama.ch\/wp-content\/uploads\/2020\/04\/Untitled-design-1-1.png","contentUrl":"https:\/\/edelweiss-panorama.ch\/wp-content\/uploads\/2020\/04\/Untitled-design-1-1.png","width":1080,"height":1080,"caption":"Edelweiss Panorama International"},"image":{"@id":"https:\/\/edelweiss-panorama.ch\/fr\/#\/schema\/logo\/image\/"},"sameAs":["https:\/\/www.facebook.com\/edelweisspanorama","https:\/\/x.com\/EPI_Swiss"]},{"@type":"Person","@id":"https:\/\/edelweiss-panorama.ch\/fr\/#\/schema\/person\/40f339557f1e3168761bba6377cb0829","name":"Fr\u00e9d\u00e9ric Tatu","image":{"@type":"ImageObject","inLanguage":"fr-FR","@id":"https:\/\/secure.gravatar.com\/avatar\/0fe323859f18731575cc1727306a418c1c06adb036da08a42ad58ee43321377e?s=96&d=mm&r=g","url":"https:\/\/secure.gravatar.com\/avatar\/0fe323859f18731575cc1727306a418c1c06adb036da08a42ad58ee43321377e?s=96&d=mm&r=g","contentUrl":"https:\/\/secure.gravatar.com\/avatar\/0fe323859f18731575cc1727306a418c1c06adb036da08a42ad58ee43321377e?s=96&d=mm&r=g","caption":"Frederic Tatu"}}]}},"_links":{"self":[{"href":"https:\/\/edelweiss-panorama.ch\/fr\/wp-json\/wp\/v2\/posts\/47845","targetHints":{"allow":["GET"]}}],"collection":[{"href":"https:\/\/edelweiss-panorama.ch\/fr\/wp-json\/wp\/v2\/posts"}],"about":[{"href":"https:\/\/edelweiss-panorama.ch\/fr\/wp-json\/wp\/v2\/types\/post"}],"author":[{"embeddable":true,"href":"https:\/\/edelweiss-panorama.ch\/fr\/wp-json\/wp\/v2\/users\/10"}],"replies":[{"embeddable":true,"href":"https:\/\/edelweiss-panorama.ch\/fr\/wp-json\/wp\/v2\/comments?post=47845"}],"version-history":[{"count":0,"href":"https:\/\/edelweiss-panorama.ch\/fr\/wp-json\/wp\/v2\/posts\/47845\/revisions"}],"wp:featuredmedia":[{"embeddable":true,"href":"https:\/\/edelweiss-panorama.ch\/fr\/wp-json\/wp\/v2\/media\/47843"}],"wp:attachment":[{"href":"https:\/\/edelweiss-panorama.ch\/fr\/wp-json\/wp\/v2\/media?parent=47845"}],"wp:term":[{"taxonomy":"category","embeddable":true,"href":"https:\/\/edelweiss-panorama.ch\/fr\/wp-json\/wp\/v2\/categories?post=47845"},{"taxonomy":"post_tag","embeddable":true,"href":"https:\/\/edelweiss-panorama.ch\/fr\/wp-json\/wp\/v2\/tags?post=47845"}],"curies":[{"name":"wp","href":"https:\/\/api.w.org\/{rel}","templated":true}]}}