{"id":48063,"date":"2025-07-04T10:38:48","date_gmt":"2025-07-04T08:38:48","guid":{"rendered":"https:\/\/edelweiss-panorama.ch\/tasis-parent-sevim-arslan-and-alumnus-alexander-de-bruin-87-join-board-of-directors\/"},"modified":"2025-07-04T10:38:48","modified_gmt":"2025-07-04T08:38:48","slug":"le-parent-de-tasis-sevim-arslan-et-un-ancien-eleve-alexander-de-bruin-87-rejoignent-le-conseil-dadministration","status":"publish","type":"post","link":"https:\/\/edelweiss-panorama.ch\/fr\/tasis-parent-sevim-arslan-and-alumnus-alexander-de-bruin-87-join-board-of-directors\/","title":{"rendered":"Sevim Arslan, parent de TASIS, et Alexander de Bruin '87, ancien \u00e9l\u00e8ve, rejoignent le conseil d'administration"},"content":{"rendered":"<p>The [TASIS](https:\/\/edelweiss-panorama.ch\/tasis-the-american-school-in-switzerland\/) Board of Directors has welcomed two new members, Sevim Arslan and Alexander de Bruin &#8217;87, as announced by Chairman Lynn Fleming Aeschliman. Both individuals bring a wealth of experience and a deep connection to the school, promising to enrich the Board&#8217;s deliberations with their unique perspectives. Mrs. Aeschliman, daughter of TASIS Founder M. Crist Fleming, highlighted the significance of their appointments, noting their professional accomplishments and personal ties to the institution. Sevim Arslan, with her extensive background in international business and corporate governance, and Alexander de Bruin, an alumnus with a distinguished career in finance, are set to contribute significantly to the school&#8217;s ongoing mission to excel as a premier educational institution.<\/p>\n<p>Sevim Arslan is a seasoned professional with over 25 years in international business, specializing in hospitality, agribusiness, and corporate governance. As the Founder and Managing Director of RASE SA, she has led strategic initiatives focusing on sustainable growth and international market expansion. Her multicultural background and fluency in multiple languages underscore her ability to navigate global business landscapes effectively. *Alexander de Bruin*, on the other hand, brings nearly three decades of experience in investment and portfolio management to the Board. An alumnus of [TASIS](https:\/\/edelweiss-panorama.ch\/tasis-the-american-school-in-switzerland\/), de Bruin&#8217;s career spans several prestigious financial institutions across the globe. His commitment to international education is further evidenced by his role as a parent to two TASIS graduates. Both new members embody the school&#8217;s values of global citizenship and excellence in education.<\/p>\n<p><img decoding=\"async\" src=\"\/wp-content\/uploads\/2025\/07\/TASIS-Parent-Sevim-Arslan-and-Alumnus-Alexander-de-Bruin-87-Join-Board-of-Directors-2025-07-04T083840.657Z.jpg \" \/><img decoding=\"async\" src=\"\/wp-content\/uploads\/2025\/07\/TASIS-Parent-Sevim-Arslan-and-Alumnus-Alexander-de-Bruin-87-Join-Board-of-Directors-2025-07-04T083843.083Z.jpg \" \/><img decoding=\"async\" src=\"\/wp-content\/uploads\/2025\/07\/TASIS-Parent-Sevim-Arslan-and-Alumnus-Alexander-de-Bruin-87-Join-Board-of-Directors-2025-07-04T083845.275Z.jpg \" \/><\/p>\n","protected":false},"excerpt":{"rendered":"<p>La nomination de Sevim Arslan et d'Alexander de Bruin au conseil d'administration de TASIS marque une \u00e9tape importante pour l'\u00e9cole. Leur <strong>diversifi\u00e9<\/strong> Leur exp\u00e9rience professionnelle et leurs liens personnels avec TASIS contribueront sans aucun doute aux efforts du conseil d'administration pour soutenir et faire progresser la mission de l'\u00e9cole. Leur nomination refl\u00e8te l'engagement de TASIS \u00e0 promouvoir la citoyennet\u00e9 mondiale et l'excellence dans l'\u00e9ducation gr\u00e2ce \u00e0 un leadership \u00e0 la fois exp\u00e9riment\u00e9 et profond\u00e9ment investi dans la communaut\u00e9 de l'\u00e9cole.<\/p>","protected":false},"author":10,"featured_media":48055,"comment_status":"open","ping_status":"open","sticky":false,"template":"","format":"standard","meta":{"footnotes":""},"categories":[13],"tags":[363],"class_list":["post-48063","post","type-post","status-publish","format-standard","has-post-thumbnail","hentry","category-education","tag-tasis-the-american-school-in-switzerland"],"yoast_head":"<!-- This site is optimized with the Yoast SEO plugin v27.5 - https:\/\/yoast.com\/product\/yoast-seo-wordpress\/ -->\n<title>TASIS Parent Sevim Arslan and Alumnus Alexander de Bruin &#039;87 Join Board of Directors - Edelweiss Panorama International<\/title>\n<meta name=\"robots\" content=\"index, follow, max-snippet:-1, max-image-preview:large, max-video-preview:-1\" \/>\n<link rel=\"canonical\" href=\"https:\/\/edelweiss-panorama.ch\/fr\/le-parent-de-tasis-sevim-arslan-et-un-ancien-eleve-alexander-de-bruin-87-rejoignent-le-conseil-dadministration\/\" \/>\n<meta property=\"og:locale\" content=\"fr_FR\" \/>\n<meta property=\"og:type\" content=\"article\" \/>\n<meta property=\"og:title\" content=\"TASIS Parent Sevim Arslan and Alumnus Alexander de Bruin &#039;87 Join Board of Directors - Edelweiss Panorama International\" \/>\n<meta property=\"og:description\" content=\"The appointment of Sevim Arslan and Alexander de Bruin to the TASIS Board of Directors marks a significant step forward for the school. Their diverse professional backgrounds and personal connections to TASIS will undoubtedly contribute to the Board&#039;s efforts to uphold and advance the school&#039;s mission. Their inclusion reflects TASIS&#039;s commitment to fostering global citizenship and excellence in education through leadership that is both experienced and deeply invested in the school&#039;s community.\" \/>\n<meta property=\"og:url\" content=\"https:\/\/edelweiss-panorama.ch\/fr\/le-parent-de-tasis-sevim-arslan-et-un-ancien-eleve-alexander-de-bruin-87-rejoignent-le-conseil-dadministration\/\" \/>\n<meta property=\"og:site_name\" content=\"Edelweiss Panorama International\" \/>\n<meta property=\"article:publisher\" content=\"https:\/\/www.facebook.com\/edelweisspanorama\" \/>\n<meta property=\"article:published_time\" content=\"2025-07-04T08:38:48+00:00\" \/>\n<meta name=\"author\" content=\"Frederic Tatu\" \/>\n<meta name=\"twitter:card\" content=\"summary_large_image\" \/>\n<meta name=\"twitter:creator\" content=\"@EPI_Swiss\" \/>\n<meta name=\"twitter:site\" content=\"@EPI_Swiss\" \/>\n<meta name=\"twitter:label1\" content=\"\u00c9crit par\" \/>\n\t<meta name=\"twitter:data1\" content=\"Frederic Tatu\" \/>\n\t<meta name=\"twitter:label2\" content=\"Dur\u00e9e de lecture estim\u00e9e\" \/>\n\t<meta name=\"twitter:data2\" content=\"1 minute\" \/>\n<script type=\"application\/ld+json\" class=\"yoast-schema-graph\">{\"@context\":\"https:\\\/\\\/schema.org\",\"@graph\":[{\"@type\":\"Article\",\"@id\":\"https:\\\/\\\/edelweiss-panorama.ch\\\/tasis-parent-sevim-arslan-and-alumnus-alexander-de-bruin-87-join-board-of-directors\\\/#article\",\"isPartOf\":{\"@id\":\"https:\\\/\\\/edelweiss-panorama.ch\\\/tasis-parent-sevim-arslan-and-alumnus-alexander-de-bruin-87-join-board-of-directors\\\/\"},\"author\":{\"name\":\"Frederic Tatu\",\"@id\":\"https:\\\/\\\/edelweiss-panorama.ch\\\/fr\\\/#\\\/schema\\\/person\\\/40f339557f1e3168761bba6377cb0829\"},\"headline\":\"TASIS Parent Sevim Arslan and Alumnus Alexander de Bruin &#8217;87 Join Board of Directors\",\"datePublished\":\"2025-07-04T08:38:48+00:00\",\"mainEntityOfPage\":{\"@id\":\"https:\\\/\\\/edelweiss-panorama.ch\\\/tasis-parent-sevim-arslan-and-alumnus-alexander-de-bruin-87-join-board-of-directors\\\/\"},\"wordCount\":264,\"commentCount\":0,\"publisher\":{\"@id\":\"https:\\\/\\\/edelweiss-panorama.ch\\\/fr\\\/#organization\"},\"image\":{\"@id\":\"https:\\\/\\\/edelweiss-panorama.ch\\\/tasis-parent-sevim-arslan-and-alumnus-alexander-de-bruin-87-join-board-of-directors\\\/#primaryimage\"},\"thumbnailUrl\":\"https:\\\/\\\/edelweiss-panorama.ch\\\/wp-content\\\/uploads\\\/2025\\\/07\\\/TASIS-Parent-Sevim-Arslan-and-Alumnus-Alexander-de-Bruin-87-Join-Board-of-Directors-2025-07-04T083808.488Z.jpg\",\"keywords\":[\"TASIS The American School In Switzerland\"],\"articleSection\":[\"Education\"],\"inLanguage\":\"fr-FR\",\"potentialAction\":[{\"@type\":\"CommentAction\",\"name\":\"Comment\",\"target\":[\"https:\\\/\\\/edelweiss-panorama.ch\\\/tasis-parent-sevim-arslan-and-alumnus-alexander-de-bruin-87-join-board-of-directors\\\/#respond\"]}]},{\"@type\":\"WebPage\",\"@id\":\"https:\\\/\\\/edelweiss-panorama.ch\\\/tasis-parent-sevim-arslan-and-alumnus-alexander-de-bruin-87-join-board-of-directors\\\/\",\"url\":\"https:\\\/\\\/edelweiss-panorama.ch\\\/tasis-parent-sevim-arslan-and-alumnus-alexander-de-bruin-87-join-board-of-directors\\\/\",\"name\":\"TASIS Parent Sevim Arslan and Alumnus Alexander de Bruin '87 Join Board of Directors - Edelweiss Panorama International\",\"isPartOf\":{\"@id\":\"https:\\\/\\\/edelweiss-panorama.ch\\\/fr\\\/#website\"},\"primaryImageOfPage\":{\"@id\":\"https:\\\/\\\/edelweiss-panorama.ch\\\/tasis-parent-sevim-arslan-and-alumnus-alexander-de-bruin-87-join-board-of-directors\\\/#primaryimage\"},\"image\":{\"@id\":\"https:\\\/\\\/edelweiss-panorama.ch\\\/tasis-parent-sevim-arslan-and-alumnus-alexander-de-bruin-87-join-board-of-directors\\\/#primaryimage\"},\"thumbnailUrl\":\"https:\\\/\\\/edelweiss-panorama.ch\\\/wp-content\\\/uploads\\\/2025\\\/07\\\/TASIS-Parent-Sevim-Arslan-and-Alumnus-Alexander-de-Bruin-87-Join-Board-of-Directors-2025-07-04T083808.488Z.jpg\",\"datePublished\":\"2025-07-04T08:38:48+00:00\",\"breadcrumb\":{\"@id\":\"https:\\\/\\\/edelweiss-panorama.ch\\\/tasis-parent-sevim-arslan-and-alumnus-alexander-de-bruin-87-join-board-of-directors\\\/#breadcrumb\"},\"inLanguage\":\"fr-FR\",\"potentialAction\":[{\"@type\":\"ReadAction\",\"target\":[\"https:\\\/\\\/edelweiss-panorama.ch\\\/tasis-parent-sevim-arslan-and-alumnus-alexander-de-bruin-87-join-board-of-directors\\\/\"]}]},{\"@type\":\"ImageObject\",\"inLanguage\":\"fr-FR\",\"@id\":\"https:\\\/\\\/edelweiss-panorama.ch\\\/tasis-parent-sevim-arslan-and-alumnus-alexander-de-bruin-87-join-board-of-directors\\\/#primaryimage\",\"url\":\"https:\\\/\\\/edelweiss-panorama.ch\\\/wp-content\\\/uploads\\\/2025\\\/07\\\/TASIS-Parent-Sevim-Arslan-and-Alumnus-Alexander-de-Bruin-87-Join-Board-of-Directors-2025-07-04T083808.488Z.jpg\",\"contentUrl\":\"https:\\\/\\\/edelweiss-panorama.ch\\\/wp-content\\\/uploads\\\/2025\\\/07\\\/TASIS-Parent-Sevim-Arslan-and-Alumnus-Alexander-de-Bruin-87-Join-Board-of-Directors-2025-07-04T083808.488Z.jpg\",\"width\":1200,\"height\":800},{\"@type\":\"BreadcrumbList\",\"@id\":\"https:\\\/\\\/edelweiss-panorama.ch\\\/tasis-parent-sevim-arslan-and-alumnus-alexander-de-bruin-87-join-board-of-directors\\\/#breadcrumb\",\"itemListElement\":[{\"@type\":\"ListItem\",\"position\":1,\"name\":\"Home\",\"item\":\"https:\\\/\\\/edelweiss-panorama.ch\\\/\"},{\"@type\":\"ListItem\",\"position\":2,\"name\":\"TASIS Parent Sevim Arslan and Alumnus Alexander de Bruin &#8217;87 Join Board of Directors\"}]},{\"@type\":\"WebSite\",\"@id\":\"https:\\\/\\\/edelweiss-panorama.ch\\\/fr\\\/#website\",\"url\":\"https:\\\/\\\/edelweiss-panorama.ch\\\/fr\\\/\",\"name\":\"Edelweiss Panorama International\",\"description\":\"Allows you to live and thrive every corner of the world.\",\"publisher\":{\"@id\":\"https:\\\/\\\/edelweiss-panorama.ch\\\/fr\\\/#organization\"},\"potentialAction\":[{\"@type\":\"SearchAction\",\"target\":{\"@type\":\"EntryPoint\",\"urlTemplate\":\"https:\\\/\\\/edelweiss-panorama.ch\\\/fr\\\/?s={search_term_string}\"},\"query-input\":{\"@type\":\"PropertyValueSpecification\",\"valueRequired\":true,\"valueName\":\"search_term_string\"}}],\"inLanguage\":\"fr-FR\"},{\"@type\":\"Organization\",\"@id\":\"https:\\\/\\\/edelweiss-panorama.ch\\\/fr\\\/#organization\",\"name\":\"Edelweiss Panorama International\",\"url\":\"https:\\\/\\\/edelweiss-panorama.ch\\\/fr\\\/\",\"logo\":{\"@type\":\"ImageObject\",\"inLanguage\":\"fr-FR\",\"@id\":\"https:\\\/\\\/edelweiss-panorama.ch\\\/fr\\\/#\\\/schema\\\/logo\\\/image\\\/\",\"url\":\"https:\\\/\\\/edelweiss-panorama.ch\\\/wp-content\\\/uploads\\\/2020\\\/04\\\/Untitled-design-1-1.png\",\"contentUrl\":\"https:\\\/\\\/edelweiss-panorama.ch\\\/wp-content\\\/uploads\\\/2020\\\/04\\\/Untitled-design-1-1.png\",\"width\":1080,\"height\":1080,\"caption\":\"Edelweiss Panorama International\"},\"image\":{\"@id\":\"https:\\\/\\\/edelweiss-panorama.ch\\\/fr\\\/#\\\/schema\\\/logo\\\/image\\\/\"},\"sameAs\":[\"https:\\\/\\\/www.facebook.com\\\/edelweisspanorama\",\"https:\\\/\\\/x.com\\\/EPI_Swiss\"]},{\"@type\":\"Person\",\"@id\":\"https:\\\/\\\/edelweiss-panorama.ch\\\/fr\\\/#\\\/schema\\\/person\\\/40f339557f1e3168761bba6377cb0829\",\"name\":\"Frederic Tatu\",\"image\":{\"@type\":\"ImageObject\",\"inLanguage\":\"fr-FR\",\"@id\":\"https:\\\/\\\/secure.gravatar.com\\\/avatar\\\/0fe323859f18731575cc1727306a418c1c06adb036da08a42ad58ee43321377e?s=96&d=mm&r=g\",\"url\":\"https:\\\/\\\/secure.gravatar.com\\\/avatar\\\/0fe323859f18731575cc1727306a418c1c06adb036da08a42ad58ee43321377e?s=96&d=mm&r=g\",\"contentUrl\":\"https:\\\/\\\/secure.gravatar.com\\\/avatar\\\/0fe323859f18731575cc1727306a418c1c06adb036da08a42ad58ee43321377e?s=96&d=mm&r=g\",\"caption\":\"Frederic Tatu\"}}]}<\/script>\n<!-- \/ Yoast SEO plugin. -->","yoast_head_json":{"title":"Sevim Arslan, parent de TASIS, et Alexander de Bruin '87, ancien \u00e9l\u00e8ve, rejoignent le conseil d'administration - Edelweiss Panorama International","robots":{"index":"index","follow":"follow","max-snippet":"max-snippet:-1","max-image-preview":"max-image-preview:large","max-video-preview":"max-video-preview:-1"},"canonical":"https:\/\/edelweiss-panorama.ch\/fr\/le-parent-de-tasis-sevim-arslan-et-un-ancien-eleve-alexander-de-bruin-87-rejoignent-le-conseil-dadministration\/","og_locale":"fr_FR","og_type":"article","og_title":"TASIS Parent Sevim Arslan and Alumnus Alexander de Bruin '87 Join Board of Directors - Edelweiss Panorama International","og_description":"The appointment of Sevim Arslan and Alexander de Bruin to the TASIS Board of Directors marks a significant step forward for the school. Their diverse professional backgrounds and personal connections to TASIS will undoubtedly contribute to the Board's efforts to uphold and advance the school's mission. Their inclusion reflects TASIS's commitment to fostering global citizenship and excellence in education through leadership that is both experienced and deeply invested in the school's community.","og_url":"https:\/\/edelweiss-panorama.ch\/fr\/le-parent-de-tasis-sevim-arslan-et-un-ancien-eleve-alexander-de-bruin-87-rejoignent-le-conseil-dadministration\/","og_site_name":"Edelweiss Panorama International","article_publisher":"https:\/\/www.facebook.com\/edelweisspanorama","article_published_time":"2025-07-04T08:38:48+00:00","author":"Frederic Tatu","twitter_card":"summary_large_image","twitter_creator":"@EPI_Swiss","twitter_site":"@EPI_Swiss","twitter_misc":{"\u00c9crit par":"Frederic Tatu","Dur\u00e9e de lecture estim\u00e9e":"1 minute"},"schema":{"@context":"https:\/\/schema.org","@graph":[{"@type":"Article","@id":"https:\/\/edelweiss-panorama.ch\/tasis-parent-sevim-arslan-and-alumnus-alexander-de-bruin-87-join-board-of-directors\/#article","isPartOf":{"@id":"https:\/\/edelweiss-panorama.ch\/tasis-parent-sevim-arslan-and-alumnus-alexander-de-bruin-87-join-board-of-directors\/"},"author":{"name":"Frederic Tatu","@id":"https:\/\/edelweiss-panorama.ch\/fr\/#\/schema\/person\/40f339557f1e3168761bba6377cb0829"},"headline":"TASIS Parent Sevim Arslan and Alumnus Alexander de Bruin &#8217;87 Join Board of Directors","datePublished":"2025-07-04T08:38:48+00:00","mainEntityOfPage":{"@id":"https:\/\/edelweiss-panorama.ch\/tasis-parent-sevim-arslan-and-alumnus-alexander-de-bruin-87-join-board-of-directors\/"},"wordCount":264,"commentCount":0,"publisher":{"@id":"https:\/\/edelweiss-panorama.ch\/fr\/#organization"},"image":{"@id":"https:\/\/edelweiss-panorama.ch\/tasis-parent-sevim-arslan-and-alumnus-alexander-de-bruin-87-join-board-of-directors\/#primaryimage"},"thumbnailUrl":"https:\/\/edelweiss-panorama.ch\/wp-content\/uploads\/2025\/07\/TASIS-Parent-Sevim-Arslan-and-Alumnus-Alexander-de-Bruin-87-Join-Board-of-Directors-2025-07-04T083808.488Z.jpg","keywords":["TASIS The American School In Switzerland"],"articleSection":["Education"],"inLanguage":"fr-FR","potentialAction":[{"@type":"CommentAction","name":"Comment","target":["https:\/\/edelweiss-panorama.ch\/tasis-parent-sevim-arslan-and-alumnus-alexander-de-bruin-87-join-board-of-directors\/#respond"]}]},{"@type":"WebPage","@id":"https:\/\/edelweiss-panorama.ch\/tasis-parent-sevim-arslan-and-alumnus-alexander-de-bruin-87-join-board-of-directors\/","url":"https:\/\/edelweiss-panorama.ch\/tasis-parent-sevim-arslan-and-alumnus-alexander-de-bruin-87-join-board-of-directors\/","name":"Sevim Arslan, parent de TASIS, et Alexander de Bruin '87, ancien \u00e9l\u00e8ve, rejoignent le conseil d'administration - Edelweiss Panorama International","isPartOf":{"@id":"https:\/\/edelweiss-panorama.ch\/fr\/#website"},"primaryImageOfPage":{"@id":"https:\/\/edelweiss-panorama.ch\/tasis-parent-sevim-arslan-and-alumnus-alexander-de-bruin-87-join-board-of-directors\/#primaryimage"},"image":{"@id":"https:\/\/edelweiss-panorama.ch\/tasis-parent-sevim-arslan-and-alumnus-alexander-de-bruin-87-join-board-of-directors\/#primaryimage"},"thumbnailUrl":"https:\/\/edelweiss-panorama.ch\/wp-content\/uploads\/2025\/07\/TASIS-Parent-Sevim-Arslan-and-Alumnus-Alexander-de-Bruin-87-Join-Board-of-Directors-2025-07-04T083808.488Z.jpg","datePublished":"2025-07-04T08:38:48+00:00","breadcrumb":{"@id":"https:\/\/edelweiss-panorama.ch\/tasis-parent-sevim-arslan-and-alumnus-alexander-de-bruin-87-join-board-of-directors\/#breadcrumb"},"inLanguage":"fr-FR","potentialAction":[{"@type":"ReadAction","target":["https:\/\/edelweiss-panorama.ch\/tasis-parent-sevim-arslan-and-alumnus-alexander-de-bruin-87-join-board-of-directors\/"]}]},{"@type":"ImageObject","inLanguage":"fr-FR","@id":"https:\/\/edelweiss-panorama.ch\/tasis-parent-sevim-arslan-and-alumnus-alexander-de-bruin-87-join-board-of-directors\/#primaryimage","url":"https:\/\/edelweiss-panorama.ch\/wp-content\/uploads\/2025\/07\/TASIS-Parent-Sevim-Arslan-and-Alumnus-Alexander-de-Bruin-87-Join-Board-of-Directors-2025-07-04T083808.488Z.jpg","contentUrl":"https:\/\/edelweiss-panorama.ch\/wp-content\/uploads\/2025\/07\/TASIS-Parent-Sevim-Arslan-and-Alumnus-Alexander-de-Bruin-87-Join-Board-of-Directors-2025-07-04T083808.488Z.jpg","width":1200,"height":800},{"@type":"BreadcrumbList","@id":"https:\/\/edelweiss-panorama.ch\/tasis-parent-sevim-arslan-and-alumnus-alexander-de-bruin-87-join-board-of-directors\/#breadcrumb","itemListElement":[{"@type":"ListItem","position":1,"name":"Home","item":"https:\/\/edelweiss-panorama.ch\/"},{"@type":"ListItem","position":2,"name":"TASIS Parent Sevim Arslan and Alumnus Alexander de Bruin &#8217;87 Join Board of Directors"}]},{"@type":"WebSite","@id":"https:\/\/edelweiss-panorama.ch\/fr\/#website","url":"https:\/\/edelweiss-panorama.ch\/fr\/","name":"Edelweiss Panorama International","description":"Il vous permet de vivre et de prosp\u00e9rer aux quatre coins du monde.","publisher":{"@id":"https:\/\/edelweiss-panorama.ch\/fr\/#organization"},"potentialAction":[{"@type":"SearchAction","target":{"@type":"EntryPoint","urlTemplate":"https:\/\/edelweiss-panorama.ch\/fr\/?s={search_term_string}"},"query-input":{"@type":"PropertyValueSpecification","valueRequired":true,"valueName":"search_term_string"}}],"inLanguage":"fr-FR"},{"@type":"Organization","@id":"https:\/\/edelweiss-panorama.ch\/fr\/#organization","name":"Edelweiss Panorama International","url":"https:\/\/edelweiss-panorama.ch\/fr\/","logo":{"@type":"ImageObject","inLanguage":"fr-FR","@id":"https:\/\/edelweiss-panorama.ch\/fr\/#\/schema\/logo\/image\/","url":"https:\/\/edelweiss-panorama.ch\/wp-content\/uploads\/2020\/04\/Untitled-design-1-1.png","contentUrl":"https:\/\/edelweiss-panorama.ch\/wp-content\/uploads\/2020\/04\/Untitled-design-1-1.png","width":1080,"height":1080,"caption":"Edelweiss Panorama International"},"image":{"@id":"https:\/\/edelweiss-panorama.ch\/fr\/#\/schema\/logo\/image\/"},"sameAs":["https:\/\/www.facebook.com\/edelweisspanorama","https:\/\/x.com\/EPI_Swiss"]},{"@type":"Person","@id":"https:\/\/edelweiss-panorama.ch\/fr\/#\/schema\/person\/40f339557f1e3168761bba6377cb0829","name":"Fr\u00e9d\u00e9ric Tatu","image":{"@type":"ImageObject","inLanguage":"fr-FR","@id":"https:\/\/secure.gravatar.com\/avatar\/0fe323859f18731575cc1727306a418c1c06adb036da08a42ad58ee43321377e?s=96&d=mm&r=g","url":"https:\/\/secure.gravatar.com\/avatar\/0fe323859f18731575cc1727306a418c1c06adb036da08a42ad58ee43321377e?s=96&d=mm&r=g","contentUrl":"https:\/\/secure.gravatar.com\/avatar\/0fe323859f18731575cc1727306a418c1c06adb036da08a42ad58ee43321377e?s=96&d=mm&r=g","caption":"Frederic Tatu"}}]}},"_links":{"self":[{"href":"https:\/\/edelweiss-panorama.ch\/fr\/wp-json\/wp\/v2\/posts\/48063","targetHints":{"allow":["GET"]}}],"collection":[{"href":"https:\/\/edelweiss-panorama.ch\/fr\/wp-json\/wp\/v2\/posts"}],"about":[{"href":"https:\/\/edelweiss-panorama.ch\/fr\/wp-json\/wp\/v2\/types\/post"}],"author":[{"embeddable":true,"href":"https:\/\/edelweiss-panorama.ch\/fr\/wp-json\/wp\/v2\/users\/10"}],"replies":[{"embeddable":true,"href":"https:\/\/edelweiss-panorama.ch\/fr\/wp-json\/wp\/v2\/comments?post=48063"}],"version-history":[{"count":0,"href":"https:\/\/edelweiss-panorama.ch\/fr\/wp-json\/wp\/v2\/posts\/48063\/revisions"}],"wp:featuredmedia":[{"embeddable":true,"href":"https:\/\/edelweiss-panorama.ch\/fr\/wp-json\/wp\/v2\/media\/48055"}],"wp:attachment":[{"href":"https:\/\/edelweiss-panorama.ch\/fr\/wp-json\/wp\/v2\/media?parent=48063"}],"wp:term":[{"taxonomy":"category","embeddable":true,"href":"https:\/\/edelweiss-panorama.ch\/fr\/wp-json\/wp\/v2\/categories?post=48063"},{"taxonomy":"post_tag","embeddable":true,"href":"https:\/\/edelweiss-panorama.ch\/fr\/wp-json\/wp\/v2\/tags?post=48063"}],"curies":[{"name":"wp","href":"https:\/\/api.w.org\/{rel}","templated":true}]}}