{"id":48071,"date":"2025-07-04T10:39:14","date_gmt":"2025-07-04T08:39:14","guid":{"rendered":"https:\/\/edelweiss-panorama.ch\/a-spirit-of-giving-survals-charitable-year-in-action\/"},"modified":"2025-07-04T10:39:14","modified_gmt":"2025-07-04T08:39:14","slug":"lesprit-de-generosite-survit-a-lannee-daction-caritative","status":"publish","type":"post","link":"https:\/\/edelweiss-panorama.ch\/fr\/a-spirit-of-giving-survals-charitable-year-in-action\/","title":{"rendered":"Un esprit de g\u00e9n\u00e9rosit\u00e9 : L'ann\u00e9e caritative de Surval en action"},"content":{"rendered":"<p>At [Surval](https:\/\/edelweiss-panorama.ch\/surval-montreux\/), service transcends being merely a value; it embodies a way of life. The Charity Committee stands as a cornerstone of the school&#8217;s ethos, empowering students to lead with compassion and enact meaningful change. This year, Maiia, a Grade 10 student from Russia and the recipient of the Service Ambassador Award, spearheaded the committee with remarkable dedication. Alongside Sofia from the Swiss Gap program in Mexico, Maiia orchestrated two standout events: the Cherry Blossom Gala Dinner and the Swimathon for L\u00e9man Hope. These initiatives not only showcased the students&#8217; leadership but also their unwavering commitment to service. The events underscored the **unity** and *purpose* that define the Surval community, leaving a lasting impact on both the participants and the beneficiaries.<\/p>\n<p>Maiia and Sofia&#8217;s reflections on their year of service highlight the profound experiences and lessons learned. From supporting children battling cancer with Zoe for Life to bringing joy to the elderly at Le Byron, the Charity Committee&#8217;s efforts spanned a wide range of causes. The partnership with L\u00e9man Hope, in particular, resonated deeply, as students rallied to support children with cancer through fundraising and awareness campaigns. The Cherry Blossom Gala Dinner and the Swimathon were not just events but manifestations of the students&#8217; collective spirit and determination to make a difference. Maiia&#8217;s message at the Graduation and Prize Giving Ceremony encapsulated the essence of their journey\u2014a testament to the power of compassion, action, and unity. Sofia&#8217;s recount of the Swimathon, where she drew inspiration from the children&#8217;s resilience, further emphasized the transformative power of service.<\/p>\n<p><img decoding=\"async\" src=\"\/wp-content\/uploads\/2025\/07\/A-Spirit-of-Giving-Survals-Charitable-Year-in-Action-2025-07-04T083901.184Z.jpg \" \/><img decoding=\"async\" src=\"\/wp-content\/uploads\/2025\/07\/A-Spirit-of-Giving-Survals-Charitable-Year-in-Action-2025-07-04T083903.883Z.jpg \" \/><img decoding=\"async\" src=\"\/wp-content\/uploads\/2025\/07\/A-Spirit-of-Giving-Survals-Charitable-Year-in-Action-2025-07-04T083909.245Z.jpg \" \/><img decoding=\"async\" src=\"\/wp-content\/uploads\/2025\/07\/A-Spirit-of-Giving-Survals-Charitable-Year-in-Action-2025-07-04T083911.657Z.jpg \" \/><\/p>\n","protected":false},"excerpt":{"rendered":"<p>L'article souligne les initiatives exceptionnelles de leadership et de service \u00e0 Surval, men\u00e9es par les \u00e9l\u00e8ves Maiia et Sofia. Gr\u00e2ce \u00e0 des \u00e9v\u00e9nements tels que le d\u00eener de gala Cherry Blossom et le Swimathon pour L\u00e9man Hope, le comit\u00e9 de bienfaisance a d\u00e9montr\u00e9 l'engagement de l'\u00e9cole \u00e0 faire la diff\u00e9rence. Les r\u00e9flexions des \u00e9l\u00e8ves r\u00e9v\u00e8lent l'impact profond de leur service, soulignant les th\u00e8mes suivants <strong>l'unit\u00e9<\/strong>, <em>objectif<\/em>et la compassion. Ces efforts ont non seulement b\u00e9n\u00e9fici\u00e9 \u00e0 la communaut\u00e9 au sens large, mais ont \u00e9galement enrichi la vie des \u00e9tudiants, incarnant ainsi le v\u00e9ritable esprit de Surval.<\/p>","protected":false},"author":10,"featured_media":48066,"comment_status":"open","ping_status":"open","sticky":false,"template":"","format":"standard","meta":{"footnotes":""},"categories":[13],"tags":[362],"class_list":["post-48071","post","type-post","status-publish","format-standard","has-post-thumbnail","hentry","category-education","tag-surval-montreux"],"yoast_head":"<!-- This site is optimized with the Yoast SEO plugin v27.5 - https:\/\/yoast.com\/product\/yoast-seo-wordpress\/ -->\n<title>A Spirit of Giving: Surval\u2019s Charitable Year in Action - Edelweiss Panorama International<\/title>\n<meta name=\"robots\" content=\"index, follow, max-snippet:-1, max-image-preview:large, max-video-preview:-1\" \/>\n<link rel=\"canonical\" href=\"https:\/\/edelweiss-panorama.ch\/fr\/lesprit-de-generosite-survit-a-lannee-daction-caritative\/\" \/>\n<meta property=\"og:locale\" content=\"fr_FR\" \/>\n<meta property=\"og:type\" content=\"article\" \/>\n<meta property=\"og:title\" content=\"A Spirit of Giving: Surval\u2019s Charitable Year in Action - Edelweiss Panorama International\" \/>\n<meta property=\"og:description\" content=\"The article highlights the exceptional leadership and service initiatives at Surval, led by students Maiia and Sofia. Through events like the Cherry Blossom Gala Dinner and the Swimathon for L\u00e9man Hope, the Charity Committee demonstrated the school&#039;s commitment to making a difference. The students&#039; reflections reveal the profound impact of their service, underscoring themes of unity, purpose, and compassion. These efforts not only benefited the wider community but also enriched the students&#039; own lives, embodying the true spirit of Surval.\" \/>\n<meta property=\"og:url\" content=\"https:\/\/edelweiss-panorama.ch\/fr\/lesprit-de-generosite-survit-a-lannee-daction-caritative\/\" \/>\n<meta property=\"og:site_name\" content=\"Edelweiss Panorama International\" \/>\n<meta property=\"article:publisher\" content=\"https:\/\/www.facebook.com\/edelweisspanorama\" \/>\n<meta property=\"article:published_time\" content=\"2025-07-04T08:39:14+00:00\" \/>\n<meta name=\"author\" content=\"Frederic Tatu\" \/>\n<meta name=\"twitter:card\" content=\"summary_large_image\" \/>\n<meta name=\"twitter:creator\" content=\"@EPI_Swiss\" \/>\n<meta name=\"twitter:site\" content=\"@EPI_Swiss\" \/>\n<meta name=\"twitter:label1\" content=\"\u00c9crit par\" \/>\n\t<meta name=\"twitter:data1\" content=\"Frederic Tatu\" \/>\n\t<meta name=\"twitter:label2\" content=\"Dur\u00e9e de lecture estim\u00e9e\" \/>\n\t<meta name=\"twitter:data2\" content=\"1 minute\" \/>\n<script type=\"application\/ld+json\" class=\"yoast-schema-graph\">{\"@context\":\"https:\\\/\\\/schema.org\",\"@graph\":[{\"@type\":\"Article\",\"@id\":\"https:\\\/\\\/edelweiss-panorama.ch\\\/a-spirit-of-giving-survals-charitable-year-in-action\\\/#article\",\"isPartOf\":{\"@id\":\"https:\\\/\\\/edelweiss-panorama.ch\\\/a-spirit-of-giving-survals-charitable-year-in-action\\\/\"},\"author\":{\"name\":\"Frederic Tatu\",\"@id\":\"https:\\\/\\\/edelweiss-panorama.ch\\\/fr\\\/#\\\/schema\\\/person\\\/40f339557f1e3168761bba6377cb0829\"},\"headline\":\"A Spirit of Giving: Surval\u2019s Charitable Year in Action\",\"datePublished\":\"2025-07-04T08:39:14+00:00\",\"mainEntityOfPage\":{\"@id\":\"https:\\\/\\\/edelweiss-panorama.ch\\\/a-spirit-of-giving-survals-charitable-year-in-action\\\/\"},\"wordCount\":278,\"commentCount\":0,\"publisher\":{\"@id\":\"https:\\\/\\\/edelweiss-panorama.ch\\\/fr\\\/#organization\"},\"image\":{\"@id\":\"https:\\\/\\\/edelweiss-panorama.ch\\\/a-spirit-of-giving-survals-charitable-year-in-action\\\/#primaryimage\"},\"thumbnailUrl\":\"https:\\\/\\\/edelweiss-panorama.ch\\\/wp-content\\\/uploads\\\/2025\\\/07\\\/A-Spirit-of-Giving-Survals-Charitable-Year-in-Action-2025-07-04T083859.198Z.jpg\",\"keywords\":[\"Surval Montreux\"],\"articleSection\":[\"Education\"],\"inLanguage\":\"fr-FR\",\"potentialAction\":[{\"@type\":\"CommentAction\",\"name\":\"Comment\",\"target\":[\"https:\\\/\\\/edelweiss-panorama.ch\\\/a-spirit-of-giving-survals-charitable-year-in-action\\\/#respond\"]}]},{\"@type\":\"WebPage\",\"@id\":\"https:\\\/\\\/edelweiss-panorama.ch\\\/a-spirit-of-giving-survals-charitable-year-in-action\\\/\",\"url\":\"https:\\\/\\\/edelweiss-panorama.ch\\\/a-spirit-of-giving-survals-charitable-year-in-action\\\/\",\"name\":\"A Spirit of Giving: Surval\u2019s Charitable Year in Action - Edelweiss Panorama International\",\"isPartOf\":{\"@id\":\"https:\\\/\\\/edelweiss-panorama.ch\\\/fr\\\/#website\"},\"primaryImageOfPage\":{\"@id\":\"https:\\\/\\\/edelweiss-panorama.ch\\\/a-spirit-of-giving-survals-charitable-year-in-action\\\/#primaryimage\"},\"image\":{\"@id\":\"https:\\\/\\\/edelweiss-panorama.ch\\\/a-spirit-of-giving-survals-charitable-year-in-action\\\/#primaryimage\"},\"thumbnailUrl\":\"https:\\\/\\\/edelweiss-panorama.ch\\\/wp-content\\\/uploads\\\/2025\\\/07\\\/A-Spirit-of-Giving-Survals-Charitable-Year-in-Action-2025-07-04T083859.198Z.jpg\",\"datePublished\":\"2025-07-04T08:39:14+00:00\",\"breadcrumb\":{\"@id\":\"https:\\\/\\\/edelweiss-panorama.ch\\\/a-spirit-of-giving-survals-charitable-year-in-action\\\/#breadcrumb\"},\"inLanguage\":\"fr-FR\",\"potentialAction\":[{\"@type\":\"ReadAction\",\"target\":[\"https:\\\/\\\/edelweiss-panorama.ch\\\/a-spirit-of-giving-survals-charitable-year-in-action\\\/\"]}]},{\"@type\":\"ImageObject\",\"inLanguage\":\"fr-FR\",\"@id\":\"https:\\\/\\\/edelweiss-panorama.ch\\\/a-spirit-of-giving-survals-charitable-year-in-action\\\/#primaryimage\",\"url\":\"https:\\\/\\\/edelweiss-panorama.ch\\\/wp-content\\\/uploads\\\/2025\\\/07\\\/A-Spirit-of-Giving-Survals-Charitable-Year-in-Action-2025-07-04T083859.198Z.jpg\",\"contentUrl\":\"https:\\\/\\\/edelweiss-panorama.ch\\\/wp-content\\\/uploads\\\/2025\\\/07\\\/A-Spirit-of-Giving-Survals-Charitable-Year-in-Action-2025-07-04T083859.198Z.jpg\",\"width\":600,\"height\":450},{\"@type\":\"BreadcrumbList\",\"@id\":\"https:\\\/\\\/edelweiss-panorama.ch\\\/a-spirit-of-giving-survals-charitable-year-in-action\\\/#breadcrumb\",\"itemListElement\":[{\"@type\":\"ListItem\",\"position\":1,\"name\":\"Home\",\"item\":\"https:\\\/\\\/edelweiss-panorama.ch\\\/\"},{\"@type\":\"ListItem\",\"position\":2,\"name\":\"A Spirit of Giving: Surval\u2019s Charitable Year in Action\"}]},{\"@type\":\"WebSite\",\"@id\":\"https:\\\/\\\/edelweiss-panorama.ch\\\/fr\\\/#website\",\"url\":\"https:\\\/\\\/edelweiss-panorama.ch\\\/fr\\\/\",\"name\":\"Edelweiss Panorama International\",\"description\":\"Allows you to live and thrive every corner of the world.\",\"publisher\":{\"@id\":\"https:\\\/\\\/edelweiss-panorama.ch\\\/fr\\\/#organization\"},\"potentialAction\":[{\"@type\":\"SearchAction\",\"target\":{\"@type\":\"EntryPoint\",\"urlTemplate\":\"https:\\\/\\\/edelweiss-panorama.ch\\\/fr\\\/?s={search_term_string}\"},\"query-input\":{\"@type\":\"PropertyValueSpecification\",\"valueRequired\":true,\"valueName\":\"search_term_string\"}}],\"inLanguage\":\"fr-FR\"},{\"@type\":\"Organization\",\"@id\":\"https:\\\/\\\/edelweiss-panorama.ch\\\/fr\\\/#organization\",\"name\":\"Edelweiss Panorama International\",\"url\":\"https:\\\/\\\/edelweiss-panorama.ch\\\/fr\\\/\",\"logo\":{\"@type\":\"ImageObject\",\"inLanguage\":\"fr-FR\",\"@id\":\"https:\\\/\\\/edelweiss-panorama.ch\\\/fr\\\/#\\\/schema\\\/logo\\\/image\\\/\",\"url\":\"https:\\\/\\\/edelweiss-panorama.ch\\\/wp-content\\\/uploads\\\/2020\\\/04\\\/Untitled-design-1-1.png\",\"contentUrl\":\"https:\\\/\\\/edelweiss-panorama.ch\\\/wp-content\\\/uploads\\\/2020\\\/04\\\/Untitled-design-1-1.png\",\"width\":1080,\"height\":1080,\"caption\":\"Edelweiss Panorama International\"},\"image\":{\"@id\":\"https:\\\/\\\/edelweiss-panorama.ch\\\/fr\\\/#\\\/schema\\\/logo\\\/image\\\/\"},\"sameAs\":[\"https:\\\/\\\/www.facebook.com\\\/edelweisspanorama\",\"https:\\\/\\\/x.com\\\/EPI_Swiss\"]},{\"@type\":\"Person\",\"@id\":\"https:\\\/\\\/edelweiss-panorama.ch\\\/fr\\\/#\\\/schema\\\/person\\\/40f339557f1e3168761bba6377cb0829\",\"name\":\"Frederic Tatu\",\"image\":{\"@type\":\"ImageObject\",\"inLanguage\":\"fr-FR\",\"@id\":\"https:\\\/\\\/secure.gravatar.com\\\/avatar\\\/0fe323859f18731575cc1727306a418c1c06adb036da08a42ad58ee43321377e?s=96&d=mm&r=g\",\"url\":\"https:\\\/\\\/secure.gravatar.com\\\/avatar\\\/0fe323859f18731575cc1727306a418c1c06adb036da08a42ad58ee43321377e?s=96&d=mm&r=g\",\"contentUrl\":\"https:\\\/\\\/secure.gravatar.com\\\/avatar\\\/0fe323859f18731575cc1727306a418c1c06adb036da08a42ad58ee43321377e?s=96&d=mm&r=g\",\"caption\":\"Frederic Tatu\"}}]}<\/script>\n<!-- \/ Yoast SEO plugin. -->","yoast_head_json":{"title":"Un esprit de g\u00e9n\u00e9rosit\u00e9 : L'ann\u00e9e caritative de Surval en action - Edelweiss Panorama International","robots":{"index":"index","follow":"follow","max-snippet":"max-snippet:-1","max-image-preview":"max-image-preview:large","max-video-preview":"max-video-preview:-1"},"canonical":"https:\/\/edelweiss-panorama.ch\/fr\/lesprit-de-generosite-survit-a-lannee-daction-caritative\/","og_locale":"fr_FR","og_type":"article","og_title":"A Spirit of Giving: Surval\u2019s Charitable Year in Action - Edelweiss Panorama International","og_description":"The article highlights the exceptional leadership and service initiatives at Surval, led by students Maiia and Sofia. Through events like the Cherry Blossom Gala Dinner and the Swimathon for L\u00e9man Hope, the Charity Committee demonstrated the school's commitment to making a difference. The students' reflections reveal the profound impact of their service, underscoring themes of unity, purpose, and compassion. These efforts not only benefited the wider community but also enriched the students' own lives, embodying the true spirit of Surval.","og_url":"https:\/\/edelweiss-panorama.ch\/fr\/lesprit-de-generosite-survit-a-lannee-daction-caritative\/","og_site_name":"Edelweiss Panorama International","article_publisher":"https:\/\/www.facebook.com\/edelweisspanorama","article_published_time":"2025-07-04T08:39:14+00:00","author":"Frederic Tatu","twitter_card":"summary_large_image","twitter_creator":"@EPI_Swiss","twitter_site":"@EPI_Swiss","twitter_misc":{"\u00c9crit par":"Frederic Tatu","Dur\u00e9e de lecture estim\u00e9e":"1 minute"},"schema":{"@context":"https:\/\/schema.org","@graph":[{"@type":"Article","@id":"https:\/\/edelweiss-panorama.ch\/a-spirit-of-giving-survals-charitable-year-in-action\/#article","isPartOf":{"@id":"https:\/\/edelweiss-panorama.ch\/a-spirit-of-giving-survals-charitable-year-in-action\/"},"author":{"name":"Frederic Tatu","@id":"https:\/\/edelweiss-panorama.ch\/fr\/#\/schema\/person\/40f339557f1e3168761bba6377cb0829"},"headline":"A Spirit of Giving: Surval\u2019s Charitable Year in Action","datePublished":"2025-07-04T08:39:14+00:00","mainEntityOfPage":{"@id":"https:\/\/edelweiss-panorama.ch\/a-spirit-of-giving-survals-charitable-year-in-action\/"},"wordCount":278,"commentCount":0,"publisher":{"@id":"https:\/\/edelweiss-panorama.ch\/fr\/#organization"},"image":{"@id":"https:\/\/edelweiss-panorama.ch\/a-spirit-of-giving-survals-charitable-year-in-action\/#primaryimage"},"thumbnailUrl":"https:\/\/edelweiss-panorama.ch\/wp-content\/uploads\/2025\/07\/A-Spirit-of-Giving-Survals-Charitable-Year-in-Action-2025-07-04T083859.198Z.jpg","keywords":["Surval Montreux"],"articleSection":["Education"],"inLanguage":"fr-FR","potentialAction":[{"@type":"CommentAction","name":"Comment","target":["https:\/\/edelweiss-panorama.ch\/a-spirit-of-giving-survals-charitable-year-in-action\/#respond"]}]},{"@type":"WebPage","@id":"https:\/\/edelweiss-panorama.ch\/a-spirit-of-giving-survals-charitable-year-in-action\/","url":"https:\/\/edelweiss-panorama.ch\/a-spirit-of-giving-survals-charitable-year-in-action\/","name":"Un esprit de g\u00e9n\u00e9rosit\u00e9 : L'ann\u00e9e caritative de Surval en action - Edelweiss Panorama International","isPartOf":{"@id":"https:\/\/edelweiss-panorama.ch\/fr\/#website"},"primaryImageOfPage":{"@id":"https:\/\/edelweiss-panorama.ch\/a-spirit-of-giving-survals-charitable-year-in-action\/#primaryimage"},"image":{"@id":"https:\/\/edelweiss-panorama.ch\/a-spirit-of-giving-survals-charitable-year-in-action\/#primaryimage"},"thumbnailUrl":"https:\/\/edelweiss-panorama.ch\/wp-content\/uploads\/2025\/07\/A-Spirit-of-Giving-Survals-Charitable-Year-in-Action-2025-07-04T083859.198Z.jpg","datePublished":"2025-07-04T08:39:14+00:00","breadcrumb":{"@id":"https:\/\/edelweiss-panorama.ch\/a-spirit-of-giving-survals-charitable-year-in-action\/#breadcrumb"},"inLanguage":"fr-FR","potentialAction":[{"@type":"ReadAction","target":["https:\/\/edelweiss-panorama.ch\/a-spirit-of-giving-survals-charitable-year-in-action\/"]}]},{"@type":"ImageObject","inLanguage":"fr-FR","@id":"https:\/\/edelweiss-panorama.ch\/a-spirit-of-giving-survals-charitable-year-in-action\/#primaryimage","url":"https:\/\/edelweiss-panorama.ch\/wp-content\/uploads\/2025\/07\/A-Spirit-of-Giving-Survals-Charitable-Year-in-Action-2025-07-04T083859.198Z.jpg","contentUrl":"https:\/\/edelweiss-panorama.ch\/wp-content\/uploads\/2025\/07\/A-Spirit-of-Giving-Survals-Charitable-Year-in-Action-2025-07-04T083859.198Z.jpg","width":600,"height":450},{"@type":"BreadcrumbList","@id":"https:\/\/edelweiss-panorama.ch\/a-spirit-of-giving-survals-charitable-year-in-action\/#breadcrumb","itemListElement":[{"@type":"ListItem","position":1,"name":"Home","item":"https:\/\/edelweiss-panorama.ch\/"},{"@type":"ListItem","position":2,"name":"A Spirit of Giving: Surval\u2019s Charitable Year in Action"}]},{"@type":"WebSite","@id":"https:\/\/edelweiss-panorama.ch\/fr\/#website","url":"https:\/\/edelweiss-panorama.ch\/fr\/","name":"Edelweiss Panorama International","description":"Il vous permet de vivre et de prosp\u00e9rer aux quatre coins du monde.","publisher":{"@id":"https:\/\/edelweiss-panorama.ch\/fr\/#organization"},"potentialAction":[{"@type":"SearchAction","target":{"@type":"EntryPoint","urlTemplate":"https:\/\/edelweiss-panorama.ch\/fr\/?s={search_term_string}"},"query-input":{"@type":"PropertyValueSpecification","valueRequired":true,"valueName":"search_term_string"}}],"inLanguage":"fr-FR"},{"@type":"Organization","@id":"https:\/\/edelweiss-panorama.ch\/fr\/#organization","name":"Edelweiss Panorama International","url":"https:\/\/edelweiss-panorama.ch\/fr\/","logo":{"@type":"ImageObject","inLanguage":"fr-FR","@id":"https:\/\/edelweiss-panorama.ch\/fr\/#\/schema\/logo\/image\/","url":"https:\/\/edelweiss-panorama.ch\/wp-content\/uploads\/2020\/04\/Untitled-design-1-1.png","contentUrl":"https:\/\/edelweiss-panorama.ch\/wp-content\/uploads\/2020\/04\/Untitled-design-1-1.png","width":1080,"height":1080,"caption":"Edelweiss Panorama International"},"image":{"@id":"https:\/\/edelweiss-panorama.ch\/fr\/#\/schema\/logo\/image\/"},"sameAs":["https:\/\/www.facebook.com\/edelweisspanorama","https:\/\/x.com\/EPI_Swiss"]},{"@type":"Person","@id":"https:\/\/edelweiss-panorama.ch\/fr\/#\/schema\/person\/40f339557f1e3168761bba6377cb0829","name":"Fr\u00e9d\u00e9ric Tatu","image":{"@type":"ImageObject","inLanguage":"fr-FR","@id":"https:\/\/secure.gravatar.com\/avatar\/0fe323859f18731575cc1727306a418c1c06adb036da08a42ad58ee43321377e?s=96&d=mm&r=g","url":"https:\/\/secure.gravatar.com\/avatar\/0fe323859f18731575cc1727306a418c1c06adb036da08a42ad58ee43321377e?s=96&d=mm&r=g","contentUrl":"https:\/\/secure.gravatar.com\/avatar\/0fe323859f18731575cc1727306a418c1c06adb036da08a42ad58ee43321377e?s=96&d=mm&r=g","caption":"Frederic Tatu"}}]}},"_links":{"self":[{"href":"https:\/\/edelweiss-panorama.ch\/fr\/wp-json\/wp\/v2\/posts\/48071","targetHints":{"allow":["GET"]}}],"collection":[{"href":"https:\/\/edelweiss-panorama.ch\/fr\/wp-json\/wp\/v2\/posts"}],"about":[{"href":"https:\/\/edelweiss-panorama.ch\/fr\/wp-json\/wp\/v2\/types\/post"}],"author":[{"embeddable":true,"href":"https:\/\/edelweiss-panorama.ch\/fr\/wp-json\/wp\/v2\/users\/10"}],"replies":[{"embeddable":true,"href":"https:\/\/edelweiss-panorama.ch\/fr\/wp-json\/wp\/v2\/comments?post=48071"}],"version-history":[{"count":0,"href":"https:\/\/edelweiss-panorama.ch\/fr\/wp-json\/wp\/v2\/posts\/48071\/revisions"}],"wp:featuredmedia":[{"embeddable":true,"href":"https:\/\/edelweiss-panorama.ch\/fr\/wp-json\/wp\/v2\/media\/48066"}],"wp:attachment":[{"href":"https:\/\/edelweiss-panorama.ch\/fr\/wp-json\/wp\/v2\/media?parent=48071"}],"wp:term":[{"taxonomy":"category","embeddable":true,"href":"https:\/\/edelweiss-panorama.ch\/fr\/wp-json\/wp\/v2\/categories?post=48071"},{"taxonomy":"post_tag","embeddable":true,"href":"https:\/\/edelweiss-panorama.ch\/fr\/wp-json\/wp\/v2\/tags?post=48071"}],"curies":[{"name":"wp","href":"https:\/\/api.w.org\/{rel}","templated":true}]}}