{"id":48191,"date":"2025-07-13T10:42:35","date_gmt":"2025-07-13T08:42:35","guid":{"rendered":"https:\/\/edelweiss-panorama.ch\/meet-our-new-head-of-performing-arts-at-college-du-leman\/"},"modified":"2025-07-13T10:42:35","modified_gmt":"2025-07-13T08:42:35","slug":"rencontre-avec-le-nouveau-responsable-des-arts-du-spectacle-au-college-du-leman","status":"publish","type":"post","link":"https:\/\/edelweiss-panorama.ch\/fr\/meet-our-new-head-of-performing-arts-at-college-du-leman\/","title":{"rendered":"Rencontrez notre nouveau responsable des arts du spectacle au Coll\u00e8ge du L\u00e9man"},"content":{"rendered":"<p>Hannah Picasso, the new Head of Performing Arts at [Coll\u00e8ge du L\u00e9man](https:\/\/edelweiss-panorama.ch\/college-du-leman\/), brings a wealth of experience and passion to her role. With a background as a talented violinist since the age of 8 and a dedicated educator, Hannah is set to inspire students across Primary, Middle School, and High School levels. Her journey from the Eastman School of Music to leading performing arts programmes around the world showcases her commitment to fostering creativity and confidence in young artists. Hannah&#8217;s philosophy centers on the transformative power of music and performance, emphasizing the joy and rigor of a comprehensive performing arts education.<\/p>\n<p><img decoding=\"async\" src=\"\/wp-content\/uploads\/2025\/07\/Meet-our-new-Head-of-Performing-Arts-2025-07-13T084207.201Z.jpeg\" \/><\/p>\n<p>Hannah&#8217;s educational and cultural background is as diverse as her musical tastes. Growing up in Denver, Colorado, she embraced both Texas-style fiddle music and classical works, later earning degrees from prestigious institutions like the Eastman School of Music and the University of Michigan. Her teaching career has taken her from Florida to New York City and Dublin, where she played a pivotal role in launching innovative performing arts programmes. At Coll\u00e8ge du L\u00e9man, Hannah is excited about several projects, including the new Creative Expression course for Grade 9 students and upcoming performances like the drama showcase and WATU charity concert. Her enthusiasm for interdisciplinary collaboration and student creativity is palpable, promising a vibrant future for the performing arts at [Coll\u00e8ge du L\u00e9man](https:\/\/edelweiss-panorama.ch\/college-du-leman\/). *Performing Arts* education under Hannah&#8217;s guidance is set to reach new heights, with a focus on *self-regulated learning* and *creative expression*. The upcoming season is packed with events that highlight the *talents* and *hard work* of students, from a candlelit holiday performance to the Don du Choeur project at Victoria Hall. Hannah&#8217;s vision for the performing arts programme is not just about performances but about building a community where every student can shine.<\/p>\n","protected":false},"excerpt":{"rendered":"<p>Hannah Picasso, la nouvelle responsable des arts du spectacle au Coll\u00e8ge du L\u00e9man, apporte une grande exp\u00e9rience et une grande passion \u00e0 son poste. Violoniste de talent depuis l'\u00e2ge de 8 ans et \u00e9ducatrice d\u00e9vou\u00e9e, Hannah est pr\u00eate \u00e0 inspirer les \u00e9l\u00e8ves du primaire, du coll\u00e8ge et du lyc\u00e9e. Son parcours de ...<\/p>","protected":false},"author":10,"featured_media":48183,"comment_status":"open","ping_status":"open","sticky":false,"template":"","format":"standard","meta":{"footnotes":""},"categories":[13],"tags":[358],"class_list":["post-48191","post","type-post","status-publish","format-standard","has-post-thumbnail","hentry","category-education","tag-college-du-leman"],"yoast_head":"<!-- This site is optimized with the Yoast SEO plugin v27.5 - https:\/\/yoast.com\/product\/yoast-seo-wordpress\/ -->\n<title>Meet Our New Head of Performing Arts at Coll\u00e8ge du L\u00e9man - Edelweiss Panorama International<\/title>\n<meta name=\"robots\" content=\"index, follow, max-snippet:-1, max-image-preview:large, max-video-preview:-1\" \/>\n<link rel=\"canonical\" href=\"https:\/\/edelweiss-panorama.ch\/fr\/rencontre-avec-le-nouveau-responsable-des-arts-du-spectacle-au-college-du-leman\/\" \/>\n<meta property=\"og:locale\" content=\"fr_FR\" \/>\n<meta property=\"og:type\" content=\"article\" \/>\n<meta property=\"og:title\" content=\"Meet Our New Head of Performing Arts at Coll\u00e8ge du L\u00e9man - Edelweiss Panorama International\" \/>\n<meta property=\"og:description\" content=\"Hannah Picasso, the new Head of Performing Arts at Coll\u00e8ge du L\u00e9man, brings a wealth of experience and passion to her role. With a background as a talented violinist since the age of 8 and a dedicated educator, Hannah is set to inspire students across Primary, Middle School, and High School levels. Her journey from \u2026\" \/>\n<meta property=\"og:url\" content=\"https:\/\/edelweiss-panorama.ch\/fr\/rencontre-avec-le-nouveau-responsable-des-arts-du-spectacle-au-college-du-leman\/\" \/>\n<meta property=\"og:site_name\" content=\"Edelweiss Panorama International\" \/>\n<meta property=\"article:publisher\" content=\"https:\/\/www.facebook.com\/edelweisspanorama\" \/>\n<meta property=\"article:published_time\" content=\"2025-07-13T08:42:35+00:00\" \/>\n<meta name=\"author\" content=\"Frederic Tatu\" \/>\n<meta name=\"twitter:card\" content=\"summary_large_image\" \/>\n<meta name=\"twitter:creator\" content=\"@EPI_Swiss\" \/>\n<meta name=\"twitter:site\" content=\"@EPI_Swiss\" \/>\n<meta name=\"twitter:label1\" content=\"\u00c9crit par\" \/>\n\t<meta name=\"twitter:data1\" content=\"Frederic Tatu\" \/>\n\t<meta name=\"twitter:label2\" content=\"Dur\u00e9e de lecture estim\u00e9e\" \/>\n\t<meta name=\"twitter:data2\" content=\"2 minutes\" \/>\n<script type=\"application\/ld+json\" class=\"yoast-schema-graph\">{\"@context\":\"https:\\\/\\\/schema.org\",\"@graph\":[{\"@type\":\"Article\",\"@id\":\"https:\\\/\\\/edelweiss-panorama.ch\\\/meet-our-new-head-of-performing-arts-at-college-du-leman\\\/#article\",\"isPartOf\":{\"@id\":\"https:\\\/\\\/edelweiss-panorama.ch\\\/meet-our-new-head-of-performing-arts-at-college-du-leman\\\/\"},\"author\":{\"name\":\"Frederic Tatu\",\"@id\":\"https:\\\/\\\/edelweiss-panorama.ch\\\/fr\\\/#\\\/schema\\\/person\\\/40f339557f1e3168761bba6377cb0829\"},\"headline\":\"Meet Our New Head of Performing Arts at Coll\u00e8ge du L\u00e9man\",\"datePublished\":\"2025-07-13T08:42:35+00:00\",\"mainEntityOfPage\":{\"@id\":\"https:\\\/\\\/edelweiss-panorama.ch\\\/meet-our-new-head-of-performing-arts-at-college-du-leman\\\/\"},\"wordCount\":325,\"commentCount\":0,\"publisher\":{\"@id\":\"https:\\\/\\\/edelweiss-panorama.ch\\\/fr\\\/#organization\"},\"image\":{\"@id\":\"https:\\\/\\\/edelweiss-panorama.ch\\\/meet-our-new-head-of-performing-arts-at-college-du-leman\\\/#primaryimage\"},\"thumbnailUrl\":\"https:\\\/\\\/edelweiss-panorama.ch\\\/wp-content\\\/uploads\\\/2025\\\/07\\\/Meet-our-new-Head-of-Performing-Arts-2025-07-13T084207.201Z.jpeg\",\"keywords\":[\"Coll\u00e8ge du L\u00e9man\"],\"articleSection\":[\"Education\"],\"inLanguage\":\"fr-FR\",\"potentialAction\":[{\"@type\":\"CommentAction\",\"name\":\"Comment\",\"target\":[\"https:\\\/\\\/edelweiss-panorama.ch\\\/meet-our-new-head-of-performing-arts-at-college-du-leman\\\/#respond\"]}]},{\"@type\":\"WebPage\",\"@id\":\"https:\\\/\\\/edelweiss-panorama.ch\\\/meet-our-new-head-of-performing-arts-at-college-du-leman\\\/\",\"url\":\"https:\\\/\\\/edelweiss-panorama.ch\\\/meet-our-new-head-of-performing-arts-at-college-du-leman\\\/\",\"name\":\"Meet Our New Head of Performing Arts at Coll\u00e8ge du L\u00e9man - Edelweiss Panorama International\",\"isPartOf\":{\"@id\":\"https:\\\/\\\/edelweiss-panorama.ch\\\/fr\\\/#website\"},\"primaryImageOfPage\":{\"@id\":\"https:\\\/\\\/edelweiss-panorama.ch\\\/meet-our-new-head-of-performing-arts-at-college-du-leman\\\/#primaryimage\"},\"image\":{\"@id\":\"https:\\\/\\\/edelweiss-panorama.ch\\\/meet-our-new-head-of-performing-arts-at-college-du-leman\\\/#primaryimage\"},\"thumbnailUrl\":\"https:\\\/\\\/edelweiss-panorama.ch\\\/wp-content\\\/uploads\\\/2025\\\/07\\\/Meet-our-new-Head-of-Performing-Arts-2025-07-13T084207.201Z.jpeg\",\"datePublished\":\"2025-07-13T08:42:35+00:00\",\"breadcrumb\":{\"@id\":\"https:\\\/\\\/edelweiss-panorama.ch\\\/meet-our-new-head-of-performing-arts-at-college-du-leman\\\/#breadcrumb\"},\"inLanguage\":\"fr-FR\",\"potentialAction\":[{\"@type\":\"ReadAction\",\"target\":[\"https:\\\/\\\/edelweiss-panorama.ch\\\/meet-our-new-head-of-performing-arts-at-college-du-leman\\\/\"]}]},{\"@type\":\"ImageObject\",\"inLanguage\":\"fr-FR\",\"@id\":\"https:\\\/\\\/edelweiss-panorama.ch\\\/meet-our-new-head-of-performing-arts-at-college-du-leman\\\/#primaryimage\",\"url\":\"https:\\\/\\\/edelweiss-panorama.ch\\\/wp-content\\\/uploads\\\/2025\\\/07\\\/Meet-our-new-Head-of-Performing-Arts-2025-07-13T084207.201Z.jpeg\",\"contentUrl\":\"https:\\\/\\\/edelweiss-panorama.ch\\\/wp-content\\\/uploads\\\/2025\\\/07\\\/Meet-our-new-Head-of-Performing-Arts-2025-07-13T084207.201Z.jpeg\",\"width\":887,\"height\":499},{\"@type\":\"BreadcrumbList\",\"@id\":\"https:\\\/\\\/edelweiss-panorama.ch\\\/meet-our-new-head-of-performing-arts-at-college-du-leman\\\/#breadcrumb\",\"itemListElement\":[{\"@type\":\"ListItem\",\"position\":1,\"name\":\"Home\",\"item\":\"https:\\\/\\\/edelweiss-panorama.ch\\\/\"},{\"@type\":\"ListItem\",\"position\":2,\"name\":\"Meet Our New Head of Performing Arts at Coll\u00e8ge du L\u00e9man\"}]},{\"@type\":\"WebSite\",\"@id\":\"https:\\\/\\\/edelweiss-panorama.ch\\\/fr\\\/#website\",\"url\":\"https:\\\/\\\/edelweiss-panorama.ch\\\/fr\\\/\",\"name\":\"Edelweiss Panorama International\",\"description\":\"Allows you to live and thrive every corner of the world.\",\"publisher\":{\"@id\":\"https:\\\/\\\/edelweiss-panorama.ch\\\/fr\\\/#organization\"},\"potentialAction\":[{\"@type\":\"SearchAction\",\"target\":{\"@type\":\"EntryPoint\",\"urlTemplate\":\"https:\\\/\\\/edelweiss-panorama.ch\\\/fr\\\/?s={search_term_string}\"},\"query-input\":{\"@type\":\"PropertyValueSpecification\",\"valueRequired\":true,\"valueName\":\"search_term_string\"}}],\"inLanguage\":\"fr-FR\"},{\"@type\":\"Organization\",\"@id\":\"https:\\\/\\\/edelweiss-panorama.ch\\\/fr\\\/#organization\",\"name\":\"Edelweiss Panorama International\",\"url\":\"https:\\\/\\\/edelweiss-panorama.ch\\\/fr\\\/\",\"logo\":{\"@type\":\"ImageObject\",\"inLanguage\":\"fr-FR\",\"@id\":\"https:\\\/\\\/edelweiss-panorama.ch\\\/fr\\\/#\\\/schema\\\/logo\\\/image\\\/\",\"url\":\"https:\\\/\\\/edelweiss-panorama.ch\\\/wp-content\\\/uploads\\\/2020\\\/04\\\/Untitled-design-1-1.png\",\"contentUrl\":\"https:\\\/\\\/edelweiss-panorama.ch\\\/wp-content\\\/uploads\\\/2020\\\/04\\\/Untitled-design-1-1.png\",\"width\":1080,\"height\":1080,\"caption\":\"Edelweiss Panorama International\"},\"image\":{\"@id\":\"https:\\\/\\\/edelweiss-panorama.ch\\\/fr\\\/#\\\/schema\\\/logo\\\/image\\\/\"},\"sameAs\":[\"https:\\\/\\\/www.facebook.com\\\/edelweisspanorama\",\"https:\\\/\\\/x.com\\\/EPI_Swiss\"]},{\"@type\":\"Person\",\"@id\":\"https:\\\/\\\/edelweiss-panorama.ch\\\/fr\\\/#\\\/schema\\\/person\\\/40f339557f1e3168761bba6377cb0829\",\"name\":\"Frederic Tatu\",\"image\":{\"@type\":\"ImageObject\",\"inLanguage\":\"fr-FR\",\"@id\":\"https:\\\/\\\/secure.gravatar.com\\\/avatar\\\/0fe323859f18731575cc1727306a418c1c06adb036da08a42ad58ee43321377e?s=96&d=mm&r=g\",\"url\":\"https:\\\/\\\/secure.gravatar.com\\\/avatar\\\/0fe323859f18731575cc1727306a418c1c06adb036da08a42ad58ee43321377e?s=96&d=mm&r=g\",\"contentUrl\":\"https:\\\/\\\/secure.gravatar.com\\\/avatar\\\/0fe323859f18731575cc1727306a418c1c06adb036da08a42ad58ee43321377e?s=96&d=mm&r=g\",\"caption\":\"Frederic Tatu\"}}]}<\/script>\n<!-- \/ Yoast SEO plugin. -->","yoast_head_json":{"title":"Rencontre avec le nouveau responsable des arts du spectacle au Coll\u00e8ge du L\u00e9man - Edelweiss Panorama International","robots":{"index":"index","follow":"follow","max-snippet":"max-snippet:-1","max-image-preview":"max-image-preview:large","max-video-preview":"max-video-preview:-1"},"canonical":"https:\/\/edelweiss-panorama.ch\/fr\/rencontre-avec-le-nouveau-responsable-des-arts-du-spectacle-au-college-du-leman\/","og_locale":"fr_FR","og_type":"article","og_title":"Meet Our New Head of Performing Arts at Coll\u00e8ge du L\u00e9man - Edelweiss Panorama International","og_description":"Hannah Picasso, the new Head of Performing Arts at Coll\u00e8ge du L\u00e9man, brings a wealth of experience and passion to her role. With a background as a talented violinist since the age of 8 and a dedicated educator, Hannah is set to inspire students across Primary, Middle School, and High School levels. Her journey from \u2026","og_url":"https:\/\/edelweiss-panorama.ch\/fr\/rencontre-avec-le-nouveau-responsable-des-arts-du-spectacle-au-college-du-leman\/","og_site_name":"Edelweiss Panorama International","article_publisher":"https:\/\/www.facebook.com\/edelweisspanorama","article_published_time":"2025-07-13T08:42:35+00:00","author":"Frederic Tatu","twitter_card":"summary_large_image","twitter_creator":"@EPI_Swiss","twitter_site":"@EPI_Swiss","twitter_misc":{"\u00c9crit par":"Frederic Tatu","Dur\u00e9e de lecture estim\u00e9e":"2 minutes"},"schema":{"@context":"https:\/\/schema.org","@graph":[{"@type":"Article","@id":"https:\/\/edelweiss-panorama.ch\/meet-our-new-head-of-performing-arts-at-college-du-leman\/#article","isPartOf":{"@id":"https:\/\/edelweiss-panorama.ch\/meet-our-new-head-of-performing-arts-at-college-du-leman\/"},"author":{"name":"Frederic Tatu","@id":"https:\/\/edelweiss-panorama.ch\/fr\/#\/schema\/person\/40f339557f1e3168761bba6377cb0829"},"headline":"Meet Our New Head of Performing Arts at Coll\u00e8ge du L\u00e9man","datePublished":"2025-07-13T08:42:35+00:00","mainEntityOfPage":{"@id":"https:\/\/edelweiss-panorama.ch\/meet-our-new-head-of-performing-arts-at-college-du-leman\/"},"wordCount":325,"commentCount":0,"publisher":{"@id":"https:\/\/edelweiss-panorama.ch\/fr\/#organization"},"image":{"@id":"https:\/\/edelweiss-panorama.ch\/meet-our-new-head-of-performing-arts-at-college-du-leman\/#primaryimage"},"thumbnailUrl":"https:\/\/edelweiss-panorama.ch\/wp-content\/uploads\/2025\/07\/Meet-our-new-Head-of-Performing-Arts-2025-07-13T084207.201Z.jpeg","keywords":["Coll\u00e8ge du L\u00e9man"],"articleSection":["Education"],"inLanguage":"fr-FR","potentialAction":[{"@type":"CommentAction","name":"Comment","target":["https:\/\/edelweiss-panorama.ch\/meet-our-new-head-of-performing-arts-at-college-du-leman\/#respond"]}]},{"@type":"WebPage","@id":"https:\/\/edelweiss-panorama.ch\/meet-our-new-head-of-performing-arts-at-college-du-leman\/","url":"https:\/\/edelweiss-panorama.ch\/meet-our-new-head-of-performing-arts-at-college-du-leman\/","name":"Rencontre avec le nouveau responsable des arts du spectacle au Coll\u00e8ge du L\u00e9man - Edelweiss Panorama International","isPartOf":{"@id":"https:\/\/edelweiss-panorama.ch\/fr\/#website"},"primaryImageOfPage":{"@id":"https:\/\/edelweiss-panorama.ch\/meet-our-new-head-of-performing-arts-at-college-du-leman\/#primaryimage"},"image":{"@id":"https:\/\/edelweiss-panorama.ch\/meet-our-new-head-of-performing-arts-at-college-du-leman\/#primaryimage"},"thumbnailUrl":"https:\/\/edelweiss-panorama.ch\/wp-content\/uploads\/2025\/07\/Meet-our-new-Head-of-Performing-Arts-2025-07-13T084207.201Z.jpeg","datePublished":"2025-07-13T08:42:35+00:00","breadcrumb":{"@id":"https:\/\/edelweiss-panorama.ch\/meet-our-new-head-of-performing-arts-at-college-du-leman\/#breadcrumb"},"inLanguage":"fr-FR","potentialAction":[{"@type":"ReadAction","target":["https:\/\/edelweiss-panorama.ch\/meet-our-new-head-of-performing-arts-at-college-du-leman\/"]}]},{"@type":"ImageObject","inLanguage":"fr-FR","@id":"https:\/\/edelweiss-panorama.ch\/meet-our-new-head-of-performing-arts-at-college-du-leman\/#primaryimage","url":"https:\/\/edelweiss-panorama.ch\/wp-content\/uploads\/2025\/07\/Meet-our-new-Head-of-Performing-Arts-2025-07-13T084207.201Z.jpeg","contentUrl":"https:\/\/edelweiss-panorama.ch\/wp-content\/uploads\/2025\/07\/Meet-our-new-Head-of-Performing-Arts-2025-07-13T084207.201Z.jpeg","width":887,"height":499},{"@type":"BreadcrumbList","@id":"https:\/\/edelweiss-panorama.ch\/meet-our-new-head-of-performing-arts-at-college-du-leman\/#breadcrumb","itemListElement":[{"@type":"ListItem","position":1,"name":"Home","item":"https:\/\/edelweiss-panorama.ch\/"},{"@type":"ListItem","position":2,"name":"Meet Our New Head of Performing Arts at Coll\u00e8ge du L\u00e9man"}]},{"@type":"WebSite","@id":"https:\/\/edelweiss-panorama.ch\/fr\/#website","url":"https:\/\/edelweiss-panorama.ch\/fr\/","name":"Edelweiss Panorama International","description":"Il vous permet de vivre et de prosp\u00e9rer aux quatre coins du monde.","publisher":{"@id":"https:\/\/edelweiss-panorama.ch\/fr\/#organization"},"potentialAction":[{"@type":"SearchAction","target":{"@type":"EntryPoint","urlTemplate":"https:\/\/edelweiss-panorama.ch\/fr\/?s={search_term_string}"},"query-input":{"@type":"PropertyValueSpecification","valueRequired":true,"valueName":"search_term_string"}}],"inLanguage":"fr-FR"},{"@type":"Organization","@id":"https:\/\/edelweiss-panorama.ch\/fr\/#organization","name":"Edelweiss Panorama International","url":"https:\/\/edelweiss-panorama.ch\/fr\/","logo":{"@type":"ImageObject","inLanguage":"fr-FR","@id":"https:\/\/edelweiss-panorama.ch\/fr\/#\/schema\/logo\/image\/","url":"https:\/\/edelweiss-panorama.ch\/wp-content\/uploads\/2020\/04\/Untitled-design-1-1.png","contentUrl":"https:\/\/edelweiss-panorama.ch\/wp-content\/uploads\/2020\/04\/Untitled-design-1-1.png","width":1080,"height":1080,"caption":"Edelweiss Panorama International"},"image":{"@id":"https:\/\/edelweiss-panorama.ch\/fr\/#\/schema\/logo\/image\/"},"sameAs":["https:\/\/www.facebook.com\/edelweisspanorama","https:\/\/x.com\/EPI_Swiss"]},{"@type":"Person","@id":"https:\/\/edelweiss-panorama.ch\/fr\/#\/schema\/person\/40f339557f1e3168761bba6377cb0829","name":"Fr\u00e9d\u00e9ric Tatu","image":{"@type":"ImageObject","inLanguage":"fr-FR","@id":"https:\/\/secure.gravatar.com\/avatar\/0fe323859f18731575cc1727306a418c1c06adb036da08a42ad58ee43321377e?s=96&d=mm&r=g","url":"https:\/\/secure.gravatar.com\/avatar\/0fe323859f18731575cc1727306a418c1c06adb036da08a42ad58ee43321377e?s=96&d=mm&r=g","contentUrl":"https:\/\/secure.gravatar.com\/avatar\/0fe323859f18731575cc1727306a418c1c06adb036da08a42ad58ee43321377e?s=96&d=mm&r=g","caption":"Frederic Tatu"}}]}},"_links":{"self":[{"href":"https:\/\/edelweiss-panorama.ch\/fr\/wp-json\/wp\/v2\/posts\/48191","targetHints":{"allow":["GET"]}}],"collection":[{"href":"https:\/\/edelweiss-panorama.ch\/fr\/wp-json\/wp\/v2\/posts"}],"about":[{"href":"https:\/\/edelweiss-panorama.ch\/fr\/wp-json\/wp\/v2\/types\/post"}],"author":[{"embeddable":true,"href":"https:\/\/edelweiss-panorama.ch\/fr\/wp-json\/wp\/v2\/users\/10"}],"replies":[{"embeddable":true,"href":"https:\/\/edelweiss-panorama.ch\/fr\/wp-json\/wp\/v2\/comments?post=48191"}],"version-history":[{"count":0,"href":"https:\/\/edelweiss-panorama.ch\/fr\/wp-json\/wp\/v2\/posts\/48191\/revisions"}],"wp:featuredmedia":[{"embeddable":true,"href":"https:\/\/edelweiss-panorama.ch\/fr\/wp-json\/wp\/v2\/media\/48183"}],"wp:attachment":[{"href":"https:\/\/edelweiss-panorama.ch\/fr\/wp-json\/wp\/v2\/media?parent=48191"}],"wp:term":[{"taxonomy":"category","embeddable":true,"href":"https:\/\/edelweiss-panorama.ch\/fr\/wp-json\/wp\/v2\/categories?post=48191"},{"taxonomy":"post_tag","embeddable":true,"href":"https:\/\/edelweiss-panorama.ch\/fr\/wp-json\/wp\/v2\/tags?post=48191"}],"curies":[{"name":"wp","href":"https:\/\/api.w.org\/{rel}","templated":true}]}}