{"id":48199,"date":"2025-07-13T10:42:48","date_gmt":"2025-07-13T08:42:48","guid":{"rendered":"https:\/\/edelweiss-panorama.ch\/champittet-summer-leadership-camp-kicks-off-for-a-new-season-of-adventure-and-exploration\/"},"modified":"2025-07-13T10:42:48","modified_gmt":"2025-07-13T08:42:48","slug":"le-camp-de-leadership-dete-de-champittet-demarre-pour-une-nouvelle-saison-daventure-et-dexploration","status":"publish","type":"post","link":"https:\/\/edelweiss-panorama.ch\/fr\/champittet-summer-leadership-camp-kicks-off-for-a-new-season-of-adventure-and-exploration\/","title":{"rendered":"Le camp d'\u00e9t\u00e9 de Champittet d\u00e9marre pour une nouvelle saison d'aventure et d'exploration"},"content":{"rendered":"<p>The [<Coll\u00e8ge Champittet>](https:\/\/edelweiss-panorama.ch\/champittet-college\/) Summer Leadership Camp has officially begun, marking the start of an exciting season filled with adventure, exploration, and personal growth. This year, the camp boasts a dynamic team of counsellors dedicated to creating an unforgettable summer experience for all participants. Through a series of engaging activities and workshops, campers are set to embark on a journey of self-discovery, focusing on essential leadership skills such as resilience, confidence, and teamwork. The camp&#8217;s collaboration with prestigious Swiss institutions like IMD Business School and EHL Hospitality Business School ensures a high-quality educational experience, blending learning with fun.<\/p>\n<p>Participants of the [<Coll\u00e8ge Champittet>](https:\/\/edelweiss-panorama.ch\/champittet-college\/) Summer Leadership Camp can look forward to a diverse program that includes both outdoor adventures and cultural excursions. From water sports and canyoning to visits to the Olympic Museum and the vibrant city of Lausanne, the camp offers a perfect mix of thrill and education. Additionally, the camp is divided into two age groups, Juniors (11-13) and Seniors (14-17), catering to the specific needs and interests of each age group. With options for both residential and day campers, the program is designed to be inclusive and accessible to students from around the globe. The first session is already in progress, but there&#8217;s still time to join the second session running from July 14th to July 27th. *Adventure* awaits those ready to take on this unique summer experience, complete with new friendships, skills, and memories to last a lifetime.<\/p>\n<p><img decoding=\"async\" src=\"\/wp-content\/uploads\/2025\/07\/Champittet-Summer-Leadership-Camp-kicks-off-for-a-new-season-of-adventure-and-exploration-2025-07-13T084207.507Z.jpeg\" \/><img decoding=\"async\" src=\"\/wp-content\/uploads\/2025\/07\/Champittet-Summer-Leadership-Camp-kicks-off-for-a-new-season-of-adventure-and-exploration-2025-07-13T084212.205Z.jpeg\" \/><img decoding=\"async\" src=\"\/wp-content\/uploads\/2025\/07\/Champittet-Summer-Leadership-Camp-kicks-off-for-a-new-season-of-adventure-and-exploration-2025-07-13T084217.595Z.jpeg\" \/><img decoding=\"async\" src=\"\/wp-content\/uploads\/2025\/07\/Champittet-Summer-Leadership-Camp-kicks-off-for-a-new-season-of-adventure-and-exploration-2025-07-13T084221.017Z.jpeg\" \/><img decoding=\"async\" src=\"\/wp-content\/uploads\/2025\/07\/Champittet-Summer-Leadership-Camp-kicks-off-for-a-new-season-of-adventure-and-exploration-2025-07-13T084225.560Z.jpeg\" \/><img decoding=\"async\" src=\"\/wp-content\/uploads\/2025\/07\/Champittet-Summer-Leadership-Camp-kicks-off-for-a-new-season-of-adventure-and-exploration-2025-07-13T084230.673Z.jpeg\" \/><img decoding=\"async\" src=\"\/wp-content\/uploads\/2025\/07\/Champittet-Summer-Leadership-Camp-kicks-off-for-a-new-season-of-adventure-and-exploration-2025-07-13T084233.826Z.jpeg\" \/><img decoding=\"async\" src=\"\/wp-content\/uploads\/2025\/07\/Champittet-Summer-Leadership-Camp-kicks-off-for-a-new-season-of-adventure-and-exploration-2025-07-13T084238.302Z.jpeg\" \/><img decoding=\"async\" src=\"\/wp-content\/uploads\/2025\/07\/Champittet-Summer-Leadership-Camp-kicks-off-for-a-new-season-of-adventure-and-exploration-2025-07-13T084242.673Z.jpeg\" \/><img decoding=\"async\" src=\"\/wp-content\/uploads\/2025\/07\/Champittet-Summer-Leadership-Camp-kicks-off-for-a-new-season-of-adventure-and-exploration-2025-07-13T084245.862Z.jpeg\" \/><\/p>\n","protected":false},"excerpt":{"rendered":"<p>Le <strong>leadership<\/strong> camp \u00e0 <a href=\"https:\/\/edelweiss-panorama.ch\/fr\/college-champittet\/\">&lt;Coll\u00e8ge Champittet&gt;<\/a> propose un m\u00e9lange d'ateliers \u00e9ducatifs et d'activit\u00e9s de plein air passionnantes, con\u00e7us pour favoriser l'\u00e9panouissement personnel et les comp\u00e9tences en mati\u00e8re de leadership des jeunes participants. Avec des sessions adapt\u00e9es \u00e0 diff\u00e9rents groupes d'\u00e2ge et la possibilit\u00e9 de participer en r\u00e9sidence ou en journ\u00e9e, le camp promet une exp\u00e9rience estivale enrichissante. Ne manquez pas l'occasion de participer \u00e0 ce camp de vacances. <em>aventureux<\/em> et de transformation.<\/p>","protected":false},"author":10,"featured_media":48182,"comment_status":"open","ping_status":"open","sticky":false,"template":"","format":"standard","meta":{"footnotes":""},"categories":[13],"tags":[360],"class_list":["post-48199","post","type-post","status-publish","format-standard","has-post-thumbnail","hentry","category-education","tag-champittet-college"],"yoast_head":"<!-- This site is optimized with the Yoast SEO plugin v27.5 - https:\/\/yoast.com\/product\/yoast-seo-wordpress\/ -->\n<title>Champittet Summer Leadership Camp kicks off for a new season of adventure and exploration - Edelweiss Panorama International<\/title>\n<meta name=\"robots\" content=\"index, follow, max-snippet:-1, max-image-preview:large, max-video-preview:-1\" \/>\n<link rel=\"canonical\" href=\"https:\/\/edelweiss-panorama.ch\/fr\/le-camp-de-leadership-dete-de-champittet-demarre-pour-une-nouvelle-saison-daventure-et-dexploration\/\" \/>\n<meta property=\"og:locale\" content=\"fr_FR\" \/>\n<meta property=\"og:type\" content=\"article\" \/>\n<meta property=\"og:title\" content=\"Champittet Summer Leadership Camp kicks off for a new season of adventure and exploration - Edelweiss Panorama International\" \/>\n<meta property=\"og:description\" content=\"The leadership camp at &lt;Coll\u00e8ge Champittet&gt; offers a blend of educational workshops and thrilling outdoor activities, designed to foster personal growth and leadership skills among young participants. With sessions tailored for different age groups and the option for residential or day participation, the camp promises an enriching summer experience. Don&#039;t miss the chance to be part of this adventurous and transformative journey.\" \/>\n<meta property=\"og:url\" content=\"https:\/\/edelweiss-panorama.ch\/fr\/le-camp-de-leadership-dete-de-champittet-demarre-pour-une-nouvelle-saison-daventure-et-dexploration\/\" \/>\n<meta property=\"og:site_name\" content=\"Edelweiss Panorama International\" \/>\n<meta property=\"article:publisher\" content=\"https:\/\/www.facebook.com\/edelweisspanorama\" \/>\n<meta property=\"article:published_time\" content=\"2025-07-13T08:42:48+00:00\" \/>\n<meta name=\"author\" content=\"Frederic Tatu\" \/>\n<meta name=\"twitter:card\" content=\"summary_large_image\" \/>\n<meta name=\"twitter:creator\" content=\"@EPI_Swiss\" \/>\n<meta name=\"twitter:site\" content=\"@EPI_Swiss\" \/>\n<meta name=\"twitter:label1\" content=\"\u00c9crit par\" \/>\n\t<meta name=\"twitter:data1\" content=\"Frederic Tatu\" \/>\n\t<meta name=\"twitter:label2\" content=\"Dur\u00e9e de lecture estim\u00e9e\" \/>\n\t<meta name=\"twitter:data2\" content=\"1 minute\" \/>\n<script type=\"application\/ld+json\" class=\"yoast-schema-graph\">{\"@context\":\"https:\\\/\\\/schema.org\",\"@graph\":[{\"@type\":\"Article\",\"@id\":\"https:\\\/\\\/edelweiss-panorama.ch\\\/champittet-summer-leadership-camp-kicks-off-for-a-new-season-of-adventure-and-exploration\\\/#article\",\"isPartOf\":{\"@id\":\"https:\\\/\\\/edelweiss-panorama.ch\\\/champittet-summer-leadership-camp-kicks-off-for-a-new-season-of-adventure-and-exploration\\\/\"},\"author\":{\"name\":\"Frederic Tatu\",\"@id\":\"https:\\\/\\\/edelweiss-panorama.ch\\\/fr\\\/#\\\/schema\\\/person\\\/40f339557f1e3168761bba6377cb0829\"},\"headline\":\"Champittet Summer Leadership Camp kicks off for a new season of adventure and exploration\",\"datePublished\":\"2025-07-13T08:42:48+00:00\",\"mainEntityOfPage\":{\"@id\":\"https:\\\/\\\/edelweiss-panorama.ch\\\/champittet-summer-leadership-camp-kicks-off-for-a-new-season-of-adventure-and-exploration\\\/\"},\"wordCount\":260,\"commentCount\":0,\"publisher\":{\"@id\":\"https:\\\/\\\/edelweiss-panorama.ch\\\/fr\\\/#organization\"},\"image\":{\"@id\":\"https:\\\/\\\/edelweiss-panorama.ch\\\/champittet-summer-leadership-camp-kicks-off-for-a-new-season-of-adventure-and-exploration\\\/#primaryimage\"},\"thumbnailUrl\":\"https:\\\/\\\/edelweiss-panorama.ch\\\/wp-content\\\/uploads\\\/2025\\\/07\\\/Champittet-Summer-Leadership-Camp-kicks-off-for-a-new-season-of-adventure-and-exploration-2025-07-13T084204.069Z.jpg\",\"keywords\":[\"Coll\u00e8ge Champittet\"],\"articleSection\":[\"Education\"],\"inLanguage\":\"fr-FR\",\"potentialAction\":[{\"@type\":\"CommentAction\",\"name\":\"Comment\",\"target\":[\"https:\\\/\\\/edelweiss-panorama.ch\\\/champittet-summer-leadership-camp-kicks-off-for-a-new-season-of-adventure-and-exploration\\\/#respond\"]}]},{\"@type\":\"WebPage\",\"@id\":\"https:\\\/\\\/edelweiss-panorama.ch\\\/champittet-summer-leadership-camp-kicks-off-for-a-new-season-of-adventure-and-exploration\\\/\",\"url\":\"https:\\\/\\\/edelweiss-panorama.ch\\\/champittet-summer-leadership-camp-kicks-off-for-a-new-season-of-adventure-and-exploration\\\/\",\"name\":\"Champittet Summer Leadership Camp kicks off for a new season of adventure and exploration - Edelweiss Panorama International\",\"isPartOf\":{\"@id\":\"https:\\\/\\\/edelweiss-panorama.ch\\\/fr\\\/#website\"},\"primaryImageOfPage\":{\"@id\":\"https:\\\/\\\/edelweiss-panorama.ch\\\/champittet-summer-leadership-camp-kicks-off-for-a-new-season-of-adventure-and-exploration\\\/#primaryimage\"},\"image\":{\"@id\":\"https:\\\/\\\/edelweiss-panorama.ch\\\/champittet-summer-leadership-camp-kicks-off-for-a-new-season-of-adventure-and-exploration\\\/#primaryimage\"},\"thumbnailUrl\":\"https:\\\/\\\/edelweiss-panorama.ch\\\/wp-content\\\/uploads\\\/2025\\\/07\\\/Champittet-Summer-Leadership-Camp-kicks-off-for-a-new-season-of-adventure-and-exploration-2025-07-13T084204.069Z.jpg\",\"datePublished\":\"2025-07-13T08:42:48+00:00\",\"breadcrumb\":{\"@id\":\"https:\\\/\\\/edelweiss-panorama.ch\\\/champittet-summer-leadership-camp-kicks-off-for-a-new-season-of-adventure-and-exploration\\\/#breadcrumb\"},\"inLanguage\":\"fr-FR\",\"potentialAction\":[{\"@type\":\"ReadAction\",\"target\":[\"https:\\\/\\\/edelweiss-panorama.ch\\\/champittet-summer-leadership-camp-kicks-off-for-a-new-season-of-adventure-and-exploration\\\/\"]}]},{\"@type\":\"ImageObject\",\"inLanguage\":\"fr-FR\",\"@id\":\"https:\\\/\\\/edelweiss-panorama.ch\\\/champittet-summer-leadership-camp-kicks-off-for-a-new-season-of-adventure-and-exploration\\\/#primaryimage\",\"url\":\"https:\\\/\\\/edelweiss-panorama.ch\\\/wp-content\\\/uploads\\\/2025\\\/07\\\/Champittet-Summer-Leadership-Camp-kicks-off-for-a-new-season-of-adventure-and-exploration-2025-07-13T084204.069Z.jpg\",\"contentUrl\":\"https:\\\/\\\/edelweiss-panorama.ch\\\/wp-content\\\/uploads\\\/2025\\\/07\\\/Champittet-Summer-Leadership-Camp-kicks-off-for-a-new-season-of-adventure-and-exploration-2025-07-13T084204.069Z.jpg\",\"width\":2048,\"height\":1463},{\"@type\":\"BreadcrumbList\",\"@id\":\"https:\\\/\\\/edelweiss-panorama.ch\\\/champittet-summer-leadership-camp-kicks-off-for-a-new-season-of-adventure-and-exploration\\\/#breadcrumb\",\"itemListElement\":[{\"@type\":\"ListItem\",\"position\":1,\"name\":\"Home\",\"item\":\"https:\\\/\\\/edelweiss-panorama.ch\\\/\"},{\"@type\":\"ListItem\",\"position\":2,\"name\":\"Champittet Summer Leadership Camp kicks off for a new season of adventure and exploration\"}]},{\"@type\":\"WebSite\",\"@id\":\"https:\\\/\\\/edelweiss-panorama.ch\\\/fr\\\/#website\",\"url\":\"https:\\\/\\\/edelweiss-panorama.ch\\\/fr\\\/\",\"name\":\"Edelweiss Panorama International\",\"description\":\"Allows you to live and thrive every corner of the world.\",\"publisher\":{\"@id\":\"https:\\\/\\\/edelweiss-panorama.ch\\\/fr\\\/#organization\"},\"potentialAction\":[{\"@type\":\"SearchAction\",\"target\":{\"@type\":\"EntryPoint\",\"urlTemplate\":\"https:\\\/\\\/edelweiss-panorama.ch\\\/fr\\\/?s={search_term_string}\"},\"query-input\":{\"@type\":\"PropertyValueSpecification\",\"valueRequired\":true,\"valueName\":\"search_term_string\"}}],\"inLanguage\":\"fr-FR\"},{\"@type\":\"Organization\",\"@id\":\"https:\\\/\\\/edelweiss-panorama.ch\\\/fr\\\/#organization\",\"name\":\"Edelweiss Panorama International\",\"url\":\"https:\\\/\\\/edelweiss-panorama.ch\\\/fr\\\/\",\"logo\":{\"@type\":\"ImageObject\",\"inLanguage\":\"fr-FR\",\"@id\":\"https:\\\/\\\/edelweiss-panorama.ch\\\/fr\\\/#\\\/schema\\\/logo\\\/image\\\/\",\"url\":\"https:\\\/\\\/edelweiss-panorama.ch\\\/wp-content\\\/uploads\\\/2020\\\/04\\\/Untitled-design-1-1.png\",\"contentUrl\":\"https:\\\/\\\/edelweiss-panorama.ch\\\/wp-content\\\/uploads\\\/2020\\\/04\\\/Untitled-design-1-1.png\",\"width\":1080,\"height\":1080,\"caption\":\"Edelweiss Panorama International\"},\"image\":{\"@id\":\"https:\\\/\\\/edelweiss-panorama.ch\\\/fr\\\/#\\\/schema\\\/logo\\\/image\\\/\"},\"sameAs\":[\"https:\\\/\\\/www.facebook.com\\\/edelweisspanorama\",\"https:\\\/\\\/x.com\\\/EPI_Swiss\"]},{\"@type\":\"Person\",\"@id\":\"https:\\\/\\\/edelweiss-panorama.ch\\\/fr\\\/#\\\/schema\\\/person\\\/40f339557f1e3168761bba6377cb0829\",\"name\":\"Frederic Tatu\",\"image\":{\"@type\":\"ImageObject\",\"inLanguage\":\"fr-FR\",\"@id\":\"https:\\\/\\\/secure.gravatar.com\\\/avatar\\\/0fe323859f18731575cc1727306a418c1c06adb036da08a42ad58ee43321377e?s=96&d=mm&r=g\",\"url\":\"https:\\\/\\\/secure.gravatar.com\\\/avatar\\\/0fe323859f18731575cc1727306a418c1c06adb036da08a42ad58ee43321377e?s=96&d=mm&r=g\",\"contentUrl\":\"https:\\\/\\\/secure.gravatar.com\\\/avatar\\\/0fe323859f18731575cc1727306a418c1c06adb036da08a42ad58ee43321377e?s=96&d=mm&r=g\",\"caption\":\"Frederic Tatu\"}}]}<\/script>\n<!-- \/ Yoast SEO plugin. -->","yoast_head_json":{"title":"Le Champittet Summer Leadership Camp d\u00e9marre une nouvelle saison d'aventure et d'exploration - Edelweiss Panorama International","robots":{"index":"index","follow":"follow","max-snippet":"max-snippet:-1","max-image-preview":"max-image-preview:large","max-video-preview":"max-video-preview:-1"},"canonical":"https:\/\/edelweiss-panorama.ch\/fr\/le-camp-de-leadership-dete-de-champittet-demarre-pour-une-nouvelle-saison-daventure-et-dexploration\/","og_locale":"fr_FR","og_type":"article","og_title":"Champittet Summer Leadership Camp kicks off for a new season of adventure and exploration - Edelweiss Panorama International","og_description":"The leadership camp at &lt;Coll\u00e8ge Champittet&gt; offers a blend of educational workshops and thrilling outdoor activities, designed to foster personal growth and leadership skills among young participants. With sessions tailored for different age groups and the option for residential or day participation, the camp promises an enriching summer experience. Don't miss the chance to be part of this adventurous and transformative journey.","og_url":"https:\/\/edelweiss-panorama.ch\/fr\/le-camp-de-leadership-dete-de-champittet-demarre-pour-une-nouvelle-saison-daventure-et-dexploration\/","og_site_name":"Edelweiss Panorama International","article_publisher":"https:\/\/www.facebook.com\/edelweisspanorama","article_published_time":"2025-07-13T08:42:48+00:00","author":"Frederic Tatu","twitter_card":"summary_large_image","twitter_creator":"@EPI_Swiss","twitter_site":"@EPI_Swiss","twitter_misc":{"\u00c9crit par":"Frederic Tatu","Dur\u00e9e de lecture estim\u00e9e":"1 minute"},"schema":{"@context":"https:\/\/schema.org","@graph":[{"@type":"Article","@id":"https:\/\/edelweiss-panorama.ch\/champittet-summer-leadership-camp-kicks-off-for-a-new-season-of-adventure-and-exploration\/#article","isPartOf":{"@id":"https:\/\/edelweiss-panorama.ch\/champittet-summer-leadership-camp-kicks-off-for-a-new-season-of-adventure-and-exploration\/"},"author":{"name":"Frederic Tatu","@id":"https:\/\/edelweiss-panorama.ch\/fr\/#\/schema\/person\/40f339557f1e3168761bba6377cb0829"},"headline":"Champittet Summer Leadership Camp kicks off for a new season of adventure and exploration","datePublished":"2025-07-13T08:42:48+00:00","mainEntityOfPage":{"@id":"https:\/\/edelweiss-panorama.ch\/champittet-summer-leadership-camp-kicks-off-for-a-new-season-of-adventure-and-exploration\/"},"wordCount":260,"commentCount":0,"publisher":{"@id":"https:\/\/edelweiss-panorama.ch\/fr\/#organization"},"image":{"@id":"https:\/\/edelweiss-panorama.ch\/champittet-summer-leadership-camp-kicks-off-for-a-new-season-of-adventure-and-exploration\/#primaryimage"},"thumbnailUrl":"https:\/\/edelweiss-panorama.ch\/wp-content\/uploads\/2025\/07\/Champittet-Summer-Leadership-Camp-kicks-off-for-a-new-season-of-adventure-and-exploration-2025-07-13T084204.069Z.jpg","keywords":["Coll\u00e8ge Champittet"],"articleSection":["Education"],"inLanguage":"fr-FR","potentialAction":[{"@type":"CommentAction","name":"Comment","target":["https:\/\/edelweiss-panorama.ch\/champittet-summer-leadership-camp-kicks-off-for-a-new-season-of-adventure-and-exploration\/#respond"]}]},{"@type":"WebPage","@id":"https:\/\/edelweiss-panorama.ch\/champittet-summer-leadership-camp-kicks-off-for-a-new-season-of-adventure-and-exploration\/","url":"https:\/\/edelweiss-panorama.ch\/champittet-summer-leadership-camp-kicks-off-for-a-new-season-of-adventure-and-exploration\/","name":"Le Champittet Summer Leadership Camp d\u00e9marre une nouvelle saison d'aventure et d'exploration - Edelweiss Panorama International","isPartOf":{"@id":"https:\/\/edelweiss-panorama.ch\/fr\/#website"},"primaryImageOfPage":{"@id":"https:\/\/edelweiss-panorama.ch\/champittet-summer-leadership-camp-kicks-off-for-a-new-season-of-adventure-and-exploration\/#primaryimage"},"image":{"@id":"https:\/\/edelweiss-panorama.ch\/champittet-summer-leadership-camp-kicks-off-for-a-new-season-of-adventure-and-exploration\/#primaryimage"},"thumbnailUrl":"https:\/\/edelweiss-panorama.ch\/wp-content\/uploads\/2025\/07\/Champittet-Summer-Leadership-Camp-kicks-off-for-a-new-season-of-adventure-and-exploration-2025-07-13T084204.069Z.jpg","datePublished":"2025-07-13T08:42:48+00:00","breadcrumb":{"@id":"https:\/\/edelweiss-panorama.ch\/champittet-summer-leadership-camp-kicks-off-for-a-new-season-of-adventure-and-exploration\/#breadcrumb"},"inLanguage":"fr-FR","potentialAction":[{"@type":"ReadAction","target":["https:\/\/edelweiss-panorama.ch\/champittet-summer-leadership-camp-kicks-off-for-a-new-season-of-adventure-and-exploration\/"]}]},{"@type":"ImageObject","inLanguage":"fr-FR","@id":"https:\/\/edelweiss-panorama.ch\/champittet-summer-leadership-camp-kicks-off-for-a-new-season-of-adventure-and-exploration\/#primaryimage","url":"https:\/\/edelweiss-panorama.ch\/wp-content\/uploads\/2025\/07\/Champittet-Summer-Leadership-Camp-kicks-off-for-a-new-season-of-adventure-and-exploration-2025-07-13T084204.069Z.jpg","contentUrl":"https:\/\/edelweiss-panorama.ch\/wp-content\/uploads\/2025\/07\/Champittet-Summer-Leadership-Camp-kicks-off-for-a-new-season-of-adventure-and-exploration-2025-07-13T084204.069Z.jpg","width":2048,"height":1463},{"@type":"BreadcrumbList","@id":"https:\/\/edelweiss-panorama.ch\/champittet-summer-leadership-camp-kicks-off-for-a-new-season-of-adventure-and-exploration\/#breadcrumb","itemListElement":[{"@type":"ListItem","position":1,"name":"Home","item":"https:\/\/edelweiss-panorama.ch\/"},{"@type":"ListItem","position":2,"name":"Champittet Summer Leadership Camp kicks off for a new season of adventure and exploration"}]},{"@type":"WebSite","@id":"https:\/\/edelweiss-panorama.ch\/fr\/#website","url":"https:\/\/edelweiss-panorama.ch\/fr\/","name":"Edelweiss Panorama International","description":"Il vous permet de vivre et de prosp\u00e9rer aux quatre coins du monde.","publisher":{"@id":"https:\/\/edelweiss-panorama.ch\/fr\/#organization"},"potentialAction":[{"@type":"SearchAction","target":{"@type":"EntryPoint","urlTemplate":"https:\/\/edelweiss-panorama.ch\/fr\/?s={search_term_string}"},"query-input":{"@type":"PropertyValueSpecification","valueRequired":true,"valueName":"search_term_string"}}],"inLanguage":"fr-FR"},{"@type":"Organization","@id":"https:\/\/edelweiss-panorama.ch\/fr\/#organization","name":"Edelweiss Panorama International","url":"https:\/\/edelweiss-panorama.ch\/fr\/","logo":{"@type":"ImageObject","inLanguage":"fr-FR","@id":"https:\/\/edelweiss-panorama.ch\/fr\/#\/schema\/logo\/image\/","url":"https:\/\/edelweiss-panorama.ch\/wp-content\/uploads\/2020\/04\/Untitled-design-1-1.png","contentUrl":"https:\/\/edelweiss-panorama.ch\/wp-content\/uploads\/2020\/04\/Untitled-design-1-1.png","width":1080,"height":1080,"caption":"Edelweiss Panorama International"},"image":{"@id":"https:\/\/edelweiss-panorama.ch\/fr\/#\/schema\/logo\/image\/"},"sameAs":["https:\/\/www.facebook.com\/edelweisspanorama","https:\/\/x.com\/EPI_Swiss"]},{"@type":"Person","@id":"https:\/\/edelweiss-panorama.ch\/fr\/#\/schema\/person\/40f339557f1e3168761bba6377cb0829","name":"Fr\u00e9d\u00e9ric Tatu","image":{"@type":"ImageObject","inLanguage":"fr-FR","@id":"https:\/\/secure.gravatar.com\/avatar\/0fe323859f18731575cc1727306a418c1c06adb036da08a42ad58ee43321377e?s=96&d=mm&r=g","url":"https:\/\/secure.gravatar.com\/avatar\/0fe323859f18731575cc1727306a418c1c06adb036da08a42ad58ee43321377e?s=96&d=mm&r=g","contentUrl":"https:\/\/secure.gravatar.com\/avatar\/0fe323859f18731575cc1727306a418c1c06adb036da08a42ad58ee43321377e?s=96&d=mm&r=g","caption":"Frederic Tatu"}}]}},"_links":{"self":[{"href":"https:\/\/edelweiss-panorama.ch\/fr\/wp-json\/wp\/v2\/posts\/48199","targetHints":{"allow":["GET"]}}],"collection":[{"href":"https:\/\/edelweiss-panorama.ch\/fr\/wp-json\/wp\/v2\/posts"}],"about":[{"href":"https:\/\/edelweiss-panorama.ch\/fr\/wp-json\/wp\/v2\/types\/post"}],"author":[{"embeddable":true,"href":"https:\/\/edelweiss-panorama.ch\/fr\/wp-json\/wp\/v2\/users\/10"}],"replies":[{"embeddable":true,"href":"https:\/\/edelweiss-panorama.ch\/fr\/wp-json\/wp\/v2\/comments?post=48199"}],"version-history":[{"count":0,"href":"https:\/\/edelweiss-panorama.ch\/fr\/wp-json\/wp\/v2\/posts\/48199\/revisions"}],"wp:featuredmedia":[{"embeddable":true,"href":"https:\/\/edelweiss-panorama.ch\/fr\/wp-json\/wp\/v2\/media\/48182"}],"wp:attachment":[{"href":"https:\/\/edelweiss-panorama.ch\/fr\/wp-json\/wp\/v2\/media?parent=48199"}],"wp:term":[{"taxonomy":"category","embeddable":true,"href":"https:\/\/edelweiss-panorama.ch\/fr\/wp-json\/wp\/v2\/categories?post=48199"},{"taxonomy":"post_tag","embeddable":true,"href":"https:\/\/edelweiss-panorama.ch\/fr\/wp-json\/wp\/v2\/tags?post=48199"}],"curies":[{"name":"wp","href":"https:\/\/api.w.org\/{rel}","templated":true}]}}