{"id":48354,"date":"2025-07-31T10:43:53","date_gmt":"2025-07-31T08:43:53","guid":{"rendered":"https:\/\/edelweiss-panorama.ch\/once-a-survalienne-always-a-survalienne-vivianas-story\/"},"modified":"2025-07-31T10:43:53","modified_gmt":"2025-07-31T08:43:53","slug":"survalienne-un-jour-survalienne-toujours-lhistoire-de-viviana","status":"publish","type":"post","link":"https:\/\/edelweiss-panorama.ch\/fr\/once-a-survalienne-always-a-survalienne-vivianas-story\/","title":{"rendered":"Survalienne un jour, survalienne toujours : l'histoire de Viviana"},"content":{"rendered":"<p>Viviana Izquierdo, a proud alumna of [Surval](https:\/\/edelweiss-panorama.ch\/surval-montreux\/), shares her transformative journey that began seven years ago. Her story, highlighted in a speech at the Swiss Embassy in Mexico, underscores the lifelong bonds and *confidence* fostered by her education. Viviana&#8217;s return to [Surval](https:\/\/edelweiss-panorama.ch\/surval-montreux\/) as part of the team for multiple camps showcases the enduring connection she maintains with the school. Her creative contributions, through photography and film, capture the essence of Surval, preserving memories for future generations.<\/p>\n<p>Viviana&#8217;s narrative begins with her initial hesitation at the age of 10, quickly replaced by a sense of belonging upon experiencing the school&#8217;s vibrant community and stunning Lake L\u00e9man views. Her return as a full-time student marked the start of an adventure filled with language learning, travel, and personal growth. The onset of the COVID-19 pandemic tested the school&#8217;s resilience, but Surval&#8217;s unwavering support turned a potentially isolating time into one of discovery and *strength*. Viviana&#8217;s graduation speech, reflecting on her path shaped by Surval&#8217;s ethos, resonates with the school&#8217;s commitment to empowering students to forge their own futures. Now 19, Viviana embodies the **bravery** and self-assurance her education instilled, continuing to inspire as she contributes to the school&#8217;s camps.<\/p>\n<p><img decoding=\"async\" src=\"\/wp-content\/uploads\/2025\/07\/Once-a-Survalienne-Always-a-Survalienne-Vivianas-Story-2025-07-31T084340.898Z.jpg \" \/><img decoding=\"async\" src=\"\/wp-content\/uploads\/2025\/07\/Once-a-Survalienne-Always-a-Survalienne-Vivianas-Story-2025-07-31T084343.417Z.jpg \" \/><img decoding=\"async\" src=\"\/wp-content\/uploads\/2025\/07\/Once-a-Survalienne-Always-a-Survalienne-Vivianas-Story-2025-07-31T084346.149Z.jpg \" \/><img decoding=\"async\" src=\"\/wp-content\/uploads\/2025\/07\/Once-a-Survalienne-Always-a-Survalienne-Vivianas-Story-2025-07-31T084349.617Z.jpg \" \/><\/p>\n","protected":false},"excerpt":{"rendered":"<p>Le parcours de Viviana Izquierdo \u00e0 Surval Montreux illustre l'impact profond d'une \u00e9ducation qui valorise l'individualit\u00e9, la r\u00e9silience et l'engagement mondial. Son histoire, d'une nouvelle arrivante h\u00e9sitante \u00e0 une ancienne \u00e9l\u00e8ve et membre du personnel confiante, met en lumi\u00e8re le r\u00f4le de l'\u00e9cole dans l'\u00e9tablissement de liens durables et l'\u00e9panouissement personnel.<\/p>","protected":false},"author":10,"featured_media":48349,"comment_status":"open","ping_status":"open","sticky":false,"template":"","format":"standard","meta":{"footnotes":""},"categories":[13],"tags":[362],"class_list":["post-48354","post","type-post","status-publish","format-standard","has-post-thumbnail","hentry","category-education","tag-surval-montreux"],"yoast_head":"<!-- This site is optimized with the Yoast SEO plugin v27.5 - https:\/\/yoast.com\/product\/yoast-seo-wordpress\/ -->\n<title>Once a Survalienne, Always a Survalienne: Viviana\u2019s Story - Edelweiss Panorama International<\/title>\n<meta name=\"robots\" content=\"index, follow, max-snippet:-1, max-image-preview:large, max-video-preview:-1\" \/>\n<link rel=\"canonical\" href=\"https:\/\/edelweiss-panorama.ch\/fr\/survalienne-un-jour-survalienne-toujours-lhistoire-de-viviana\/\" \/>\n<meta property=\"og:locale\" content=\"fr_FR\" \/>\n<meta property=\"og:type\" content=\"article\" \/>\n<meta property=\"og:title\" content=\"Once a Survalienne, Always a Survalienne: Viviana\u2019s Story - Edelweiss Panorama International\" \/>\n<meta property=\"og:description\" content=\"Viviana Izquierdo&#039;s journey with Surval Montreux illustrates the profound impact of an education that values individuality, resilience, and global engagement. Her story, from a hesitant newcomer to a confident alumna and staff member, highlights the school&#039;s role in nurturing lifelong connections and personal growth.\" \/>\n<meta property=\"og:url\" content=\"https:\/\/edelweiss-panorama.ch\/fr\/survalienne-un-jour-survalienne-toujours-lhistoire-de-viviana\/\" \/>\n<meta property=\"og:site_name\" content=\"Edelweiss Panorama International\" \/>\n<meta property=\"article:publisher\" content=\"https:\/\/www.facebook.com\/edelweisspanorama\" \/>\n<meta property=\"article:published_time\" content=\"2025-07-31T08:43:53+00:00\" \/>\n<meta name=\"author\" content=\"Frederic Tatu\" \/>\n<meta name=\"twitter:card\" content=\"summary_large_image\" \/>\n<meta name=\"twitter:creator\" content=\"@EPI_Swiss\" \/>\n<meta name=\"twitter:site\" content=\"@EPI_Swiss\" \/>\n<meta name=\"twitter:label1\" content=\"\u00c9crit par\" \/>\n\t<meta name=\"twitter:data1\" content=\"Frederic Tatu\" \/>\n\t<meta name=\"twitter:label2\" content=\"Dur\u00e9e de lecture estim\u00e9e\" \/>\n\t<meta name=\"twitter:data2\" content=\"1 minute\" \/>\n<script type=\"application\/ld+json\" class=\"yoast-schema-graph\">{\"@context\":\"https:\\\/\\\/schema.org\",\"@graph\":[{\"@type\":\"Article\",\"@id\":\"https:\\\/\\\/edelweiss-panorama.ch\\\/once-a-survalienne-always-a-survalienne-vivianas-story\\\/#article\",\"isPartOf\":{\"@id\":\"https:\\\/\\\/edelweiss-panorama.ch\\\/once-a-survalienne-always-a-survalienne-vivianas-story\\\/\"},\"author\":{\"name\":\"Frederic Tatu\",\"@id\":\"https:\\\/\\\/edelweiss-panorama.ch\\\/fr\\\/#\\\/schema\\\/person\\\/40f339557f1e3168761bba6377cb0829\"},\"headline\":\"Once a Survalienne, Always a Survalienne: Viviana\u2019s Story\",\"datePublished\":\"2025-07-31T08:43:53+00:00\",\"mainEntityOfPage\":{\"@id\":\"https:\\\/\\\/edelweiss-panorama.ch\\\/once-a-survalienne-always-a-survalienne-vivianas-story\\\/\"},\"wordCount\":221,\"commentCount\":0,\"publisher\":{\"@id\":\"https:\\\/\\\/edelweiss-panorama.ch\\\/fr\\\/#organization\"},\"image\":{\"@id\":\"https:\\\/\\\/edelweiss-panorama.ch\\\/once-a-survalienne-always-a-survalienne-vivianas-story\\\/#primaryimage\"},\"thumbnailUrl\":\"https:\\\/\\\/edelweiss-panorama.ch\\\/wp-content\\\/uploads\\\/2025\\\/07\\\/Once-a-Survalienne-Always-a-Survalienne-Vivianas-Story-2025-07-31T084338.266Z.jpg\",\"keywords\":[\"Surval Montreux\"],\"articleSection\":[\"Education\"],\"inLanguage\":\"fr-FR\",\"potentialAction\":[{\"@type\":\"CommentAction\",\"name\":\"Comment\",\"target\":[\"https:\\\/\\\/edelweiss-panorama.ch\\\/once-a-survalienne-always-a-survalienne-vivianas-story\\\/#respond\"]}]},{\"@type\":\"WebPage\",\"@id\":\"https:\\\/\\\/edelweiss-panorama.ch\\\/once-a-survalienne-always-a-survalienne-vivianas-story\\\/\",\"url\":\"https:\\\/\\\/edelweiss-panorama.ch\\\/once-a-survalienne-always-a-survalienne-vivianas-story\\\/\",\"name\":\"Once a Survalienne, Always a Survalienne: Viviana\u2019s Story - Edelweiss Panorama International\",\"isPartOf\":{\"@id\":\"https:\\\/\\\/edelweiss-panorama.ch\\\/fr\\\/#website\"},\"primaryImageOfPage\":{\"@id\":\"https:\\\/\\\/edelweiss-panorama.ch\\\/once-a-survalienne-always-a-survalienne-vivianas-story\\\/#primaryimage\"},\"image\":{\"@id\":\"https:\\\/\\\/edelweiss-panorama.ch\\\/once-a-survalienne-always-a-survalienne-vivianas-story\\\/#primaryimage\"},\"thumbnailUrl\":\"https:\\\/\\\/edelweiss-panorama.ch\\\/wp-content\\\/uploads\\\/2025\\\/07\\\/Once-a-Survalienne-Always-a-Survalienne-Vivianas-Story-2025-07-31T084338.266Z.jpg\",\"datePublished\":\"2025-07-31T08:43:53+00:00\",\"breadcrumb\":{\"@id\":\"https:\\\/\\\/edelweiss-panorama.ch\\\/once-a-survalienne-always-a-survalienne-vivianas-story\\\/#breadcrumb\"},\"inLanguage\":\"fr-FR\",\"potentialAction\":[{\"@type\":\"ReadAction\",\"target\":[\"https:\\\/\\\/edelweiss-panorama.ch\\\/once-a-survalienne-always-a-survalienne-vivianas-story\\\/\"]}]},{\"@type\":\"ImageObject\",\"inLanguage\":\"fr-FR\",\"@id\":\"https:\\\/\\\/edelweiss-panorama.ch\\\/once-a-survalienne-always-a-survalienne-vivianas-story\\\/#primaryimage\",\"url\":\"https:\\\/\\\/edelweiss-panorama.ch\\\/wp-content\\\/uploads\\\/2025\\\/07\\\/Once-a-Survalienne-Always-a-Survalienne-Vivianas-Story-2025-07-31T084338.266Z.jpg\",\"contentUrl\":\"https:\\\/\\\/edelweiss-panorama.ch\\\/wp-content\\\/uploads\\\/2025\\\/07\\\/Once-a-Survalienne-Always-a-Survalienne-Vivianas-Story-2025-07-31T084338.266Z.jpg\",\"width\":900,\"height\":1200},{\"@type\":\"BreadcrumbList\",\"@id\":\"https:\\\/\\\/edelweiss-panorama.ch\\\/once-a-survalienne-always-a-survalienne-vivianas-story\\\/#breadcrumb\",\"itemListElement\":[{\"@type\":\"ListItem\",\"position\":1,\"name\":\"Home\",\"item\":\"https:\\\/\\\/edelweiss-panorama.ch\\\/\"},{\"@type\":\"ListItem\",\"position\":2,\"name\":\"Once a Survalienne, Always a Survalienne: Viviana\u2019s Story\"}]},{\"@type\":\"WebSite\",\"@id\":\"https:\\\/\\\/edelweiss-panorama.ch\\\/fr\\\/#website\",\"url\":\"https:\\\/\\\/edelweiss-panorama.ch\\\/fr\\\/\",\"name\":\"Edelweiss Panorama International\",\"description\":\"Allows you to live and thrive every corner of the world.\",\"publisher\":{\"@id\":\"https:\\\/\\\/edelweiss-panorama.ch\\\/fr\\\/#organization\"},\"potentialAction\":[{\"@type\":\"SearchAction\",\"target\":{\"@type\":\"EntryPoint\",\"urlTemplate\":\"https:\\\/\\\/edelweiss-panorama.ch\\\/fr\\\/?s={search_term_string}\"},\"query-input\":{\"@type\":\"PropertyValueSpecification\",\"valueRequired\":true,\"valueName\":\"search_term_string\"}}],\"inLanguage\":\"fr-FR\"},{\"@type\":\"Organization\",\"@id\":\"https:\\\/\\\/edelweiss-panorama.ch\\\/fr\\\/#organization\",\"name\":\"Edelweiss Panorama International\",\"url\":\"https:\\\/\\\/edelweiss-panorama.ch\\\/fr\\\/\",\"logo\":{\"@type\":\"ImageObject\",\"inLanguage\":\"fr-FR\",\"@id\":\"https:\\\/\\\/edelweiss-panorama.ch\\\/fr\\\/#\\\/schema\\\/logo\\\/image\\\/\",\"url\":\"https:\\\/\\\/edelweiss-panorama.ch\\\/wp-content\\\/uploads\\\/2020\\\/04\\\/Untitled-design-1-1.png\",\"contentUrl\":\"https:\\\/\\\/edelweiss-panorama.ch\\\/wp-content\\\/uploads\\\/2020\\\/04\\\/Untitled-design-1-1.png\",\"width\":1080,\"height\":1080,\"caption\":\"Edelweiss Panorama International\"},\"image\":{\"@id\":\"https:\\\/\\\/edelweiss-panorama.ch\\\/fr\\\/#\\\/schema\\\/logo\\\/image\\\/\"},\"sameAs\":[\"https:\\\/\\\/www.facebook.com\\\/edelweisspanorama\",\"https:\\\/\\\/x.com\\\/EPI_Swiss\"]},{\"@type\":\"Person\",\"@id\":\"https:\\\/\\\/edelweiss-panorama.ch\\\/fr\\\/#\\\/schema\\\/person\\\/40f339557f1e3168761bba6377cb0829\",\"name\":\"Frederic Tatu\",\"image\":{\"@type\":\"ImageObject\",\"inLanguage\":\"fr-FR\",\"@id\":\"https:\\\/\\\/secure.gravatar.com\\\/avatar\\\/0fe323859f18731575cc1727306a418c1c06adb036da08a42ad58ee43321377e?s=96&d=mm&r=g\",\"url\":\"https:\\\/\\\/secure.gravatar.com\\\/avatar\\\/0fe323859f18731575cc1727306a418c1c06adb036da08a42ad58ee43321377e?s=96&d=mm&r=g\",\"contentUrl\":\"https:\\\/\\\/secure.gravatar.com\\\/avatar\\\/0fe323859f18731575cc1727306a418c1c06adb036da08a42ad58ee43321377e?s=96&d=mm&r=g\",\"caption\":\"Frederic Tatu\"}}]}<\/script>\n<!-- \/ Yoast SEO plugin. -->","yoast_head_json":{"title":"Survalienne un jour, survalienne toujours : l'histoire de Viviana - Edelweiss Panorama International","robots":{"index":"index","follow":"follow","max-snippet":"max-snippet:-1","max-image-preview":"max-image-preview:large","max-video-preview":"max-video-preview:-1"},"canonical":"https:\/\/edelweiss-panorama.ch\/fr\/survalienne-un-jour-survalienne-toujours-lhistoire-de-viviana\/","og_locale":"fr_FR","og_type":"article","og_title":"Once a Survalienne, Always a Survalienne: Viviana\u2019s Story - Edelweiss Panorama International","og_description":"Viviana Izquierdo's journey with Surval Montreux illustrates the profound impact of an education that values individuality, resilience, and global engagement. Her story, from a hesitant newcomer to a confident alumna and staff member, highlights the school's role in nurturing lifelong connections and personal growth.","og_url":"https:\/\/edelweiss-panorama.ch\/fr\/survalienne-un-jour-survalienne-toujours-lhistoire-de-viviana\/","og_site_name":"Edelweiss Panorama International","article_publisher":"https:\/\/www.facebook.com\/edelweisspanorama","article_published_time":"2025-07-31T08:43:53+00:00","author":"Frederic Tatu","twitter_card":"summary_large_image","twitter_creator":"@EPI_Swiss","twitter_site":"@EPI_Swiss","twitter_misc":{"\u00c9crit par":"Frederic Tatu","Dur\u00e9e de lecture estim\u00e9e":"1 minute"},"schema":{"@context":"https:\/\/schema.org","@graph":[{"@type":"Article","@id":"https:\/\/edelweiss-panorama.ch\/once-a-survalienne-always-a-survalienne-vivianas-story\/#article","isPartOf":{"@id":"https:\/\/edelweiss-panorama.ch\/once-a-survalienne-always-a-survalienne-vivianas-story\/"},"author":{"name":"Frederic Tatu","@id":"https:\/\/edelweiss-panorama.ch\/fr\/#\/schema\/person\/40f339557f1e3168761bba6377cb0829"},"headline":"Once a Survalienne, Always a Survalienne: Viviana\u2019s Story","datePublished":"2025-07-31T08:43:53+00:00","mainEntityOfPage":{"@id":"https:\/\/edelweiss-panorama.ch\/once-a-survalienne-always-a-survalienne-vivianas-story\/"},"wordCount":221,"commentCount":0,"publisher":{"@id":"https:\/\/edelweiss-panorama.ch\/fr\/#organization"},"image":{"@id":"https:\/\/edelweiss-panorama.ch\/once-a-survalienne-always-a-survalienne-vivianas-story\/#primaryimage"},"thumbnailUrl":"https:\/\/edelweiss-panorama.ch\/wp-content\/uploads\/2025\/07\/Once-a-Survalienne-Always-a-Survalienne-Vivianas-Story-2025-07-31T084338.266Z.jpg","keywords":["Surval Montreux"],"articleSection":["Education"],"inLanguage":"fr-FR","potentialAction":[{"@type":"CommentAction","name":"Comment","target":["https:\/\/edelweiss-panorama.ch\/once-a-survalienne-always-a-survalienne-vivianas-story\/#respond"]}]},{"@type":"WebPage","@id":"https:\/\/edelweiss-panorama.ch\/once-a-survalienne-always-a-survalienne-vivianas-story\/","url":"https:\/\/edelweiss-panorama.ch\/once-a-survalienne-always-a-survalienne-vivianas-story\/","name":"Survalienne un jour, survalienne toujours : l'histoire de Viviana - Edelweiss Panorama International","isPartOf":{"@id":"https:\/\/edelweiss-panorama.ch\/fr\/#website"},"primaryImageOfPage":{"@id":"https:\/\/edelweiss-panorama.ch\/once-a-survalienne-always-a-survalienne-vivianas-story\/#primaryimage"},"image":{"@id":"https:\/\/edelweiss-panorama.ch\/once-a-survalienne-always-a-survalienne-vivianas-story\/#primaryimage"},"thumbnailUrl":"https:\/\/edelweiss-panorama.ch\/wp-content\/uploads\/2025\/07\/Once-a-Survalienne-Always-a-Survalienne-Vivianas-Story-2025-07-31T084338.266Z.jpg","datePublished":"2025-07-31T08:43:53+00:00","breadcrumb":{"@id":"https:\/\/edelweiss-panorama.ch\/once-a-survalienne-always-a-survalienne-vivianas-story\/#breadcrumb"},"inLanguage":"fr-FR","potentialAction":[{"@type":"ReadAction","target":["https:\/\/edelweiss-panorama.ch\/once-a-survalienne-always-a-survalienne-vivianas-story\/"]}]},{"@type":"ImageObject","inLanguage":"fr-FR","@id":"https:\/\/edelweiss-panorama.ch\/once-a-survalienne-always-a-survalienne-vivianas-story\/#primaryimage","url":"https:\/\/edelweiss-panorama.ch\/wp-content\/uploads\/2025\/07\/Once-a-Survalienne-Always-a-Survalienne-Vivianas-Story-2025-07-31T084338.266Z.jpg","contentUrl":"https:\/\/edelweiss-panorama.ch\/wp-content\/uploads\/2025\/07\/Once-a-Survalienne-Always-a-Survalienne-Vivianas-Story-2025-07-31T084338.266Z.jpg","width":900,"height":1200},{"@type":"BreadcrumbList","@id":"https:\/\/edelweiss-panorama.ch\/once-a-survalienne-always-a-survalienne-vivianas-story\/#breadcrumb","itemListElement":[{"@type":"ListItem","position":1,"name":"Home","item":"https:\/\/edelweiss-panorama.ch\/"},{"@type":"ListItem","position":2,"name":"Once a Survalienne, Always a Survalienne: Viviana\u2019s Story"}]},{"@type":"WebSite","@id":"https:\/\/edelweiss-panorama.ch\/fr\/#website","url":"https:\/\/edelweiss-panorama.ch\/fr\/","name":"Edelweiss Panorama International","description":"Il vous permet de vivre et de prosp\u00e9rer aux quatre coins du monde.","publisher":{"@id":"https:\/\/edelweiss-panorama.ch\/fr\/#organization"},"potentialAction":[{"@type":"SearchAction","target":{"@type":"EntryPoint","urlTemplate":"https:\/\/edelweiss-panorama.ch\/fr\/?s={search_term_string}"},"query-input":{"@type":"PropertyValueSpecification","valueRequired":true,"valueName":"search_term_string"}}],"inLanguage":"fr-FR"},{"@type":"Organization","@id":"https:\/\/edelweiss-panorama.ch\/fr\/#organization","name":"Edelweiss Panorama International","url":"https:\/\/edelweiss-panorama.ch\/fr\/","logo":{"@type":"ImageObject","inLanguage":"fr-FR","@id":"https:\/\/edelweiss-panorama.ch\/fr\/#\/schema\/logo\/image\/","url":"https:\/\/edelweiss-panorama.ch\/wp-content\/uploads\/2020\/04\/Untitled-design-1-1.png","contentUrl":"https:\/\/edelweiss-panorama.ch\/wp-content\/uploads\/2020\/04\/Untitled-design-1-1.png","width":1080,"height":1080,"caption":"Edelweiss Panorama International"},"image":{"@id":"https:\/\/edelweiss-panorama.ch\/fr\/#\/schema\/logo\/image\/"},"sameAs":["https:\/\/www.facebook.com\/edelweisspanorama","https:\/\/x.com\/EPI_Swiss"]},{"@type":"Person","@id":"https:\/\/edelweiss-panorama.ch\/fr\/#\/schema\/person\/40f339557f1e3168761bba6377cb0829","name":"Fr\u00e9d\u00e9ric Tatu","image":{"@type":"ImageObject","inLanguage":"fr-FR","@id":"https:\/\/secure.gravatar.com\/avatar\/0fe323859f18731575cc1727306a418c1c06adb036da08a42ad58ee43321377e?s=96&d=mm&r=g","url":"https:\/\/secure.gravatar.com\/avatar\/0fe323859f18731575cc1727306a418c1c06adb036da08a42ad58ee43321377e?s=96&d=mm&r=g","contentUrl":"https:\/\/secure.gravatar.com\/avatar\/0fe323859f18731575cc1727306a418c1c06adb036da08a42ad58ee43321377e?s=96&d=mm&r=g","caption":"Frederic Tatu"}}]}},"_links":{"self":[{"href":"https:\/\/edelweiss-panorama.ch\/fr\/wp-json\/wp\/v2\/posts\/48354","targetHints":{"allow":["GET"]}}],"collection":[{"href":"https:\/\/edelweiss-panorama.ch\/fr\/wp-json\/wp\/v2\/posts"}],"about":[{"href":"https:\/\/edelweiss-panorama.ch\/fr\/wp-json\/wp\/v2\/types\/post"}],"author":[{"embeddable":true,"href":"https:\/\/edelweiss-panorama.ch\/fr\/wp-json\/wp\/v2\/users\/10"}],"replies":[{"embeddable":true,"href":"https:\/\/edelweiss-panorama.ch\/fr\/wp-json\/wp\/v2\/comments?post=48354"}],"version-history":[{"count":0,"href":"https:\/\/edelweiss-panorama.ch\/fr\/wp-json\/wp\/v2\/posts\/48354\/revisions"}],"wp:featuredmedia":[{"embeddable":true,"href":"https:\/\/edelweiss-panorama.ch\/fr\/wp-json\/wp\/v2\/media\/48349"}],"wp:attachment":[{"href":"https:\/\/edelweiss-panorama.ch\/fr\/wp-json\/wp\/v2\/media?parent=48354"}],"wp:term":[{"taxonomy":"category","embeddable":true,"href":"https:\/\/edelweiss-panorama.ch\/fr\/wp-json\/wp\/v2\/categories?post=48354"},{"taxonomy":"post_tag","embeddable":true,"href":"https:\/\/edelweiss-panorama.ch\/fr\/wp-json\/wp\/v2\/tags?post=48354"}],"curies":[{"name":"wp","href":"https:\/\/api.w.org\/{rel}","templated":true}]}}