{"id":48631,"date":"2025-09-12T16:45:08","date_gmt":"2025-09-12T14:45:08","guid":{"rendered":"https:\/\/edelweiss-panorama.ch\/champittet-college-celebrates-global-unity-with-vibrant-first-international-day\/"},"modified":"2025-09-12T16:45:08","modified_gmt":"2025-09-12T14:45:08","slug":"le-champittet-college-celebre-lunite-mondiale-avec-une-vibrante-premiere-journee-internationale","status":"publish","type":"post","link":"https:\/\/edelweiss-panorama.ch\/fr\/champittet-college-celebrates-global-unity-with-vibrant-first-international-day\/","title":{"rendered":"Le coll\u00e8ge Champittet c\u00e9l\u00e8bre l'unit\u00e9 mondiale avec une premi\u00e8re journ\u00e9e internationale pleine de vitalit\u00e9"},"content":{"rendered":"<p>The [Coll\u00e8ge Champittet](https:\/\/edelweiss-panorama.ch\/champittet-college\/) community recently came together to celebrate its rich multicultural identity with its inaugural International Day. Organized by APEC, the school&#8217;s Parent Association, the event on Friday, August 22nd, was a vibrant showcase of the over 50 nationalities represented within the student body. The day was filled with color, music, and pride as students, staff, and parents adorned traditional clothing representing their home countries. A particular highlight was the primary school parade, where young students joyfully danced to world rhythms, setting a festive tone for the celebrations. The campus was transformed into a global stage, with culinary specialities and music from across the globe proudly on display, beautifully illustrating the school&#8217;s commitment to its **international** ethos.<\/p>\n<p>In the afternoon, the festivities moved to the football pitch, which had been creatively converted into an *immersive* international village. Secondary and boarding students took enthusiastic ownership of approximately 20 country-specific stands. At these interactive stations, they shared their cultural heritage through traditional games and samples of local cuisine, offering a hands-on learning experience for all. Younger students embarked on a global &#8216;journey,&#8217; collecting stamps in their special International Day passports by engaging with each stand and answering fun quizzes. This event, held following the traditional back-to-school barbecue, served as a perfect welcome for new families. It underscored the vital role of APEC in strengthening the [Coll\u00e8ge Champittet](https:\/\/edelweiss-panorama.ch\/champittet-college\/) community by building bridges between students, families, and school leadership through a wide array of activities throughout the year.<\/p>\n<p><img decoding=\"async\" src=\"\/wp-content\/uploads\/2025\/09\/Champittet-College-Celebrates-Global-Unity-with-Vibrant-First-International-Day-2025-09-12T144436.376Z.jpeg\" \/><img decoding=\"async\" src=\"\/wp-content\/uploads\/2025\/09\/Champittet-College-Celebrates-Global-Unity-with-Vibrant-First-International-Day-2025-09-12T144439.857Z.jpeg\" \/><img decoding=\"async\" src=\"\/wp-content\/uploads\/2025\/09\/Champittet-College-Celebrates-Global-Unity-with-Vibrant-First-International-Day-2025-09-12T144443.509Z.jpeg\" \/><img decoding=\"async\" src=\"\/wp-content\/uploads\/2025\/09\/Champittet-College-Celebrates-Global-Unity-with-Vibrant-First-International-Day-2025-09-12T144446.207Z.jpeg\" \/><img decoding=\"async\" src=\"\/wp-content\/uploads\/2025\/09\/Champittet-College-Celebrates-Global-Unity-with-Vibrant-First-International-Day-2025-09-12T144449.003Z.jpeg\" \/><img decoding=\"async\" src=\"\/wp-content\/uploads\/2025\/09\/Champittet-College-Celebrates-Global-Unity-with-Vibrant-First-International-Day-2025-09-12T144452.674Z.jpeg\" \/><img decoding=\"async\" src=\"\/wp-content\/uploads\/2025\/09\/Champittet-College-Celebrates-Global-Unity-with-Vibrant-First-International-Day-2025-09-12T144455.512Z.jpeg\" \/><img decoding=\"async\" src=\"\/wp-content\/uploads\/2025\/09\/Champittet-College-Celebrates-Global-Unity-with-Vibrant-First-International-Day-2025-09-12T144459.495Z.jpeg\" \/><img decoding=\"async\" src=\"\/wp-content\/uploads\/2025\/09\/Champittet-College-Celebrates-Global-Unity-with-Vibrant-First-International-Day-2025-09-12T144502.416Z.jpeg\" \/><img decoding=\"async\" src=\"\/wp-content\/uploads\/2025\/09\/Champittet-College-Celebrates-Global-Unity-with-Vibrant-First-International-Day-2025-09-12T144506.056Z.jpeg\" \/><\/p>\n","protected":false},"excerpt":{"rendered":"<p>Le Coll\u00e8ge Champittet a lanc\u00e9 avec succ\u00e8s sa premi\u00e8re Journ\u00e9e internationale, un \u00e9v\u00e9nement dynamique organis\u00e9 par l'APEC qui a c\u00e9l\u00e9br\u00e9 la diversit\u00e9 de la communaut\u00e9 de l'\u00e9cole \u00e0 travers des expositions culturelles, un d\u00e9fil\u00e9, un village international interactif, et a soulign\u00e9 le r\u00f4le cl\u00e9 de l'association des parents d'\u00e9l\u00e8ves dans la promotion de l'unit\u00e9 et de l'esprit de l'\u00e9cole.<\/p>","protected":false},"author":10,"featured_media":48620,"comment_status":"open","ping_status":"open","sticky":false,"template":"","format":"standard","meta":{"footnotes":""},"categories":[13],"tags":[360],"class_list":["post-48631","post","type-post","status-publish","format-standard","has-post-thumbnail","hentry","category-education","tag-champittet-college"],"yoast_head":"<!-- This site is optimized with the Yoast SEO plugin v27.5 - https:\/\/yoast.com\/product\/yoast-seo-wordpress\/ -->\n<title>Champittet College Celebrates Global Unity with Vibrant First International Day - Edelweiss Panorama International<\/title>\n<meta name=\"robots\" content=\"index, follow, max-snippet:-1, max-image-preview:large, max-video-preview:-1\" \/>\n<link rel=\"canonical\" href=\"https:\/\/edelweiss-panorama.ch\/fr\/le-champittet-college-celebre-lunite-mondiale-avec-une-vibrante-premiere-journee-internationale\/\" \/>\n<meta property=\"og:locale\" content=\"fr_FR\" \/>\n<meta property=\"og:type\" content=\"article\" \/>\n<meta property=\"og:title\" content=\"Champittet College Celebrates Global Unity with Vibrant First International Day - Edelweiss Panorama International\" \/>\n<meta property=\"og:description\" content=\"Coll\u00e8ge Champittet successfully launched its first International Day, a vibrant event organized by APEC that celebrated the school&#039;s diverse community through cultural displays, a parade, an interactive international village, and highlighted the parent association&#039;s key role in fostering unity and school spirit.\" \/>\n<meta property=\"og:url\" content=\"https:\/\/edelweiss-panorama.ch\/fr\/le-champittet-college-celebre-lunite-mondiale-avec-une-vibrante-premiere-journee-internationale\/\" \/>\n<meta property=\"og:site_name\" content=\"Edelweiss Panorama International\" \/>\n<meta property=\"article:publisher\" content=\"https:\/\/www.facebook.com\/edelweisspanorama\" \/>\n<meta property=\"article:published_time\" content=\"2025-09-12T14:45:08+00:00\" \/>\n<meta name=\"author\" content=\"Frederic Tatu\" \/>\n<meta name=\"twitter:card\" content=\"summary_large_image\" \/>\n<meta name=\"twitter:creator\" content=\"@EPI_Swiss\" \/>\n<meta name=\"twitter:site\" content=\"@EPI_Swiss\" \/>\n<meta name=\"twitter:label1\" content=\"\u00c9crit par\" \/>\n\t<meta name=\"twitter:data1\" content=\"Frederic Tatu\" \/>\n\t<meta name=\"twitter:label2\" content=\"Dur\u00e9e de lecture estim\u00e9e\" \/>\n\t<meta name=\"twitter:data2\" content=\"1 minute\" \/>\n<script type=\"application\/ld+json\" class=\"yoast-schema-graph\">{\"@context\":\"https:\\\/\\\/schema.org\",\"@graph\":[{\"@type\":\"Article\",\"@id\":\"https:\\\/\\\/edelweiss-panorama.ch\\\/champittet-college-celebrates-global-unity-with-vibrant-first-international-day\\\/#article\",\"isPartOf\":{\"@id\":\"https:\\\/\\\/edelweiss-panorama.ch\\\/champittet-college-celebrates-global-unity-with-vibrant-first-international-day\\\/\"},\"author\":{\"name\":\"Frederic Tatu\",\"@id\":\"https:\\\/\\\/edelweiss-panorama.ch\\\/fr\\\/#\\\/schema\\\/person\\\/40f339557f1e3168761bba6377cb0829\"},\"headline\":\"Champittet College Celebrates Global Unity with Vibrant First International Day\",\"datePublished\":\"2025-09-12T14:45:08+00:00\",\"mainEntityOfPage\":{\"@id\":\"https:\\\/\\\/edelweiss-panorama.ch\\\/champittet-college-celebrates-global-unity-with-vibrant-first-international-day\\\/\"},\"wordCount\":265,\"commentCount\":0,\"publisher\":{\"@id\":\"https:\\\/\\\/edelweiss-panorama.ch\\\/fr\\\/#organization\"},\"image\":{\"@id\":\"https:\\\/\\\/edelweiss-panorama.ch\\\/champittet-college-celebrates-global-unity-with-vibrant-first-international-day\\\/#primaryimage\"},\"thumbnailUrl\":\"https:\\\/\\\/edelweiss-panorama.ch\\\/wp-content\\\/uploads\\\/2025\\\/09\\\/Champittet-College-Celebrates-Global-Unity-with-Vibrant-First-International-Day-2025-09-12T144433.397Z.jpg\",\"keywords\":[\"Coll\u00e8ge Champittet\"],\"articleSection\":[\"Education\"],\"inLanguage\":\"fr-FR\",\"potentialAction\":[{\"@type\":\"CommentAction\",\"name\":\"Comment\",\"target\":[\"https:\\\/\\\/edelweiss-panorama.ch\\\/champittet-college-celebrates-global-unity-with-vibrant-first-international-day\\\/#respond\"]}]},{\"@type\":\"WebPage\",\"@id\":\"https:\\\/\\\/edelweiss-panorama.ch\\\/champittet-college-celebrates-global-unity-with-vibrant-first-international-day\\\/\",\"url\":\"https:\\\/\\\/edelweiss-panorama.ch\\\/champittet-college-celebrates-global-unity-with-vibrant-first-international-day\\\/\",\"name\":\"Champittet College Celebrates Global Unity with Vibrant First International Day - Edelweiss Panorama International\",\"isPartOf\":{\"@id\":\"https:\\\/\\\/edelweiss-panorama.ch\\\/fr\\\/#website\"},\"primaryImageOfPage\":{\"@id\":\"https:\\\/\\\/edelweiss-panorama.ch\\\/champittet-college-celebrates-global-unity-with-vibrant-first-international-day\\\/#primaryimage\"},\"image\":{\"@id\":\"https:\\\/\\\/edelweiss-panorama.ch\\\/champittet-college-celebrates-global-unity-with-vibrant-first-international-day\\\/#primaryimage\"},\"thumbnailUrl\":\"https:\\\/\\\/edelweiss-panorama.ch\\\/wp-content\\\/uploads\\\/2025\\\/09\\\/Champittet-College-Celebrates-Global-Unity-with-Vibrant-First-International-Day-2025-09-12T144433.397Z.jpg\",\"datePublished\":\"2025-09-12T14:45:08+00:00\",\"breadcrumb\":{\"@id\":\"https:\\\/\\\/edelweiss-panorama.ch\\\/champittet-college-celebrates-global-unity-with-vibrant-first-international-day\\\/#breadcrumb\"},\"inLanguage\":\"fr-FR\",\"potentialAction\":[{\"@type\":\"ReadAction\",\"target\":[\"https:\\\/\\\/edelweiss-panorama.ch\\\/champittet-college-celebrates-global-unity-with-vibrant-first-international-day\\\/\"]}]},{\"@type\":\"ImageObject\",\"inLanguage\":\"fr-FR\",\"@id\":\"https:\\\/\\\/edelweiss-panorama.ch\\\/champittet-college-celebrates-global-unity-with-vibrant-first-international-day\\\/#primaryimage\",\"url\":\"https:\\\/\\\/edelweiss-panorama.ch\\\/wp-content\\\/uploads\\\/2025\\\/09\\\/Champittet-College-Celebrates-Global-Unity-with-Vibrant-First-International-Day-2025-09-12T144433.397Z.jpg\",\"contentUrl\":\"https:\\\/\\\/edelweiss-panorama.ch\\\/wp-content\\\/uploads\\\/2025\\\/09\\\/Champittet-College-Celebrates-Global-Unity-with-Vibrant-First-International-Day-2025-09-12T144433.397Z.jpg\",\"width\":887,\"height\":499},{\"@type\":\"BreadcrumbList\",\"@id\":\"https:\\\/\\\/edelweiss-panorama.ch\\\/champittet-college-celebrates-global-unity-with-vibrant-first-international-day\\\/#breadcrumb\",\"itemListElement\":[{\"@type\":\"ListItem\",\"position\":1,\"name\":\"Home\",\"item\":\"https:\\\/\\\/edelweiss-panorama.ch\\\/\"},{\"@type\":\"ListItem\",\"position\":2,\"name\":\"Champittet College Celebrates Global Unity with Vibrant First International Day\"}]},{\"@type\":\"WebSite\",\"@id\":\"https:\\\/\\\/edelweiss-panorama.ch\\\/fr\\\/#website\",\"url\":\"https:\\\/\\\/edelweiss-panorama.ch\\\/fr\\\/\",\"name\":\"Edelweiss Panorama International\",\"description\":\"Allows you to live and thrive every corner of the world.\",\"publisher\":{\"@id\":\"https:\\\/\\\/edelweiss-panorama.ch\\\/fr\\\/#organization\"},\"potentialAction\":[{\"@type\":\"SearchAction\",\"target\":{\"@type\":\"EntryPoint\",\"urlTemplate\":\"https:\\\/\\\/edelweiss-panorama.ch\\\/fr\\\/?s={search_term_string}\"},\"query-input\":{\"@type\":\"PropertyValueSpecification\",\"valueRequired\":true,\"valueName\":\"search_term_string\"}}],\"inLanguage\":\"fr-FR\"},{\"@type\":\"Organization\",\"@id\":\"https:\\\/\\\/edelweiss-panorama.ch\\\/fr\\\/#organization\",\"name\":\"Edelweiss Panorama International\",\"url\":\"https:\\\/\\\/edelweiss-panorama.ch\\\/fr\\\/\",\"logo\":{\"@type\":\"ImageObject\",\"inLanguage\":\"fr-FR\",\"@id\":\"https:\\\/\\\/edelweiss-panorama.ch\\\/fr\\\/#\\\/schema\\\/logo\\\/image\\\/\",\"url\":\"https:\\\/\\\/edelweiss-panorama.ch\\\/wp-content\\\/uploads\\\/2020\\\/04\\\/Untitled-design-1-1.png\",\"contentUrl\":\"https:\\\/\\\/edelweiss-panorama.ch\\\/wp-content\\\/uploads\\\/2020\\\/04\\\/Untitled-design-1-1.png\",\"width\":1080,\"height\":1080,\"caption\":\"Edelweiss Panorama International\"},\"image\":{\"@id\":\"https:\\\/\\\/edelweiss-panorama.ch\\\/fr\\\/#\\\/schema\\\/logo\\\/image\\\/\"},\"sameAs\":[\"https:\\\/\\\/www.facebook.com\\\/edelweisspanorama\",\"https:\\\/\\\/x.com\\\/EPI_Swiss\"]},{\"@type\":\"Person\",\"@id\":\"https:\\\/\\\/edelweiss-panorama.ch\\\/fr\\\/#\\\/schema\\\/person\\\/40f339557f1e3168761bba6377cb0829\",\"name\":\"Frederic Tatu\",\"image\":{\"@type\":\"ImageObject\",\"inLanguage\":\"fr-FR\",\"@id\":\"https:\\\/\\\/secure.gravatar.com\\\/avatar\\\/0fe323859f18731575cc1727306a418c1c06adb036da08a42ad58ee43321377e?s=96&d=mm&r=g\",\"url\":\"https:\\\/\\\/secure.gravatar.com\\\/avatar\\\/0fe323859f18731575cc1727306a418c1c06adb036da08a42ad58ee43321377e?s=96&d=mm&r=g\",\"contentUrl\":\"https:\\\/\\\/secure.gravatar.com\\\/avatar\\\/0fe323859f18731575cc1727306a418c1c06adb036da08a42ad58ee43321377e?s=96&d=mm&r=g\",\"caption\":\"Frederic Tatu\"}}]}<\/script>\n<!-- \/ Yoast SEO plugin. -->","yoast_head_json":{"title":"Champittet College c\u00e9l\u00e8bre l'unit\u00e9 mondiale avec une premi\u00e8re journ\u00e9e internationale dynamique - Edelweiss Panorama International","robots":{"index":"index","follow":"follow","max-snippet":"max-snippet:-1","max-image-preview":"max-image-preview:large","max-video-preview":"max-video-preview:-1"},"canonical":"https:\/\/edelweiss-panorama.ch\/fr\/le-champittet-college-celebre-lunite-mondiale-avec-une-vibrante-premiere-journee-internationale\/","og_locale":"fr_FR","og_type":"article","og_title":"Champittet College Celebrates Global Unity with Vibrant First International Day - Edelweiss Panorama International","og_description":"Coll\u00e8ge Champittet successfully launched its first International Day, a vibrant event organized by APEC that celebrated the school's diverse community through cultural displays, a parade, an interactive international village, and highlighted the parent association's key role in fostering unity and school spirit.","og_url":"https:\/\/edelweiss-panorama.ch\/fr\/le-champittet-college-celebre-lunite-mondiale-avec-une-vibrante-premiere-journee-internationale\/","og_site_name":"Edelweiss Panorama International","article_publisher":"https:\/\/www.facebook.com\/edelweisspanorama","article_published_time":"2025-09-12T14:45:08+00:00","author":"Frederic Tatu","twitter_card":"summary_large_image","twitter_creator":"@EPI_Swiss","twitter_site":"@EPI_Swiss","twitter_misc":{"\u00c9crit par":"Frederic Tatu","Dur\u00e9e de lecture estim\u00e9e":"1 minute"},"schema":{"@context":"https:\/\/schema.org","@graph":[{"@type":"Article","@id":"https:\/\/edelweiss-panorama.ch\/champittet-college-celebrates-global-unity-with-vibrant-first-international-day\/#article","isPartOf":{"@id":"https:\/\/edelweiss-panorama.ch\/champittet-college-celebrates-global-unity-with-vibrant-first-international-day\/"},"author":{"name":"Frederic Tatu","@id":"https:\/\/edelweiss-panorama.ch\/fr\/#\/schema\/person\/40f339557f1e3168761bba6377cb0829"},"headline":"Champittet College Celebrates Global Unity with Vibrant First International Day","datePublished":"2025-09-12T14:45:08+00:00","mainEntityOfPage":{"@id":"https:\/\/edelweiss-panorama.ch\/champittet-college-celebrates-global-unity-with-vibrant-first-international-day\/"},"wordCount":265,"commentCount":0,"publisher":{"@id":"https:\/\/edelweiss-panorama.ch\/fr\/#organization"},"image":{"@id":"https:\/\/edelweiss-panorama.ch\/champittet-college-celebrates-global-unity-with-vibrant-first-international-day\/#primaryimage"},"thumbnailUrl":"https:\/\/edelweiss-panorama.ch\/wp-content\/uploads\/2025\/09\/Champittet-College-Celebrates-Global-Unity-with-Vibrant-First-International-Day-2025-09-12T144433.397Z.jpg","keywords":["Coll\u00e8ge Champittet"],"articleSection":["Education"],"inLanguage":"fr-FR","potentialAction":[{"@type":"CommentAction","name":"Comment","target":["https:\/\/edelweiss-panorama.ch\/champittet-college-celebrates-global-unity-with-vibrant-first-international-day\/#respond"]}]},{"@type":"WebPage","@id":"https:\/\/edelweiss-panorama.ch\/champittet-college-celebrates-global-unity-with-vibrant-first-international-day\/","url":"https:\/\/edelweiss-panorama.ch\/champittet-college-celebrates-global-unity-with-vibrant-first-international-day\/","name":"Champittet College c\u00e9l\u00e8bre l'unit\u00e9 mondiale avec une premi\u00e8re journ\u00e9e internationale dynamique - Edelweiss Panorama International","isPartOf":{"@id":"https:\/\/edelweiss-panorama.ch\/fr\/#website"},"primaryImageOfPage":{"@id":"https:\/\/edelweiss-panorama.ch\/champittet-college-celebrates-global-unity-with-vibrant-first-international-day\/#primaryimage"},"image":{"@id":"https:\/\/edelweiss-panorama.ch\/champittet-college-celebrates-global-unity-with-vibrant-first-international-day\/#primaryimage"},"thumbnailUrl":"https:\/\/edelweiss-panorama.ch\/wp-content\/uploads\/2025\/09\/Champittet-College-Celebrates-Global-Unity-with-Vibrant-First-International-Day-2025-09-12T144433.397Z.jpg","datePublished":"2025-09-12T14:45:08+00:00","breadcrumb":{"@id":"https:\/\/edelweiss-panorama.ch\/champittet-college-celebrates-global-unity-with-vibrant-first-international-day\/#breadcrumb"},"inLanguage":"fr-FR","potentialAction":[{"@type":"ReadAction","target":["https:\/\/edelweiss-panorama.ch\/champittet-college-celebrates-global-unity-with-vibrant-first-international-day\/"]}]},{"@type":"ImageObject","inLanguage":"fr-FR","@id":"https:\/\/edelweiss-panorama.ch\/champittet-college-celebrates-global-unity-with-vibrant-first-international-day\/#primaryimage","url":"https:\/\/edelweiss-panorama.ch\/wp-content\/uploads\/2025\/09\/Champittet-College-Celebrates-Global-Unity-with-Vibrant-First-International-Day-2025-09-12T144433.397Z.jpg","contentUrl":"https:\/\/edelweiss-panorama.ch\/wp-content\/uploads\/2025\/09\/Champittet-College-Celebrates-Global-Unity-with-Vibrant-First-International-Day-2025-09-12T144433.397Z.jpg","width":887,"height":499},{"@type":"BreadcrumbList","@id":"https:\/\/edelweiss-panorama.ch\/champittet-college-celebrates-global-unity-with-vibrant-first-international-day\/#breadcrumb","itemListElement":[{"@type":"ListItem","position":1,"name":"Home","item":"https:\/\/edelweiss-panorama.ch\/"},{"@type":"ListItem","position":2,"name":"Champittet College Celebrates Global Unity with Vibrant First International Day"}]},{"@type":"WebSite","@id":"https:\/\/edelweiss-panorama.ch\/fr\/#website","url":"https:\/\/edelweiss-panorama.ch\/fr\/","name":"Edelweiss Panorama International","description":"Il vous permet de vivre et de prosp\u00e9rer aux quatre coins du monde.","publisher":{"@id":"https:\/\/edelweiss-panorama.ch\/fr\/#organization"},"potentialAction":[{"@type":"SearchAction","target":{"@type":"EntryPoint","urlTemplate":"https:\/\/edelweiss-panorama.ch\/fr\/?s={search_term_string}"},"query-input":{"@type":"PropertyValueSpecification","valueRequired":true,"valueName":"search_term_string"}}],"inLanguage":"fr-FR"},{"@type":"Organization","@id":"https:\/\/edelweiss-panorama.ch\/fr\/#organization","name":"Edelweiss Panorama International","url":"https:\/\/edelweiss-panorama.ch\/fr\/","logo":{"@type":"ImageObject","inLanguage":"fr-FR","@id":"https:\/\/edelweiss-panorama.ch\/fr\/#\/schema\/logo\/image\/","url":"https:\/\/edelweiss-panorama.ch\/wp-content\/uploads\/2020\/04\/Untitled-design-1-1.png","contentUrl":"https:\/\/edelweiss-panorama.ch\/wp-content\/uploads\/2020\/04\/Untitled-design-1-1.png","width":1080,"height":1080,"caption":"Edelweiss Panorama International"},"image":{"@id":"https:\/\/edelweiss-panorama.ch\/fr\/#\/schema\/logo\/image\/"},"sameAs":["https:\/\/www.facebook.com\/edelweisspanorama","https:\/\/x.com\/EPI_Swiss"]},{"@type":"Person","@id":"https:\/\/edelweiss-panorama.ch\/fr\/#\/schema\/person\/40f339557f1e3168761bba6377cb0829","name":"Fr\u00e9d\u00e9ric Tatu","image":{"@type":"ImageObject","inLanguage":"fr-FR","@id":"https:\/\/secure.gravatar.com\/avatar\/0fe323859f18731575cc1727306a418c1c06adb036da08a42ad58ee43321377e?s=96&d=mm&r=g","url":"https:\/\/secure.gravatar.com\/avatar\/0fe323859f18731575cc1727306a418c1c06adb036da08a42ad58ee43321377e?s=96&d=mm&r=g","contentUrl":"https:\/\/secure.gravatar.com\/avatar\/0fe323859f18731575cc1727306a418c1c06adb036da08a42ad58ee43321377e?s=96&d=mm&r=g","caption":"Frederic Tatu"}}]}},"_links":{"self":[{"href":"https:\/\/edelweiss-panorama.ch\/fr\/wp-json\/wp\/v2\/posts\/48631","targetHints":{"allow":["GET"]}}],"collection":[{"href":"https:\/\/edelweiss-panorama.ch\/fr\/wp-json\/wp\/v2\/posts"}],"about":[{"href":"https:\/\/edelweiss-panorama.ch\/fr\/wp-json\/wp\/v2\/types\/post"}],"author":[{"embeddable":true,"href":"https:\/\/edelweiss-panorama.ch\/fr\/wp-json\/wp\/v2\/users\/10"}],"replies":[{"embeddable":true,"href":"https:\/\/edelweiss-panorama.ch\/fr\/wp-json\/wp\/v2\/comments?post=48631"}],"version-history":[{"count":0,"href":"https:\/\/edelweiss-panorama.ch\/fr\/wp-json\/wp\/v2\/posts\/48631\/revisions"}],"wp:featuredmedia":[{"embeddable":true,"href":"https:\/\/edelweiss-panorama.ch\/fr\/wp-json\/wp\/v2\/media\/48620"}],"wp:attachment":[{"href":"https:\/\/edelweiss-panorama.ch\/fr\/wp-json\/wp\/v2\/media?parent=48631"}],"wp:term":[{"taxonomy":"category","embeddable":true,"href":"https:\/\/edelweiss-panorama.ch\/fr\/wp-json\/wp\/v2\/categories?post=48631"},{"taxonomy":"post_tag","embeddable":true,"href":"https:\/\/edelweiss-panorama.ch\/fr\/wp-json\/wp\/v2\/tags?post=48631"}],"curies":[{"name":"wp","href":"https:\/\/api.w.org\/{rel}","templated":true}]}}