{"id":48673,"date":"2025-09-14T12:24:14","date_gmt":"2025-09-14T10:24:14","guid":{"rendered":"https:\/\/edelweiss-panorama.ch\/college-champittet-unveils-major-campus-renovations-for-an-enhanced-learning-experience\/"},"modified":"2025-09-14T12:24:14","modified_gmt":"2025-09-14T10:24:14","slug":"le-college-champittet-inaugure-dimportants-travaux-de-renovation-sur-le-campus-pour-une-experience-dapprentissage-amelioree","status":"publish","type":"post","link":"https:\/\/edelweiss-panorama.ch\/fr\/college-champittet-unveils-major-campus-renovations-for-an-enhanced-learning-experience\/","title":{"rendered":"Le Coll\u00e8ge Champittet inaugure d'importants travaux de r\u00e9novation de son campus pour une meilleure exp\u00e9rience d'apprentissage"},"content":{"rendered":"<p>The summer break at [Coll\u00e8ge Champittet](https:\/\/edelweiss-panorama.ch\/champittet-college\/) was a period of significant transformation, with the school&#8217;s facilities and operations team executing a comprehensive campus makeover. The most prominent and exciting development is the inauguration of The Village, a brand-new Early Years Centre. This landmark project represents the first major campus expansion in 16 years and has been meticulously designed to cater to students aged 3 to 6. The environment fosters safe, play-based learning, creating a stimulating and nurturing foundation for the youngest members of the school community. Beyond this flagship project, the scope of the summer renovations was extensive. A total of ten secondary classrooms were completely modernized, with plans already confirmed to renovate an additional twelve in the near future. This commitment ensures a contemporary and conducive learning atmosphere for older students. Furthermore, the main corridors and student toilet facilities throughout the campus have been refreshed, contributing to a brighter and more welcoming overall environment for everyone. Even the core infrastructure saw important upgrades, including a substantial overhaul of the electrical system to support the school&#8217;s evolving needs.<\/p>\n<p>The enhancements extended beyond academic spaces to significantly improve student life. Boarders returned to find renovated bedrooms within the boarding house, offering a more comfortable and updated living experience. Practical additions were also a key focus of the summer works. Recognizing the needs of the community, the school installed 50 new covered bicycle parking spaces, promoting sustainable travel. Behind the scenes, operational efficiency received a boost with the installation of a new dish-washing tunnel in the main restaurant and upgraded water piping systems. The administrative and academic staff, along with students, will benefit from brand-new photocopiers, streamlining day-to-day functions. Looking ahead, [Coll\u00e8ge Champittet](https:\/\/edelweiss-panorama.ch\/champittet-college\/) continues its forward-thinking approach with plans to equip The Village with *solar panels*. This initiative underscores the school&#8217;s dedication to sustainability and reducing its *carbon footprint*, serving as a practical, educational example of renewable energy in action for its students. These collective efforts demonstrate a profound commitment to providing a top-tier, modern, and responsible educational environment.<\/p>\n<p><img decoding=\"async\" src=\"\/wp-content\/uploads\/2025\/09\/College-Champittet-Unveils-Major-Campus-Renovations-for-an-Enhanced-Learning-Experience-2025-09-14T102335.669Z.jpeg\" \/><img decoding=\"async\" src=\"\/wp-content\/uploads\/2025\/09\/College-Champittet-Unveils-Major-Campus-Renovations-for-an-Enhanced-Learning-Experience-2025-09-14T102340.182Z.jpeg\" \/><img decoding=\"async\" src=\"\/wp-content\/uploads\/2025\/09\/College-Champittet-Unveils-Major-Campus-Renovations-for-an-Enhanced-Learning-Experience-2025-09-14T102345.403Z.jpeg\" \/><img decoding=\"async\" src=\"\/wp-content\/uploads\/2025\/09\/College-Champittet-Unveils-Major-Campus-Renovations-for-an-Enhanced-Learning-Experience-2025-09-14T102349.646Z.jpeg\" \/><img decoding=\"async\" src=\"\/wp-content\/uploads\/2025\/09\/College-Champittet-Unveils-Major-Campus-Renovations-for-an-Enhanced-Learning-Experience-2025-09-14T102355.237Z.jpeg\" \/><img decoding=\"async\" src=\"\/wp-content\/uploads\/2025\/09\/College-Champittet-Unveils-Major-Campus-Renovations-for-an-Enhanced-Learning-Experience-2025-09-14T102358.960Z.jpeg\" \/><img decoding=\"async\" src=\"\/wp-content\/uploads\/2025\/09\/College-Champittet-Unveils-Major-Campus-Renovations-for-an-Enhanced-Learning-Experience-2025-09-14T102403.468Z.jpeg\" \/><img decoding=\"async\" src=\"\/wp-content\/uploads\/2025\/09\/College-Champittet-Unveils-Major-Campus-Renovations-for-an-Enhanced-Learning-Experience-2025-09-14T102407.279Z.jpeg\" \/><img decoding=\"async\" src=\"\/wp-content\/uploads\/2025\/09\/College-Champittet-Unveils-Major-Campus-Renovations-for-an-Enhanced-Learning-Experience-2025-09-14T102411.034Z.jpeg\" \/><\/p>\n","protected":false},"excerpt":{"rendered":"<p>Le Coll\u00e8ge Champittet a achev\u00e9 avec succ\u00e8s un important projet de r\u00e9novation estivale, marqu\u00e9 par la nouvelle salle de classe. <strong>Village<\/strong> Le centre de la petite enfance et les salles de classe du secondaire ont \u00e9t\u00e9 modernis\u00e9s, tout comme les internats, les infrastructures et les \u00e9quipements durables, ce qui a permis d'am\u00e9liorer l'exp\u00e9rience des \u00e9l\u00e8ves et d'illustrer notre engagement en faveur d'une \u00e9ducation pr\u00eate pour l'avenir.<\/p>","protected":false},"author":10,"featured_media":48663,"comment_status":"open","ping_status":"open","sticky":false,"template":"","format":"standard","meta":{"footnotes":""},"categories":[13],"tags":[360],"class_list":["post-48673","post","type-post","status-publish","format-standard","has-post-thumbnail","hentry","category-education","tag-champittet-college"],"yoast_head":"<!-- This site is optimized with the Yoast SEO plugin v27.5 - https:\/\/yoast.com\/product\/yoast-seo-wordpress\/ -->\n<title>Coll\u00e8ge Champittet Unveils Major Campus Renovations for an Enhanced Learning Experience - Edelweiss Panorama International<\/title>\n<meta name=\"robots\" content=\"index, follow, max-snippet:-1, max-image-preview:large, max-video-preview:-1\" \/>\n<link rel=\"canonical\" href=\"https:\/\/edelweiss-panorama.ch\/fr\/le-college-champittet-inaugure-dimportants-travaux-de-renovation-sur-le-campus-pour-une-experience-dapprentissage-amelioree\/\" \/>\n<meta property=\"og:locale\" content=\"fr_FR\" \/>\n<meta property=\"og:type\" content=\"article\" \/>\n<meta property=\"og:title\" content=\"Coll\u00e8ge Champittet Unveils Major Campus Renovations for an Enhanced Learning Experience - Edelweiss Panorama International\" \/>\n<meta property=\"og:description\" content=\"Coll\u00e8ge Champittet has successfully completed a major summer renovation project, highlighted by the new Village Early Years Centre and modernized secondary classrooms, alongside significant upgrades to boarding facilities, infrastructure, and sustainable amenities, all enhancing the student experience and showcasing a commitment to future-ready education.\" \/>\n<meta property=\"og:url\" content=\"https:\/\/edelweiss-panorama.ch\/fr\/le-college-champittet-inaugure-dimportants-travaux-de-renovation-sur-le-campus-pour-une-experience-dapprentissage-amelioree\/\" \/>\n<meta property=\"og:site_name\" content=\"Edelweiss Panorama International\" \/>\n<meta property=\"article:publisher\" content=\"https:\/\/www.facebook.com\/edelweisspanorama\" \/>\n<meta property=\"article:published_time\" content=\"2025-09-14T10:24:14+00:00\" \/>\n<meta name=\"author\" content=\"Frederic Tatu\" \/>\n<meta name=\"twitter:card\" content=\"summary_large_image\" \/>\n<meta name=\"twitter:creator\" content=\"@EPI_Swiss\" \/>\n<meta name=\"twitter:site\" content=\"@EPI_Swiss\" \/>\n<meta name=\"twitter:label1\" content=\"\u00c9crit par\" \/>\n\t<meta name=\"twitter:data1\" content=\"Frederic Tatu\" \/>\n\t<meta name=\"twitter:label2\" content=\"Dur\u00e9e de lecture estim\u00e9e\" \/>\n\t<meta name=\"twitter:data2\" content=\"2 minutes\" \/>\n<script type=\"application\/ld+json\" class=\"yoast-schema-graph\">{\"@context\":\"https:\\\/\\\/schema.org\",\"@graph\":[{\"@type\":\"Article\",\"@id\":\"https:\\\/\\\/edelweiss-panorama.ch\\\/college-champittet-unveils-major-campus-renovations-for-an-enhanced-learning-experience\\\/#article\",\"isPartOf\":{\"@id\":\"https:\\\/\\\/edelweiss-panorama.ch\\\/college-champittet-unveils-major-campus-renovations-for-an-enhanced-learning-experience\\\/\"},\"author\":{\"name\":\"Frederic Tatu\",\"@id\":\"https:\\\/\\\/edelweiss-panorama.ch\\\/fr\\\/#\\\/schema\\\/person\\\/40f339557f1e3168761bba6377cb0829\"},\"headline\":\"Coll\u00e8ge Champittet Unveils Major Campus Renovations for an Enhanced Learning Experience\",\"datePublished\":\"2025-09-14T10:24:14+00:00\",\"mainEntityOfPage\":{\"@id\":\"https:\\\/\\\/edelweiss-panorama.ch\\\/college-champittet-unveils-major-campus-renovations-for-an-enhanced-learning-experience\\\/\"},\"wordCount\":358,\"commentCount\":0,\"publisher\":{\"@id\":\"https:\\\/\\\/edelweiss-panorama.ch\\\/fr\\\/#organization\"},\"image\":{\"@id\":\"https:\\\/\\\/edelweiss-panorama.ch\\\/college-champittet-unveils-major-campus-renovations-for-an-enhanced-learning-experience\\\/#primaryimage\"},\"thumbnailUrl\":\"https:\\\/\\\/edelweiss-panorama.ch\\\/wp-content\\\/uploads\\\/2025\\\/09\\\/College-Champittet-Unveils-Major-Campus-Renovations-for-an-Enhanced-Learning-Experience-2025-09-14T102330.717Z.jpg\",\"keywords\":[\"Coll\u00e8ge Champittet\"],\"articleSection\":[\"Education\"],\"inLanguage\":\"fr-FR\",\"potentialAction\":[{\"@type\":\"CommentAction\",\"name\":\"Comment\",\"target\":[\"https:\\\/\\\/edelweiss-panorama.ch\\\/college-champittet-unveils-major-campus-renovations-for-an-enhanced-learning-experience\\\/#respond\"]}]},{\"@type\":\"WebPage\",\"@id\":\"https:\\\/\\\/edelweiss-panorama.ch\\\/college-champittet-unveils-major-campus-renovations-for-an-enhanced-learning-experience\\\/\",\"url\":\"https:\\\/\\\/edelweiss-panorama.ch\\\/college-champittet-unveils-major-campus-renovations-for-an-enhanced-learning-experience\\\/\",\"name\":\"Coll\u00e8ge Champittet Unveils Major Campus Renovations for an Enhanced Learning Experience - Edelweiss Panorama International\",\"isPartOf\":{\"@id\":\"https:\\\/\\\/edelweiss-panorama.ch\\\/fr\\\/#website\"},\"primaryImageOfPage\":{\"@id\":\"https:\\\/\\\/edelweiss-panorama.ch\\\/college-champittet-unveils-major-campus-renovations-for-an-enhanced-learning-experience\\\/#primaryimage\"},\"image\":{\"@id\":\"https:\\\/\\\/edelweiss-panorama.ch\\\/college-champittet-unveils-major-campus-renovations-for-an-enhanced-learning-experience\\\/#primaryimage\"},\"thumbnailUrl\":\"https:\\\/\\\/edelweiss-panorama.ch\\\/wp-content\\\/uploads\\\/2025\\\/09\\\/College-Champittet-Unveils-Major-Campus-Renovations-for-an-Enhanced-Learning-Experience-2025-09-14T102330.717Z.jpg\",\"datePublished\":\"2025-09-14T10:24:14+00:00\",\"breadcrumb\":{\"@id\":\"https:\\\/\\\/edelweiss-panorama.ch\\\/college-champittet-unveils-major-campus-renovations-for-an-enhanced-learning-experience\\\/#breadcrumb\"},\"inLanguage\":\"fr-FR\",\"potentialAction\":[{\"@type\":\"ReadAction\",\"target\":[\"https:\\\/\\\/edelweiss-panorama.ch\\\/college-champittet-unveils-major-campus-renovations-for-an-enhanced-learning-experience\\\/\"]}]},{\"@type\":\"ImageObject\",\"inLanguage\":\"fr-FR\",\"@id\":\"https:\\\/\\\/edelweiss-panorama.ch\\\/college-champittet-unveils-major-campus-renovations-for-an-enhanced-learning-experience\\\/#primaryimage\",\"url\":\"https:\\\/\\\/edelweiss-panorama.ch\\\/wp-content\\\/uploads\\\/2025\\\/09\\\/College-Champittet-Unveils-Major-Campus-Renovations-for-an-Enhanced-Learning-Experience-2025-09-14T102330.717Z.jpg\",\"contentUrl\":\"https:\\\/\\\/edelweiss-panorama.ch\\\/wp-content\\\/uploads\\\/2025\\\/09\\\/College-Champittet-Unveils-Major-Campus-Renovations-for-an-Enhanced-Learning-Experience-2025-09-14T102330.717Z.jpg\",\"width\":887,\"height\":499},{\"@type\":\"BreadcrumbList\",\"@id\":\"https:\\\/\\\/edelweiss-panorama.ch\\\/college-champittet-unveils-major-campus-renovations-for-an-enhanced-learning-experience\\\/#breadcrumb\",\"itemListElement\":[{\"@type\":\"ListItem\",\"position\":1,\"name\":\"Home\",\"item\":\"https:\\\/\\\/edelweiss-panorama.ch\\\/\"},{\"@type\":\"ListItem\",\"position\":2,\"name\":\"Coll\u00e8ge Champittet Unveils Major Campus Renovations for an Enhanced Learning Experience\"}]},{\"@type\":\"WebSite\",\"@id\":\"https:\\\/\\\/edelweiss-panorama.ch\\\/fr\\\/#website\",\"url\":\"https:\\\/\\\/edelweiss-panorama.ch\\\/fr\\\/\",\"name\":\"Edelweiss Panorama International\",\"description\":\"Allows you to live and thrive every corner of the world.\",\"publisher\":{\"@id\":\"https:\\\/\\\/edelweiss-panorama.ch\\\/fr\\\/#organization\"},\"potentialAction\":[{\"@type\":\"SearchAction\",\"target\":{\"@type\":\"EntryPoint\",\"urlTemplate\":\"https:\\\/\\\/edelweiss-panorama.ch\\\/fr\\\/?s={search_term_string}\"},\"query-input\":{\"@type\":\"PropertyValueSpecification\",\"valueRequired\":true,\"valueName\":\"search_term_string\"}}],\"inLanguage\":\"fr-FR\"},{\"@type\":\"Organization\",\"@id\":\"https:\\\/\\\/edelweiss-panorama.ch\\\/fr\\\/#organization\",\"name\":\"Edelweiss Panorama International\",\"url\":\"https:\\\/\\\/edelweiss-panorama.ch\\\/fr\\\/\",\"logo\":{\"@type\":\"ImageObject\",\"inLanguage\":\"fr-FR\",\"@id\":\"https:\\\/\\\/edelweiss-panorama.ch\\\/fr\\\/#\\\/schema\\\/logo\\\/image\\\/\",\"url\":\"https:\\\/\\\/edelweiss-panorama.ch\\\/wp-content\\\/uploads\\\/2020\\\/04\\\/Untitled-design-1-1.png\",\"contentUrl\":\"https:\\\/\\\/edelweiss-panorama.ch\\\/wp-content\\\/uploads\\\/2020\\\/04\\\/Untitled-design-1-1.png\",\"width\":1080,\"height\":1080,\"caption\":\"Edelweiss Panorama International\"},\"image\":{\"@id\":\"https:\\\/\\\/edelweiss-panorama.ch\\\/fr\\\/#\\\/schema\\\/logo\\\/image\\\/\"},\"sameAs\":[\"https:\\\/\\\/www.facebook.com\\\/edelweisspanorama\",\"https:\\\/\\\/x.com\\\/EPI_Swiss\"]},{\"@type\":\"Person\",\"@id\":\"https:\\\/\\\/edelweiss-panorama.ch\\\/fr\\\/#\\\/schema\\\/person\\\/40f339557f1e3168761bba6377cb0829\",\"name\":\"Frederic Tatu\",\"image\":{\"@type\":\"ImageObject\",\"inLanguage\":\"fr-FR\",\"@id\":\"https:\\\/\\\/secure.gravatar.com\\\/avatar\\\/0fe323859f18731575cc1727306a418c1c06adb036da08a42ad58ee43321377e?s=96&d=mm&r=g\",\"url\":\"https:\\\/\\\/secure.gravatar.com\\\/avatar\\\/0fe323859f18731575cc1727306a418c1c06adb036da08a42ad58ee43321377e?s=96&d=mm&r=g\",\"contentUrl\":\"https:\\\/\\\/secure.gravatar.com\\\/avatar\\\/0fe323859f18731575cc1727306a418c1c06adb036da08a42ad58ee43321377e?s=96&d=mm&r=g\",\"caption\":\"Frederic Tatu\"}}]}<\/script>\n<!-- \/ Yoast SEO plugin. -->","yoast_head_json":{"title":"Le Coll\u00e8ge Champittet inaugure d'importants travaux de r\u00e9novation de son campus pour une meilleure exp\u00e9rience d'apprentissage - Edelweiss Panorama International","robots":{"index":"index","follow":"follow","max-snippet":"max-snippet:-1","max-image-preview":"max-image-preview:large","max-video-preview":"max-video-preview:-1"},"canonical":"https:\/\/edelweiss-panorama.ch\/fr\/le-college-champittet-inaugure-dimportants-travaux-de-renovation-sur-le-campus-pour-une-experience-dapprentissage-amelioree\/","og_locale":"fr_FR","og_type":"article","og_title":"Coll\u00e8ge Champittet Unveils Major Campus Renovations for an Enhanced Learning Experience - Edelweiss Panorama International","og_description":"Coll\u00e8ge Champittet has successfully completed a major summer renovation project, highlighted by the new Village Early Years Centre and modernized secondary classrooms, alongside significant upgrades to boarding facilities, infrastructure, and sustainable amenities, all enhancing the student experience and showcasing a commitment to future-ready education.","og_url":"https:\/\/edelweiss-panorama.ch\/fr\/le-college-champittet-inaugure-dimportants-travaux-de-renovation-sur-le-campus-pour-une-experience-dapprentissage-amelioree\/","og_site_name":"Edelweiss Panorama International","article_publisher":"https:\/\/www.facebook.com\/edelweisspanorama","article_published_time":"2025-09-14T10:24:14+00:00","author":"Frederic Tatu","twitter_card":"summary_large_image","twitter_creator":"@EPI_Swiss","twitter_site":"@EPI_Swiss","twitter_misc":{"\u00c9crit par":"Frederic Tatu","Dur\u00e9e de lecture estim\u00e9e":"2 minutes"},"schema":{"@context":"https:\/\/schema.org","@graph":[{"@type":"Article","@id":"https:\/\/edelweiss-panorama.ch\/college-champittet-unveils-major-campus-renovations-for-an-enhanced-learning-experience\/#article","isPartOf":{"@id":"https:\/\/edelweiss-panorama.ch\/college-champittet-unveils-major-campus-renovations-for-an-enhanced-learning-experience\/"},"author":{"name":"Frederic Tatu","@id":"https:\/\/edelweiss-panorama.ch\/fr\/#\/schema\/person\/40f339557f1e3168761bba6377cb0829"},"headline":"Coll\u00e8ge Champittet Unveils Major Campus Renovations for an Enhanced Learning Experience","datePublished":"2025-09-14T10:24:14+00:00","mainEntityOfPage":{"@id":"https:\/\/edelweiss-panorama.ch\/college-champittet-unveils-major-campus-renovations-for-an-enhanced-learning-experience\/"},"wordCount":358,"commentCount":0,"publisher":{"@id":"https:\/\/edelweiss-panorama.ch\/fr\/#organization"},"image":{"@id":"https:\/\/edelweiss-panorama.ch\/college-champittet-unveils-major-campus-renovations-for-an-enhanced-learning-experience\/#primaryimage"},"thumbnailUrl":"https:\/\/edelweiss-panorama.ch\/wp-content\/uploads\/2025\/09\/College-Champittet-Unveils-Major-Campus-Renovations-for-an-Enhanced-Learning-Experience-2025-09-14T102330.717Z.jpg","keywords":["Coll\u00e8ge Champittet"],"articleSection":["Education"],"inLanguage":"fr-FR","potentialAction":[{"@type":"CommentAction","name":"Comment","target":["https:\/\/edelweiss-panorama.ch\/college-champittet-unveils-major-campus-renovations-for-an-enhanced-learning-experience\/#respond"]}]},{"@type":"WebPage","@id":"https:\/\/edelweiss-panorama.ch\/college-champittet-unveils-major-campus-renovations-for-an-enhanced-learning-experience\/","url":"https:\/\/edelweiss-panorama.ch\/college-champittet-unveils-major-campus-renovations-for-an-enhanced-learning-experience\/","name":"Le Coll\u00e8ge Champittet inaugure d'importants travaux de r\u00e9novation de son campus pour une meilleure exp\u00e9rience d'apprentissage - Edelweiss Panorama International","isPartOf":{"@id":"https:\/\/edelweiss-panorama.ch\/fr\/#website"},"primaryImageOfPage":{"@id":"https:\/\/edelweiss-panorama.ch\/college-champittet-unveils-major-campus-renovations-for-an-enhanced-learning-experience\/#primaryimage"},"image":{"@id":"https:\/\/edelweiss-panorama.ch\/college-champittet-unveils-major-campus-renovations-for-an-enhanced-learning-experience\/#primaryimage"},"thumbnailUrl":"https:\/\/edelweiss-panorama.ch\/wp-content\/uploads\/2025\/09\/College-Champittet-Unveils-Major-Campus-Renovations-for-an-Enhanced-Learning-Experience-2025-09-14T102330.717Z.jpg","datePublished":"2025-09-14T10:24:14+00:00","breadcrumb":{"@id":"https:\/\/edelweiss-panorama.ch\/college-champittet-unveils-major-campus-renovations-for-an-enhanced-learning-experience\/#breadcrumb"},"inLanguage":"fr-FR","potentialAction":[{"@type":"ReadAction","target":["https:\/\/edelweiss-panorama.ch\/college-champittet-unveils-major-campus-renovations-for-an-enhanced-learning-experience\/"]}]},{"@type":"ImageObject","inLanguage":"fr-FR","@id":"https:\/\/edelweiss-panorama.ch\/college-champittet-unveils-major-campus-renovations-for-an-enhanced-learning-experience\/#primaryimage","url":"https:\/\/edelweiss-panorama.ch\/wp-content\/uploads\/2025\/09\/College-Champittet-Unveils-Major-Campus-Renovations-for-an-Enhanced-Learning-Experience-2025-09-14T102330.717Z.jpg","contentUrl":"https:\/\/edelweiss-panorama.ch\/wp-content\/uploads\/2025\/09\/College-Champittet-Unveils-Major-Campus-Renovations-for-an-Enhanced-Learning-Experience-2025-09-14T102330.717Z.jpg","width":887,"height":499},{"@type":"BreadcrumbList","@id":"https:\/\/edelweiss-panorama.ch\/college-champittet-unveils-major-campus-renovations-for-an-enhanced-learning-experience\/#breadcrumb","itemListElement":[{"@type":"ListItem","position":1,"name":"Home","item":"https:\/\/edelweiss-panorama.ch\/"},{"@type":"ListItem","position":2,"name":"Coll\u00e8ge Champittet Unveils Major Campus Renovations for an Enhanced Learning Experience"}]},{"@type":"WebSite","@id":"https:\/\/edelweiss-panorama.ch\/fr\/#website","url":"https:\/\/edelweiss-panorama.ch\/fr\/","name":"Edelweiss Panorama International","description":"Il vous permet de vivre et de prosp\u00e9rer aux quatre coins du monde.","publisher":{"@id":"https:\/\/edelweiss-panorama.ch\/fr\/#organization"},"potentialAction":[{"@type":"SearchAction","target":{"@type":"EntryPoint","urlTemplate":"https:\/\/edelweiss-panorama.ch\/fr\/?s={search_term_string}"},"query-input":{"@type":"PropertyValueSpecification","valueRequired":true,"valueName":"search_term_string"}}],"inLanguage":"fr-FR"},{"@type":"Organization","@id":"https:\/\/edelweiss-panorama.ch\/fr\/#organization","name":"Edelweiss Panorama International","url":"https:\/\/edelweiss-panorama.ch\/fr\/","logo":{"@type":"ImageObject","inLanguage":"fr-FR","@id":"https:\/\/edelweiss-panorama.ch\/fr\/#\/schema\/logo\/image\/","url":"https:\/\/edelweiss-panorama.ch\/wp-content\/uploads\/2020\/04\/Untitled-design-1-1.png","contentUrl":"https:\/\/edelweiss-panorama.ch\/wp-content\/uploads\/2020\/04\/Untitled-design-1-1.png","width":1080,"height":1080,"caption":"Edelweiss Panorama International"},"image":{"@id":"https:\/\/edelweiss-panorama.ch\/fr\/#\/schema\/logo\/image\/"},"sameAs":["https:\/\/www.facebook.com\/edelweisspanorama","https:\/\/x.com\/EPI_Swiss"]},{"@type":"Person","@id":"https:\/\/edelweiss-panorama.ch\/fr\/#\/schema\/person\/40f339557f1e3168761bba6377cb0829","name":"Fr\u00e9d\u00e9ric Tatu","image":{"@type":"ImageObject","inLanguage":"fr-FR","@id":"https:\/\/secure.gravatar.com\/avatar\/0fe323859f18731575cc1727306a418c1c06adb036da08a42ad58ee43321377e?s=96&d=mm&r=g","url":"https:\/\/secure.gravatar.com\/avatar\/0fe323859f18731575cc1727306a418c1c06adb036da08a42ad58ee43321377e?s=96&d=mm&r=g","contentUrl":"https:\/\/secure.gravatar.com\/avatar\/0fe323859f18731575cc1727306a418c1c06adb036da08a42ad58ee43321377e?s=96&d=mm&r=g","caption":"Frederic Tatu"}}]}},"_links":{"self":[{"href":"https:\/\/edelweiss-panorama.ch\/fr\/wp-json\/wp\/v2\/posts\/48673","targetHints":{"allow":["GET"]}}],"collection":[{"href":"https:\/\/edelweiss-panorama.ch\/fr\/wp-json\/wp\/v2\/posts"}],"about":[{"href":"https:\/\/edelweiss-panorama.ch\/fr\/wp-json\/wp\/v2\/types\/post"}],"author":[{"embeddable":true,"href":"https:\/\/edelweiss-panorama.ch\/fr\/wp-json\/wp\/v2\/users\/10"}],"replies":[{"embeddable":true,"href":"https:\/\/edelweiss-panorama.ch\/fr\/wp-json\/wp\/v2\/comments?post=48673"}],"version-history":[{"count":0,"href":"https:\/\/edelweiss-panorama.ch\/fr\/wp-json\/wp\/v2\/posts\/48673\/revisions"}],"wp:featuredmedia":[{"embeddable":true,"href":"https:\/\/edelweiss-panorama.ch\/fr\/wp-json\/wp\/v2\/media\/48663"}],"wp:attachment":[{"href":"https:\/\/edelweiss-panorama.ch\/fr\/wp-json\/wp\/v2\/media?parent=48673"}],"wp:term":[{"taxonomy":"category","embeddable":true,"href":"https:\/\/edelweiss-panorama.ch\/fr\/wp-json\/wp\/v2\/categories?post=48673"},{"taxonomy":"post_tag","embeddable":true,"href":"https:\/\/edelweiss-panorama.ch\/fr\/wp-json\/wp\/v2\/tags?post=48673"}],"curies":[{"name":"wp","href":"https:\/\/api.w.org\/{rel}","templated":true}]}}