{"id":48893,"date":"2025-10-03T10:56:18","date_gmt":"2025-10-03T08:56:18","guid":{"rendered":"https:\/\/edelweiss-panorama.ch\/aspiring-artist-ready-for-new-york-city\/"},"modified":"2025-10-03T10:56:18","modified_gmt":"2025-10-03T08:56:18","slug":"un-artiste-en-herbe-pret-pour-la-ville-de-new-york","status":"publish","type":"post","link":"https:\/\/edelweiss-panorama.ch\/fr\/aspiring-artist-ready-for-new-york-city\/","title":{"rendered":"Un artiste en herbe pr\u00eat pour New York"},"content":{"rendered":"<p>Joy Wang \u201925 from China will pursue a degree in Photography and Imaging with a minor in Film or Related Studies at New York University\u2019s Tisch School of the Arts, having secured her placement through an Early Decision agreement that led her to withdraw her remaining applications. An Honors student fluent in Mandarin, English, and some French, Joy demonstrated exceptional academic rigor by completing eight Advanced Placement courses during her three years at [TASIS](https:\/\/edelweiss-panorama.ch\/tasis-the-american-school-in-switzerland\/). These included Precalculus, Calculus AB, English Language and Composition, European History, United States History, Art History, 2-D Art and Design, and French Language and Culture, earning her the AP Scholar with Honor distinction from the College Board in both grade 11 and grade 12. Beyond the classroom, Joy was deeply engaged in campus life, serving as a prefect in a High School dormitory, earning the MVP Award for the Varsity Badminton team, managing the Varsity Girls Volleyball team, performing in the High School Orchestra and the Sweet November Dance Company, and contributing her writing and photography skills as a three-year member of the Journalism Fellowship. Reflecting on her preparation for college, Joy noted that TASIS challenged her comprehensively, helping her develop strong time management skills through balancing AP coursework with extracurricular activities. She also highlighted the value of the school&#8217;s diverse community, comprising 63 nationalities, which fostered her curiosity about different cultures and languages\u2014an asset she anticipates will serve her well in New York City. Her role as a prefect further equipped her with problem-solving abilities in interpersonal dynamics, underscoring the holistic development she experienced.<\/p>\n<p>Joy attributed much of her success to the supportive environment of the College Counseling Office, describing it as a refuge where she could seek guidance during moments of anxiety, stress, or excitement. She found particular value in the evening counseling sessions held at Villa de Nobili, where one-on-one meetings with her counselor, Mr. Wickham, involved brainstorming ideas, refining her writing, and identifying universities that aligned with her interests. Joy expressed deep gratitude for the office&#8217;s dedication, stating, &#8216;The College Counseling office is a great place with three amazing people that truly hoped to help me find my home after TASIS, and I am so grateful for their help.&#8217; Among her most inspiring experiences at TASIS was the Speaker Series during her senior year, where experts from various fields shared their journeys, offering motivation throughout the college application process and beyond. Joy fondly recalled specific teachers who left a lasting impact, including Mr. Dalton for AP United States History and AP Art History, whom she praised for making history engaging and fun, and Ms. Vander Heiden for her lively AP English Language classes. She also emphasized Mr. Wickham&#8217;s role as a listener and supporter, noting how he helped her clarify her aspirations despite their relatively short time working together. As she looks back on her time at TASIS, Joy anticipates missing the camaraderie in the dormitories, her roommate Sofi, meals at De Nobili, badminton, and her involvement in the prefect team\u2014elements that defined her enriching journey at the school.<\/p>\n<p><img decoding=\"async\" src=\"\/wp-content\/uploads\/2025\/10\/Aspiring-Artist-Ready-for-New-York-City-2025-10-03T085605.428Z.jpg \" \/><img decoding=\"async\" src=\"\/wp-content\/uploads\/2025\/10\/Aspiring-Artist-Ready-for-New-York-City-2025-10-03T085608.551Z.jpg \" \/><img decoding=\"async\" src=\"\/wp-content\/uploads\/2025\/10\/Aspiring-Artist-Ready-for-New-York-City-2025-10-03T085611.644Z.jpg \" \/><img decoding=\"async\" src=\"\/wp-content\/uploads\/2025\/10\/Aspiring-Artist-Ready-for-New-York-City-2025-10-03T085614.677Z.jpg \" \/><\/p>\n","protected":false},"excerpt":{"rendered":"<p>Le parcours de Joy Wang \u00e0 TASIS The American School in Switzerland met en \u00e9vidence un m\u00e9lange d'excellence acad\u00e9mique, d'engagement extrascolaire important et de soutien personnalis\u00e9 en mati\u00e8re d'orientation universitaire, qui a abouti \u00e0 son acceptation \u00e0 la Tisch School of the Arts de NYU et qui souligne le r\u00f4le de l'\u00e9cole dans la formation de dipl\u00f4m\u00e9s bien \u00e9quilibr\u00e9s et ouverts sur le monde.<\/p>","protected":false},"author":10,"featured_media":48888,"comment_status":"open","ping_status":"open","sticky":false,"template":"","format":"standard","meta":{"footnotes":""},"categories":[13],"tags":[363],"class_list":["post-48893","post","type-post","status-publish","format-standard","has-post-thumbnail","hentry","category-education","tag-tasis-the-american-school-in-switzerland"],"yoast_head":"<!-- This site is optimized with the Yoast SEO plugin v27.5 - https:\/\/yoast.com\/product\/yoast-seo-wordpress\/ -->\n<title>Aspiring Artist Ready for New York City - Edelweiss Panorama International<\/title>\n<meta name=\"robots\" content=\"index, follow, max-snippet:-1, max-image-preview:large, max-video-preview:-1\" \/>\n<link rel=\"canonical\" href=\"https:\/\/edelweiss-panorama.ch\/fr\/un-artiste-en-herbe-pret-pour-la-ville-de-new-york\/\" \/>\n<meta property=\"og:locale\" content=\"fr_FR\" \/>\n<meta property=\"og:type\" content=\"article\" \/>\n<meta property=\"og:title\" content=\"Aspiring Artist Ready for New York City - Edelweiss Panorama International\" \/>\n<meta property=\"og:description\" content=\"Joy Wang&#039;s journey at TASIS The American School in Switzerland highlights a blend of academic excellence, extensive extracurricular engagement, and personalized college counseling support, culminating in her acceptance to NYU&#039;s Tisch School of the Arts and underscoring the school&#039;s role in fostering well-rounded, globally-minded graduates.\" \/>\n<meta property=\"og:url\" content=\"https:\/\/edelweiss-panorama.ch\/fr\/un-artiste-en-herbe-pret-pour-la-ville-de-new-york\/\" \/>\n<meta property=\"og:site_name\" content=\"Edelweiss Panorama International\" \/>\n<meta property=\"article:publisher\" content=\"https:\/\/www.facebook.com\/edelweisspanorama\" \/>\n<meta property=\"article:published_time\" content=\"2025-10-03T08:56:18+00:00\" \/>\n<meta name=\"author\" content=\"Frederic Tatu\" \/>\n<meta name=\"twitter:card\" content=\"summary_large_image\" \/>\n<meta name=\"twitter:creator\" content=\"@EPI_Swiss\" \/>\n<meta name=\"twitter:site\" content=\"@EPI_Swiss\" \/>\n<meta name=\"twitter:label1\" content=\"\u00c9crit par\" \/>\n\t<meta name=\"twitter:data1\" content=\"Frederic Tatu\" \/>\n\t<meta name=\"twitter:label2\" content=\"Dur\u00e9e de lecture estim\u00e9e\" \/>\n\t<meta name=\"twitter:data2\" content=\"3 minutes\" \/>\n<script type=\"application\/ld+json\" class=\"yoast-schema-graph\">{\"@context\":\"https:\\\/\\\/schema.org\",\"@graph\":[{\"@type\":\"Article\",\"@id\":\"https:\\\/\\\/edelweiss-panorama.ch\\\/aspiring-artist-ready-for-new-york-city\\\/#article\",\"isPartOf\":{\"@id\":\"https:\\\/\\\/edelweiss-panorama.ch\\\/aspiring-artist-ready-for-new-york-city\\\/\"},\"author\":{\"name\":\"Frederic Tatu\",\"@id\":\"https:\\\/\\\/edelweiss-panorama.ch\\\/fr\\\/#\\\/schema\\\/person\\\/40f339557f1e3168761bba6377cb0829\"},\"headline\":\"Aspiring Artist Ready for New York City\",\"datePublished\":\"2025-10-03T08:56:18+00:00\",\"mainEntityOfPage\":{\"@id\":\"https:\\\/\\\/edelweiss-panorama.ch\\\/aspiring-artist-ready-for-new-york-city\\\/\"},\"wordCount\":520,\"commentCount\":0,\"publisher\":{\"@id\":\"https:\\\/\\\/edelweiss-panorama.ch\\\/fr\\\/#organization\"},\"image\":{\"@id\":\"https:\\\/\\\/edelweiss-panorama.ch\\\/aspiring-artist-ready-for-new-york-city\\\/#primaryimage\"},\"thumbnailUrl\":\"https:\\\/\\\/edelweiss-panorama.ch\\\/wp-content\\\/uploads\\\/2025\\\/10\\\/Aspiring-Artist-Ready-for-New-York-City-2025-10-03T085529.933Z.jpg\",\"keywords\":[\"TASIS The American School In Switzerland\"],\"articleSection\":[\"Education\"],\"inLanguage\":\"fr-FR\",\"potentialAction\":[{\"@type\":\"CommentAction\",\"name\":\"Comment\",\"target\":[\"https:\\\/\\\/edelweiss-panorama.ch\\\/aspiring-artist-ready-for-new-york-city\\\/#respond\"]}]},{\"@type\":\"WebPage\",\"@id\":\"https:\\\/\\\/edelweiss-panorama.ch\\\/aspiring-artist-ready-for-new-york-city\\\/\",\"url\":\"https:\\\/\\\/edelweiss-panorama.ch\\\/aspiring-artist-ready-for-new-york-city\\\/\",\"name\":\"Aspiring Artist Ready for New York City - Edelweiss Panorama International\",\"isPartOf\":{\"@id\":\"https:\\\/\\\/edelweiss-panorama.ch\\\/fr\\\/#website\"},\"primaryImageOfPage\":{\"@id\":\"https:\\\/\\\/edelweiss-panorama.ch\\\/aspiring-artist-ready-for-new-york-city\\\/#primaryimage\"},\"image\":{\"@id\":\"https:\\\/\\\/edelweiss-panorama.ch\\\/aspiring-artist-ready-for-new-york-city\\\/#primaryimage\"},\"thumbnailUrl\":\"https:\\\/\\\/edelweiss-panorama.ch\\\/wp-content\\\/uploads\\\/2025\\\/10\\\/Aspiring-Artist-Ready-for-New-York-City-2025-10-03T085529.933Z.jpg\",\"datePublished\":\"2025-10-03T08:56:18+00:00\",\"breadcrumb\":{\"@id\":\"https:\\\/\\\/edelweiss-panorama.ch\\\/aspiring-artist-ready-for-new-york-city\\\/#breadcrumb\"},\"inLanguage\":\"fr-FR\",\"potentialAction\":[{\"@type\":\"ReadAction\",\"target\":[\"https:\\\/\\\/edelweiss-panorama.ch\\\/aspiring-artist-ready-for-new-york-city\\\/\"]}]},{\"@type\":\"ImageObject\",\"inLanguage\":\"fr-FR\",\"@id\":\"https:\\\/\\\/edelweiss-panorama.ch\\\/aspiring-artist-ready-for-new-york-city\\\/#primaryimage\",\"url\":\"https:\\\/\\\/edelweiss-panorama.ch\\\/wp-content\\\/uploads\\\/2025\\\/10\\\/Aspiring-Artist-Ready-for-New-York-City-2025-10-03T085529.933Z.jpg\",\"contentUrl\":\"https:\\\/\\\/edelweiss-panorama.ch\\\/wp-content\\\/uploads\\\/2025\\\/10\\\/Aspiring-Artist-Ready-for-New-York-City-2025-10-03T085529.933Z.jpg\",\"width\":1600,\"height\":2000},{\"@type\":\"BreadcrumbList\",\"@id\":\"https:\\\/\\\/edelweiss-panorama.ch\\\/aspiring-artist-ready-for-new-york-city\\\/#breadcrumb\",\"itemListElement\":[{\"@type\":\"ListItem\",\"position\":1,\"name\":\"Home\",\"item\":\"https:\\\/\\\/edelweiss-panorama.ch\\\/\"},{\"@type\":\"ListItem\",\"position\":2,\"name\":\"Aspiring Artist Ready for New York City\"}]},{\"@type\":\"WebSite\",\"@id\":\"https:\\\/\\\/edelweiss-panorama.ch\\\/fr\\\/#website\",\"url\":\"https:\\\/\\\/edelweiss-panorama.ch\\\/fr\\\/\",\"name\":\"Edelweiss Panorama International\",\"description\":\"Allows you to live and thrive every corner of the world.\",\"publisher\":{\"@id\":\"https:\\\/\\\/edelweiss-panorama.ch\\\/fr\\\/#organization\"},\"potentialAction\":[{\"@type\":\"SearchAction\",\"target\":{\"@type\":\"EntryPoint\",\"urlTemplate\":\"https:\\\/\\\/edelweiss-panorama.ch\\\/fr\\\/?s={search_term_string}\"},\"query-input\":{\"@type\":\"PropertyValueSpecification\",\"valueRequired\":true,\"valueName\":\"search_term_string\"}}],\"inLanguage\":\"fr-FR\"},{\"@type\":\"Organization\",\"@id\":\"https:\\\/\\\/edelweiss-panorama.ch\\\/fr\\\/#organization\",\"name\":\"Edelweiss Panorama International\",\"url\":\"https:\\\/\\\/edelweiss-panorama.ch\\\/fr\\\/\",\"logo\":{\"@type\":\"ImageObject\",\"inLanguage\":\"fr-FR\",\"@id\":\"https:\\\/\\\/edelweiss-panorama.ch\\\/fr\\\/#\\\/schema\\\/logo\\\/image\\\/\",\"url\":\"https:\\\/\\\/edelweiss-panorama.ch\\\/wp-content\\\/uploads\\\/2020\\\/04\\\/Untitled-design-1-1.png\",\"contentUrl\":\"https:\\\/\\\/edelweiss-panorama.ch\\\/wp-content\\\/uploads\\\/2020\\\/04\\\/Untitled-design-1-1.png\",\"width\":1080,\"height\":1080,\"caption\":\"Edelweiss Panorama International\"},\"image\":{\"@id\":\"https:\\\/\\\/edelweiss-panorama.ch\\\/fr\\\/#\\\/schema\\\/logo\\\/image\\\/\"},\"sameAs\":[\"https:\\\/\\\/www.facebook.com\\\/edelweisspanorama\",\"https:\\\/\\\/x.com\\\/EPI_Swiss\"]},{\"@type\":\"Person\",\"@id\":\"https:\\\/\\\/edelweiss-panorama.ch\\\/fr\\\/#\\\/schema\\\/person\\\/40f339557f1e3168761bba6377cb0829\",\"name\":\"Frederic Tatu\",\"image\":{\"@type\":\"ImageObject\",\"inLanguage\":\"fr-FR\",\"@id\":\"https:\\\/\\\/secure.gravatar.com\\\/avatar\\\/0fe323859f18731575cc1727306a418c1c06adb036da08a42ad58ee43321377e?s=96&d=mm&r=g\",\"url\":\"https:\\\/\\\/secure.gravatar.com\\\/avatar\\\/0fe323859f18731575cc1727306a418c1c06adb036da08a42ad58ee43321377e?s=96&d=mm&r=g\",\"contentUrl\":\"https:\\\/\\\/secure.gravatar.com\\\/avatar\\\/0fe323859f18731575cc1727306a418c1c06adb036da08a42ad58ee43321377e?s=96&d=mm&r=g\",\"caption\":\"Frederic Tatu\"}}]}<\/script>\n<!-- \/ Yoast SEO plugin. -->","yoast_head_json":{"title":"Un artiste en herbe pr\u00eat pour New York - Edelweiss Panorama International","robots":{"index":"index","follow":"follow","max-snippet":"max-snippet:-1","max-image-preview":"max-image-preview:large","max-video-preview":"max-video-preview:-1"},"canonical":"https:\/\/edelweiss-panorama.ch\/fr\/un-artiste-en-herbe-pret-pour-la-ville-de-new-york\/","og_locale":"fr_FR","og_type":"article","og_title":"Aspiring Artist Ready for New York City - Edelweiss Panorama International","og_description":"Joy Wang's journey at TASIS The American School in Switzerland highlights a blend of academic excellence, extensive extracurricular engagement, and personalized college counseling support, culminating in her acceptance to NYU's Tisch School of the Arts and underscoring the school's role in fostering well-rounded, globally-minded graduates.","og_url":"https:\/\/edelweiss-panorama.ch\/fr\/un-artiste-en-herbe-pret-pour-la-ville-de-new-york\/","og_site_name":"Edelweiss Panorama International","article_publisher":"https:\/\/www.facebook.com\/edelweisspanorama","article_published_time":"2025-10-03T08:56:18+00:00","author":"Frederic Tatu","twitter_card":"summary_large_image","twitter_creator":"@EPI_Swiss","twitter_site":"@EPI_Swiss","twitter_misc":{"\u00c9crit par":"Frederic Tatu","Dur\u00e9e de lecture estim\u00e9e":"3 minutes"},"schema":{"@context":"https:\/\/schema.org","@graph":[{"@type":"Article","@id":"https:\/\/edelweiss-panorama.ch\/aspiring-artist-ready-for-new-york-city\/#article","isPartOf":{"@id":"https:\/\/edelweiss-panorama.ch\/aspiring-artist-ready-for-new-york-city\/"},"author":{"name":"Frederic Tatu","@id":"https:\/\/edelweiss-panorama.ch\/fr\/#\/schema\/person\/40f339557f1e3168761bba6377cb0829"},"headline":"Aspiring Artist Ready for New York City","datePublished":"2025-10-03T08:56:18+00:00","mainEntityOfPage":{"@id":"https:\/\/edelweiss-panorama.ch\/aspiring-artist-ready-for-new-york-city\/"},"wordCount":520,"commentCount":0,"publisher":{"@id":"https:\/\/edelweiss-panorama.ch\/fr\/#organization"},"image":{"@id":"https:\/\/edelweiss-panorama.ch\/aspiring-artist-ready-for-new-york-city\/#primaryimage"},"thumbnailUrl":"https:\/\/edelweiss-panorama.ch\/wp-content\/uploads\/2025\/10\/Aspiring-Artist-Ready-for-New-York-City-2025-10-03T085529.933Z.jpg","keywords":["TASIS The American School In Switzerland"],"articleSection":["Education"],"inLanguage":"fr-FR","potentialAction":[{"@type":"CommentAction","name":"Comment","target":["https:\/\/edelweiss-panorama.ch\/aspiring-artist-ready-for-new-york-city\/#respond"]}]},{"@type":"WebPage","@id":"https:\/\/edelweiss-panorama.ch\/aspiring-artist-ready-for-new-york-city\/","url":"https:\/\/edelweiss-panorama.ch\/aspiring-artist-ready-for-new-york-city\/","name":"Un artiste en herbe pr\u00eat pour New York - Edelweiss Panorama International","isPartOf":{"@id":"https:\/\/edelweiss-panorama.ch\/fr\/#website"},"primaryImageOfPage":{"@id":"https:\/\/edelweiss-panorama.ch\/aspiring-artist-ready-for-new-york-city\/#primaryimage"},"image":{"@id":"https:\/\/edelweiss-panorama.ch\/aspiring-artist-ready-for-new-york-city\/#primaryimage"},"thumbnailUrl":"https:\/\/edelweiss-panorama.ch\/wp-content\/uploads\/2025\/10\/Aspiring-Artist-Ready-for-New-York-City-2025-10-03T085529.933Z.jpg","datePublished":"2025-10-03T08:56:18+00:00","breadcrumb":{"@id":"https:\/\/edelweiss-panorama.ch\/aspiring-artist-ready-for-new-york-city\/#breadcrumb"},"inLanguage":"fr-FR","potentialAction":[{"@type":"ReadAction","target":["https:\/\/edelweiss-panorama.ch\/aspiring-artist-ready-for-new-york-city\/"]}]},{"@type":"ImageObject","inLanguage":"fr-FR","@id":"https:\/\/edelweiss-panorama.ch\/aspiring-artist-ready-for-new-york-city\/#primaryimage","url":"https:\/\/edelweiss-panorama.ch\/wp-content\/uploads\/2025\/10\/Aspiring-Artist-Ready-for-New-York-City-2025-10-03T085529.933Z.jpg","contentUrl":"https:\/\/edelweiss-panorama.ch\/wp-content\/uploads\/2025\/10\/Aspiring-Artist-Ready-for-New-York-City-2025-10-03T085529.933Z.jpg","width":1600,"height":2000},{"@type":"BreadcrumbList","@id":"https:\/\/edelweiss-panorama.ch\/aspiring-artist-ready-for-new-york-city\/#breadcrumb","itemListElement":[{"@type":"ListItem","position":1,"name":"Home","item":"https:\/\/edelweiss-panorama.ch\/"},{"@type":"ListItem","position":2,"name":"Aspiring Artist Ready for New York City"}]},{"@type":"WebSite","@id":"https:\/\/edelweiss-panorama.ch\/fr\/#website","url":"https:\/\/edelweiss-panorama.ch\/fr\/","name":"Edelweiss Panorama International","description":"Il vous permet de vivre et de prosp\u00e9rer aux quatre coins du monde.","publisher":{"@id":"https:\/\/edelweiss-panorama.ch\/fr\/#organization"},"potentialAction":[{"@type":"SearchAction","target":{"@type":"EntryPoint","urlTemplate":"https:\/\/edelweiss-panorama.ch\/fr\/?s={search_term_string}"},"query-input":{"@type":"PropertyValueSpecification","valueRequired":true,"valueName":"search_term_string"}}],"inLanguage":"fr-FR"},{"@type":"Organization","@id":"https:\/\/edelweiss-panorama.ch\/fr\/#organization","name":"Edelweiss Panorama International","url":"https:\/\/edelweiss-panorama.ch\/fr\/","logo":{"@type":"ImageObject","inLanguage":"fr-FR","@id":"https:\/\/edelweiss-panorama.ch\/fr\/#\/schema\/logo\/image\/","url":"https:\/\/edelweiss-panorama.ch\/wp-content\/uploads\/2020\/04\/Untitled-design-1-1.png","contentUrl":"https:\/\/edelweiss-panorama.ch\/wp-content\/uploads\/2020\/04\/Untitled-design-1-1.png","width":1080,"height":1080,"caption":"Edelweiss Panorama International"},"image":{"@id":"https:\/\/edelweiss-panorama.ch\/fr\/#\/schema\/logo\/image\/"},"sameAs":["https:\/\/www.facebook.com\/edelweisspanorama","https:\/\/x.com\/EPI_Swiss"]},{"@type":"Person","@id":"https:\/\/edelweiss-panorama.ch\/fr\/#\/schema\/person\/40f339557f1e3168761bba6377cb0829","name":"Fr\u00e9d\u00e9ric Tatu","image":{"@type":"ImageObject","inLanguage":"fr-FR","@id":"https:\/\/secure.gravatar.com\/avatar\/0fe323859f18731575cc1727306a418c1c06adb036da08a42ad58ee43321377e?s=96&d=mm&r=g","url":"https:\/\/secure.gravatar.com\/avatar\/0fe323859f18731575cc1727306a418c1c06adb036da08a42ad58ee43321377e?s=96&d=mm&r=g","contentUrl":"https:\/\/secure.gravatar.com\/avatar\/0fe323859f18731575cc1727306a418c1c06adb036da08a42ad58ee43321377e?s=96&d=mm&r=g","caption":"Frederic Tatu"}}]}},"_links":{"self":[{"href":"https:\/\/edelweiss-panorama.ch\/fr\/wp-json\/wp\/v2\/posts\/48893","targetHints":{"allow":["GET"]}}],"collection":[{"href":"https:\/\/edelweiss-panorama.ch\/fr\/wp-json\/wp\/v2\/posts"}],"about":[{"href":"https:\/\/edelweiss-panorama.ch\/fr\/wp-json\/wp\/v2\/types\/post"}],"author":[{"embeddable":true,"href":"https:\/\/edelweiss-panorama.ch\/fr\/wp-json\/wp\/v2\/users\/10"}],"replies":[{"embeddable":true,"href":"https:\/\/edelweiss-panorama.ch\/fr\/wp-json\/wp\/v2\/comments?post=48893"}],"version-history":[{"count":0,"href":"https:\/\/edelweiss-panorama.ch\/fr\/wp-json\/wp\/v2\/posts\/48893\/revisions"}],"wp:featuredmedia":[{"embeddable":true,"href":"https:\/\/edelweiss-panorama.ch\/fr\/wp-json\/wp\/v2\/media\/48888"}],"wp:attachment":[{"href":"https:\/\/edelweiss-panorama.ch\/fr\/wp-json\/wp\/v2\/media?parent=48893"}],"wp:term":[{"taxonomy":"category","embeddable":true,"href":"https:\/\/edelweiss-panorama.ch\/fr\/wp-json\/wp\/v2\/categories?post=48893"},{"taxonomy":"post_tag","embeddable":true,"href":"https:\/\/edelweiss-panorama.ch\/fr\/wp-json\/wp\/v2\/tags?post=48893"}],"curies":[{"name":"wp","href":"https:\/\/api.w.org\/{rel}","templated":true}]}}