{"id":49378,"date":"2025-12-04T16:02:25","date_gmt":"2025-12-04T15:02:25","guid":{"rendered":"https:\/\/edelweiss-panorama.ch\/beyond-the-jar-how-college-champittets-educational-apiary-cultivates-curious-minds\/"},"modified":"2025-12-04T16:02:25","modified_gmt":"2025-12-04T15:02:25","slug":"au-dela-du-bocal-comment-le-rucher-pedagogique-de-college-champittets-cultive-les-esprits-curieux","status":"publish","type":"post","link":"https:\/\/edelweiss-panorama.ch\/fr\/beyond-the-jar-how-college-champittets-educational-apiary-cultivates-curious-minds\/","title":{"rendered":"Au-del\u00e0 du bocal : Le rucher p\u00e9dagogique du Coll\u00e8ge Champittet cultive les esprits curieux"},"content":{"rendered":"<p>'L'approche \u00e9ducative innovante de l'\u00e9cole repose sur une ressource unique : un rucher situ\u00e9 sur le campus. Le miel produit par ces abeilles, disponible lors du traditionnel march\u00e9 de No\u00ebl de l'\u00e9cole, repr\u00e9sente bien plus qu'une friandise : c'est la pierre angulaire d'une philosophie d'apprentissage holistique. Cette initiative r\u00e9pond directement aux d\u00e9fis contemporains tels que l'addiction aux \u00e9crans, la fatigue des m\u00e9dias sociaux et les tendances affectives saisonni\u00e8res en reconnectant activement les \u00e9tudiants avec le monde naturel. Le rucher sert de laboratoire vivant, attirant le monde r\u00e9el dans la salle de classe et fournissant un contexte tangible et significatif aux \u00e9tudes acad\u00e9miques. Cette m\u00e9thode favorise la culture d'un \u00e9l\u00e8ve naturellement curieux, un \u00e9tat d'esprit que les \u00e9ducateurs de l'\u00e9cole consid\u00e8rent comme fondamental pour une vie enti\u00e8re d'acquisition de connaissances et d'exp\u00e9riences enrichissantes. En observant le fonctionnement complexe de la ruche, les \u00e9l\u00e8ves s'engagent dans un sujet qui exige par nature une perspective multidisciplinaire, m\u00ealant harmonieusement la biologie, la science de l'environnement et l'\u00e9conomie pratique.<\/p>\n<p>Le parcours p\u00e9dagogique du rucher met l'accent sur la comp\u00e9tence essentielle de l'observation, en pla\u00e7ant les \u00e9l\u00e8ves dans ce que les \u00e9ducateurs d\u00e9crivent comme le \u2018cadre temporel lent et long\u2019 qui fait souvent d\u00e9faut \u00e0 notre \u00e8re num\u00e9rique. L'\u00e9tude de la vie des abeilles exige de la patience, une prise de notes d\u00e9taill\u00e9e et des recherches qui couvrent plusieurs domaines scientifiques, de la physique du vol des abeilles \u00e0 la chimie de la production de miel. Cette approche permet non seulement d'ancrer les connaissances th\u00e9oriques dans des applications pratiques, mais aussi de susciter un sentiment d'\u00e9merveillement face aux miracles biologiques, nourrissant ainsi la joie intrins\u00e8que d'apprendre. Le programme illustre la fa\u00e7on dont le **Coll\u00e8ge Champittet** int\u00e8gre des projets du monde r\u00e9el pour cr\u00e9er un programme d'\u00e9tudes dynamique, d\u00e9montrant ainsi qu'une valeur \u00e9ducative profonde peut \u00eatre trouv\u00e9e dans les endroits les plus inattendus. Alors que la communaut\u00e9 scolaire c\u00e9l\u00e8bre la saison, le miel symbolise cet engagement en faveur d'une \u00e9ducation exp\u00e9rimentale et pluridisciplinaire qui pr\u00e9pare les \u00e9l\u00e8ves \u00e0 un avenir complexe et interconnect\u00e9.<\/p>","protected":false},"excerpt":{"rendered":"<p>Cet article examine comment <a href=\"https:\/\/edelweiss-panorama.ch\/fr\/college-champittet\/\">Coll\u00e8ge Champittet<\/a> utilise son rucher sur le campus comme outil p\u00e9dagogique pluridisciplinaire, encourageant la curiosit\u00e9, reconnectant les \u00e9tudiants avec la nature et fournissant un contexte pratique pour l'apprentissage dans les disciplines scientifiques et d'observation.<\/p>","protected":false},"author":10,"featured_media":49377,"comment_status":"open","ping_status":"open","sticky":false,"template":"","format":"standard","meta":{"footnotes":""},"categories":[13],"tags":[360],"class_list":["post-49378","post","type-post","status-publish","format-standard","has-post-thumbnail","hentry","category-education","tag-champittet-college"],"yoast_head":"<!-- This site is optimized with the Yoast SEO plugin v27.5 - https:\/\/yoast.com\/product\/yoast-seo-wordpress\/ -->\n<title>Beyond the Jar: How Coll\u00e8ge Champittet&#039;s Educational Apiary Cultivates Curious Minds - Edelweiss Panorama International<\/title>\n<meta name=\"robots\" content=\"index, follow, max-snippet:-1, max-image-preview:large, max-video-preview:-1\" \/>\n<link rel=\"canonical\" href=\"https:\/\/edelweiss-panorama.ch\/fr\/au-dela-du-bocal-comment-le-rucher-pedagogique-de-college-champittets-cultive-les-esprits-curieux\/\" \/>\n<meta property=\"og:locale\" content=\"fr_FR\" \/>\n<meta property=\"og:type\" content=\"article\" \/>\n<meta property=\"og:title\" content=\"Beyond the Jar: How Coll\u00e8ge Champittet&#039;s Educational Apiary Cultivates Curious Minds - Edelweiss Panorama International\" \/>\n<meta property=\"og:description\" content=\"This article explores how Coll\u00e8ge Champittet utilizes its on-campus apiary as a multidisciplinary educational tool, fostering curiosity, reconnecting students with nature, and providing practical context for learning across scientific and observational disciplines.\" \/>\n<meta property=\"og:url\" content=\"https:\/\/edelweiss-panorama.ch\/fr\/au-dela-du-bocal-comment-le-rucher-pedagogique-de-college-champittets-cultive-les-esprits-curieux\/\" \/>\n<meta property=\"og:site_name\" content=\"Edelweiss Panorama International\" \/>\n<meta property=\"article:publisher\" content=\"https:\/\/www.facebook.com\/edelweisspanorama\" \/>\n<meta property=\"article:published_time\" content=\"2025-12-04T15:02:25+00:00\" \/>\n<meta name=\"author\" content=\"Frederic Tatu\" \/>\n<meta name=\"twitter:card\" content=\"summary_large_image\" \/>\n<meta name=\"twitter:creator\" content=\"@EPI_Swiss\" \/>\n<meta name=\"twitter:site\" content=\"@EPI_Swiss\" \/>\n<meta name=\"twitter:label1\" content=\"\u00c9crit par\" \/>\n\t<meta name=\"twitter:data1\" content=\"Frederic Tatu\" \/>\n\t<meta name=\"twitter:label2\" content=\"Dur\u00e9e de lecture estim\u00e9e\" \/>\n\t<meta name=\"twitter:data2\" content=\"1 minute\" \/>\n<script type=\"application\/ld+json\" class=\"yoast-schema-graph\">{\"@context\":\"https:\\\/\\\/schema.org\",\"@graph\":[{\"@type\":\"Article\",\"@id\":\"https:\\\/\\\/edelweiss-panorama.ch\\\/beyond-the-jar-how-college-champittets-educational-apiary-cultivates-curious-minds\\\/#article\",\"isPartOf\":{\"@id\":\"https:\\\/\\\/edelweiss-panorama.ch\\\/beyond-the-jar-how-college-champittets-educational-apiary-cultivates-curious-minds\\\/\"},\"author\":{\"name\":\"Frederic Tatu\",\"@id\":\"https:\\\/\\\/edelweiss-panorama.ch\\\/fr\\\/#\\\/schema\\\/person\\\/40f339557f1e3168761bba6377cb0829\"},\"headline\":\"Beyond the Jar: How Coll\u00e8ge Champittet&#8217;s Educational Apiary Cultivates Curious Minds\",\"datePublished\":\"2025-12-04T15:02:25+00:00\",\"mainEntityOfPage\":{\"@id\":\"https:\\\/\\\/edelweiss-panorama.ch\\\/beyond-the-jar-how-college-champittets-educational-apiary-cultivates-curious-minds\\\/\"},\"wordCount\":301,\"commentCount\":0,\"publisher\":{\"@id\":\"https:\\\/\\\/edelweiss-panorama.ch\\\/fr\\\/#organization\"},\"image\":{\"@id\":\"https:\\\/\\\/edelweiss-panorama.ch\\\/beyond-the-jar-how-college-champittets-educational-apiary-cultivates-curious-minds\\\/#primaryimage\"},\"thumbnailUrl\":\"https:\\\/\\\/edelweiss-panorama.ch\\\/wp-content\\\/uploads\\\/2025\\\/12\\\/Beyond-the-Jar-How-College-Champittets-Educational-Apiary-Cultivates-Curious-Minds-2025-12-04T150220.516Z.jpg\",\"keywords\":[\"Coll\u00e8ge Champittet\"],\"articleSection\":[\"Education\"],\"inLanguage\":\"fr-FR\",\"potentialAction\":[{\"@type\":\"CommentAction\",\"name\":\"Comment\",\"target\":[\"https:\\\/\\\/edelweiss-panorama.ch\\\/beyond-the-jar-how-college-champittets-educational-apiary-cultivates-curious-minds\\\/#respond\"]}]},{\"@type\":\"WebPage\",\"@id\":\"https:\\\/\\\/edelweiss-panorama.ch\\\/beyond-the-jar-how-college-champittets-educational-apiary-cultivates-curious-minds\\\/\",\"url\":\"https:\\\/\\\/edelweiss-panorama.ch\\\/beyond-the-jar-how-college-champittets-educational-apiary-cultivates-curious-minds\\\/\",\"name\":\"Beyond the Jar: How Coll\u00e8ge Champittet's Educational Apiary Cultivates Curious Minds - Edelweiss Panorama International\",\"isPartOf\":{\"@id\":\"https:\\\/\\\/edelweiss-panorama.ch\\\/fr\\\/#website\"},\"primaryImageOfPage\":{\"@id\":\"https:\\\/\\\/edelweiss-panorama.ch\\\/beyond-the-jar-how-college-champittets-educational-apiary-cultivates-curious-minds\\\/#primaryimage\"},\"image\":{\"@id\":\"https:\\\/\\\/edelweiss-panorama.ch\\\/beyond-the-jar-how-college-champittets-educational-apiary-cultivates-curious-minds\\\/#primaryimage\"},\"thumbnailUrl\":\"https:\\\/\\\/edelweiss-panorama.ch\\\/wp-content\\\/uploads\\\/2025\\\/12\\\/Beyond-the-Jar-How-College-Champittets-Educational-Apiary-Cultivates-Curious-Minds-2025-12-04T150220.516Z.jpg\",\"datePublished\":\"2025-12-04T15:02:25+00:00\",\"breadcrumb\":{\"@id\":\"https:\\\/\\\/edelweiss-panorama.ch\\\/beyond-the-jar-how-college-champittets-educational-apiary-cultivates-curious-minds\\\/#breadcrumb\"},\"inLanguage\":\"fr-FR\",\"potentialAction\":[{\"@type\":\"ReadAction\",\"target\":[\"https:\\\/\\\/edelweiss-panorama.ch\\\/beyond-the-jar-how-college-champittets-educational-apiary-cultivates-curious-minds\\\/\"]}]},{\"@type\":\"ImageObject\",\"inLanguage\":\"fr-FR\",\"@id\":\"https:\\\/\\\/edelweiss-panorama.ch\\\/beyond-the-jar-how-college-champittets-educational-apiary-cultivates-curious-minds\\\/#primaryimage\",\"url\":\"https:\\\/\\\/edelweiss-panorama.ch\\\/wp-content\\\/uploads\\\/2025\\\/12\\\/Beyond-the-Jar-How-College-Champittets-Educational-Apiary-Cultivates-Curious-Minds-2025-12-04T150220.516Z.jpg\",\"contentUrl\":\"https:\\\/\\\/edelweiss-panorama.ch\\\/wp-content\\\/uploads\\\/2025\\\/12\\\/Beyond-the-Jar-How-College-Champittets-Educational-Apiary-Cultivates-Curious-Minds-2025-12-04T150220.516Z.jpg\",\"width\":1600,\"height\":1067},{\"@type\":\"BreadcrumbList\",\"@id\":\"https:\\\/\\\/edelweiss-panorama.ch\\\/beyond-the-jar-how-college-champittets-educational-apiary-cultivates-curious-minds\\\/#breadcrumb\",\"itemListElement\":[{\"@type\":\"ListItem\",\"position\":1,\"name\":\"Home\",\"item\":\"https:\\\/\\\/edelweiss-panorama.ch\\\/\"},{\"@type\":\"ListItem\",\"position\":2,\"name\":\"Beyond the Jar: How Coll\u00e8ge Champittet&#8217;s Educational Apiary Cultivates Curious Minds\"}]},{\"@type\":\"WebSite\",\"@id\":\"https:\\\/\\\/edelweiss-panorama.ch\\\/fr\\\/#website\",\"url\":\"https:\\\/\\\/edelweiss-panorama.ch\\\/fr\\\/\",\"name\":\"Edelweiss Panorama International\",\"description\":\"Allows you to live and thrive every corner of the world.\",\"publisher\":{\"@id\":\"https:\\\/\\\/edelweiss-panorama.ch\\\/fr\\\/#organization\"},\"potentialAction\":[{\"@type\":\"SearchAction\",\"target\":{\"@type\":\"EntryPoint\",\"urlTemplate\":\"https:\\\/\\\/edelweiss-panorama.ch\\\/fr\\\/?s={search_term_string}\"},\"query-input\":{\"@type\":\"PropertyValueSpecification\",\"valueRequired\":true,\"valueName\":\"search_term_string\"}}],\"inLanguage\":\"fr-FR\"},{\"@type\":\"Organization\",\"@id\":\"https:\\\/\\\/edelweiss-panorama.ch\\\/fr\\\/#organization\",\"name\":\"Edelweiss Panorama International\",\"url\":\"https:\\\/\\\/edelweiss-panorama.ch\\\/fr\\\/\",\"logo\":{\"@type\":\"ImageObject\",\"inLanguage\":\"fr-FR\",\"@id\":\"https:\\\/\\\/edelweiss-panorama.ch\\\/fr\\\/#\\\/schema\\\/logo\\\/image\\\/\",\"url\":\"https:\\\/\\\/edelweiss-panorama.ch\\\/wp-content\\\/uploads\\\/2020\\\/04\\\/Untitled-design-1-1.png\",\"contentUrl\":\"https:\\\/\\\/edelweiss-panorama.ch\\\/wp-content\\\/uploads\\\/2020\\\/04\\\/Untitled-design-1-1.png\",\"width\":1080,\"height\":1080,\"caption\":\"Edelweiss Panorama International\"},\"image\":{\"@id\":\"https:\\\/\\\/edelweiss-panorama.ch\\\/fr\\\/#\\\/schema\\\/logo\\\/image\\\/\"},\"sameAs\":[\"https:\\\/\\\/www.facebook.com\\\/edelweisspanorama\",\"https:\\\/\\\/x.com\\\/EPI_Swiss\"]},{\"@type\":\"Person\",\"@id\":\"https:\\\/\\\/edelweiss-panorama.ch\\\/fr\\\/#\\\/schema\\\/person\\\/40f339557f1e3168761bba6377cb0829\",\"name\":\"Frederic Tatu\",\"image\":{\"@type\":\"ImageObject\",\"inLanguage\":\"fr-FR\",\"@id\":\"https:\\\/\\\/secure.gravatar.com\\\/avatar\\\/0fe323859f18731575cc1727306a418c1c06adb036da08a42ad58ee43321377e?s=96&d=mm&r=g\",\"url\":\"https:\\\/\\\/secure.gravatar.com\\\/avatar\\\/0fe323859f18731575cc1727306a418c1c06adb036da08a42ad58ee43321377e?s=96&d=mm&r=g\",\"contentUrl\":\"https:\\\/\\\/secure.gravatar.com\\\/avatar\\\/0fe323859f18731575cc1727306a418c1c06adb036da08a42ad58ee43321377e?s=96&d=mm&r=g\",\"caption\":\"Frederic Tatu\"}}]}<\/script>\n<!-- \/ Yoast SEO plugin. -->","yoast_head_json":{"title":"Au-del\u00e0 du bocal : Le rucher p\u00e9dagogique du Coll\u00e8ge Champittet cultive les esprits curieux - Edelweiss Panorama International","robots":{"index":"index","follow":"follow","max-snippet":"max-snippet:-1","max-image-preview":"max-image-preview:large","max-video-preview":"max-video-preview:-1"},"canonical":"https:\/\/edelweiss-panorama.ch\/fr\/au-dela-du-bocal-comment-le-rucher-pedagogique-de-college-champittets-cultive-les-esprits-curieux\/","og_locale":"fr_FR","og_type":"article","og_title":"Beyond the Jar: How Coll\u00e8ge Champittet's Educational Apiary Cultivates Curious Minds - Edelweiss Panorama International","og_description":"This article explores how Coll\u00e8ge Champittet utilizes its on-campus apiary as a multidisciplinary educational tool, fostering curiosity, reconnecting students with nature, and providing practical context for learning across scientific and observational disciplines.","og_url":"https:\/\/edelweiss-panorama.ch\/fr\/au-dela-du-bocal-comment-le-rucher-pedagogique-de-college-champittets-cultive-les-esprits-curieux\/","og_site_name":"Edelweiss Panorama International","article_publisher":"https:\/\/www.facebook.com\/edelweisspanorama","article_published_time":"2025-12-04T15:02:25+00:00","author":"Frederic Tatu","twitter_card":"summary_large_image","twitter_creator":"@EPI_Swiss","twitter_site":"@EPI_Swiss","twitter_misc":{"\u00c9crit par":"Frederic Tatu","Dur\u00e9e de lecture estim\u00e9e":"1 minute"},"schema":{"@context":"https:\/\/schema.org","@graph":[{"@type":"Article","@id":"https:\/\/edelweiss-panorama.ch\/beyond-the-jar-how-college-champittets-educational-apiary-cultivates-curious-minds\/#article","isPartOf":{"@id":"https:\/\/edelweiss-panorama.ch\/beyond-the-jar-how-college-champittets-educational-apiary-cultivates-curious-minds\/"},"author":{"name":"Frederic Tatu","@id":"https:\/\/edelweiss-panorama.ch\/fr\/#\/schema\/person\/40f339557f1e3168761bba6377cb0829"},"headline":"Beyond the Jar: How Coll\u00e8ge Champittet&#8217;s Educational Apiary Cultivates Curious Minds","datePublished":"2025-12-04T15:02:25+00:00","mainEntityOfPage":{"@id":"https:\/\/edelweiss-panorama.ch\/beyond-the-jar-how-college-champittets-educational-apiary-cultivates-curious-minds\/"},"wordCount":301,"commentCount":0,"publisher":{"@id":"https:\/\/edelweiss-panorama.ch\/fr\/#organization"},"image":{"@id":"https:\/\/edelweiss-panorama.ch\/beyond-the-jar-how-college-champittets-educational-apiary-cultivates-curious-minds\/#primaryimage"},"thumbnailUrl":"https:\/\/edelweiss-panorama.ch\/wp-content\/uploads\/2025\/12\/Beyond-the-Jar-How-College-Champittets-Educational-Apiary-Cultivates-Curious-Minds-2025-12-04T150220.516Z.jpg","keywords":["Coll\u00e8ge Champittet"],"articleSection":["Education"],"inLanguage":"fr-FR","potentialAction":[{"@type":"CommentAction","name":"Comment","target":["https:\/\/edelweiss-panorama.ch\/beyond-the-jar-how-college-champittets-educational-apiary-cultivates-curious-minds\/#respond"]}]},{"@type":"WebPage","@id":"https:\/\/edelweiss-panorama.ch\/beyond-the-jar-how-college-champittets-educational-apiary-cultivates-curious-minds\/","url":"https:\/\/edelweiss-panorama.ch\/beyond-the-jar-how-college-champittets-educational-apiary-cultivates-curious-minds\/","name":"Au-del\u00e0 du bocal : Le rucher p\u00e9dagogique du Coll\u00e8ge Champittet cultive les esprits curieux - Edelweiss Panorama International","isPartOf":{"@id":"https:\/\/edelweiss-panorama.ch\/fr\/#website"},"primaryImageOfPage":{"@id":"https:\/\/edelweiss-panorama.ch\/beyond-the-jar-how-college-champittets-educational-apiary-cultivates-curious-minds\/#primaryimage"},"image":{"@id":"https:\/\/edelweiss-panorama.ch\/beyond-the-jar-how-college-champittets-educational-apiary-cultivates-curious-minds\/#primaryimage"},"thumbnailUrl":"https:\/\/edelweiss-panorama.ch\/wp-content\/uploads\/2025\/12\/Beyond-the-Jar-How-College-Champittets-Educational-Apiary-Cultivates-Curious-Minds-2025-12-04T150220.516Z.jpg","datePublished":"2025-12-04T15:02:25+00:00","breadcrumb":{"@id":"https:\/\/edelweiss-panorama.ch\/beyond-the-jar-how-college-champittets-educational-apiary-cultivates-curious-minds\/#breadcrumb"},"inLanguage":"fr-FR","potentialAction":[{"@type":"ReadAction","target":["https:\/\/edelweiss-panorama.ch\/beyond-the-jar-how-college-champittets-educational-apiary-cultivates-curious-minds\/"]}]},{"@type":"ImageObject","inLanguage":"fr-FR","@id":"https:\/\/edelweiss-panorama.ch\/beyond-the-jar-how-college-champittets-educational-apiary-cultivates-curious-minds\/#primaryimage","url":"https:\/\/edelweiss-panorama.ch\/wp-content\/uploads\/2025\/12\/Beyond-the-Jar-How-College-Champittets-Educational-Apiary-Cultivates-Curious-Minds-2025-12-04T150220.516Z.jpg","contentUrl":"https:\/\/edelweiss-panorama.ch\/wp-content\/uploads\/2025\/12\/Beyond-the-Jar-How-College-Champittets-Educational-Apiary-Cultivates-Curious-Minds-2025-12-04T150220.516Z.jpg","width":1600,"height":1067},{"@type":"BreadcrumbList","@id":"https:\/\/edelweiss-panorama.ch\/beyond-the-jar-how-college-champittets-educational-apiary-cultivates-curious-minds\/#breadcrumb","itemListElement":[{"@type":"ListItem","position":1,"name":"Home","item":"https:\/\/edelweiss-panorama.ch\/"},{"@type":"ListItem","position":2,"name":"Beyond the Jar: How Coll\u00e8ge Champittet&#8217;s Educational Apiary Cultivates Curious Minds"}]},{"@type":"WebSite","@id":"https:\/\/edelweiss-panorama.ch\/fr\/#website","url":"https:\/\/edelweiss-panorama.ch\/fr\/","name":"Edelweiss Panorama International","description":"Il vous permet de vivre et de prosp\u00e9rer aux quatre coins du monde.","publisher":{"@id":"https:\/\/edelweiss-panorama.ch\/fr\/#organization"},"potentialAction":[{"@type":"SearchAction","target":{"@type":"EntryPoint","urlTemplate":"https:\/\/edelweiss-panorama.ch\/fr\/?s={search_term_string}"},"query-input":{"@type":"PropertyValueSpecification","valueRequired":true,"valueName":"search_term_string"}}],"inLanguage":"fr-FR"},{"@type":"Organization","@id":"https:\/\/edelweiss-panorama.ch\/fr\/#organization","name":"Edelweiss Panorama International","url":"https:\/\/edelweiss-panorama.ch\/fr\/","logo":{"@type":"ImageObject","inLanguage":"fr-FR","@id":"https:\/\/edelweiss-panorama.ch\/fr\/#\/schema\/logo\/image\/","url":"https:\/\/edelweiss-panorama.ch\/wp-content\/uploads\/2020\/04\/Untitled-design-1-1.png","contentUrl":"https:\/\/edelweiss-panorama.ch\/wp-content\/uploads\/2020\/04\/Untitled-design-1-1.png","width":1080,"height":1080,"caption":"Edelweiss Panorama International"},"image":{"@id":"https:\/\/edelweiss-panorama.ch\/fr\/#\/schema\/logo\/image\/"},"sameAs":["https:\/\/www.facebook.com\/edelweisspanorama","https:\/\/x.com\/EPI_Swiss"]},{"@type":"Person","@id":"https:\/\/edelweiss-panorama.ch\/fr\/#\/schema\/person\/40f339557f1e3168761bba6377cb0829","name":"Fr\u00e9d\u00e9ric Tatu","image":{"@type":"ImageObject","inLanguage":"fr-FR","@id":"https:\/\/secure.gravatar.com\/avatar\/0fe323859f18731575cc1727306a418c1c06adb036da08a42ad58ee43321377e?s=96&d=mm&r=g","url":"https:\/\/secure.gravatar.com\/avatar\/0fe323859f18731575cc1727306a418c1c06adb036da08a42ad58ee43321377e?s=96&d=mm&r=g","contentUrl":"https:\/\/secure.gravatar.com\/avatar\/0fe323859f18731575cc1727306a418c1c06adb036da08a42ad58ee43321377e?s=96&d=mm&r=g","caption":"Frederic Tatu"}}]}},"_links":{"self":[{"href":"https:\/\/edelweiss-panorama.ch\/fr\/wp-json\/wp\/v2\/posts\/49378","targetHints":{"allow":["GET"]}}],"collection":[{"href":"https:\/\/edelweiss-panorama.ch\/fr\/wp-json\/wp\/v2\/posts"}],"about":[{"href":"https:\/\/edelweiss-panorama.ch\/fr\/wp-json\/wp\/v2\/types\/post"}],"author":[{"embeddable":true,"href":"https:\/\/edelweiss-panorama.ch\/fr\/wp-json\/wp\/v2\/users\/10"}],"replies":[{"embeddable":true,"href":"https:\/\/edelweiss-panorama.ch\/fr\/wp-json\/wp\/v2\/comments?post=49378"}],"version-history":[{"count":0,"href":"https:\/\/edelweiss-panorama.ch\/fr\/wp-json\/wp\/v2\/posts\/49378\/revisions"}],"wp:featuredmedia":[{"embeddable":true,"href":"https:\/\/edelweiss-panorama.ch\/fr\/wp-json\/wp\/v2\/media\/49377"}],"wp:attachment":[{"href":"https:\/\/edelweiss-panorama.ch\/fr\/wp-json\/wp\/v2\/media?parent=49378"}],"wp:term":[{"taxonomy":"category","embeddable":true,"href":"https:\/\/edelweiss-panorama.ch\/fr\/wp-json\/wp\/v2\/categories?post=49378"},{"taxonomy":"post_tag","embeddable":true,"href":"https:\/\/edelweiss-panorama.ch\/fr\/wp-json\/wp\/v2\/tags?post=49378"}],"curies":[{"name":"wp","href":"https:\/\/api.w.org\/{rel}","templated":true}]}}