{"id":49635,"date":"2025-12-08T16:04:46","date_gmt":"2025-12-08T15:04:46","guid":{"rendered":"https:\/\/edelweiss-panorama.ch\/2025-cultural-learning-experience-trips-aiglons-global-education-adventures\/"},"modified":"2025-12-08T16:04:46","modified_gmt":"2025-12-08T15:04:46","slug":"2025-experience-dapprentissage-culturel-voyages-aiglons-education-globale-aventures","status":"publish","type":"post","link":"https:\/\/edelweiss-panorama.ch\/fr\/2025-cultural-learning-experience-trips-aiglons-global-education-adventures\/","title":{"rendered":"2025 Voyages d'apprentissage et d'exp\u00e9rience culturelle : Aventures \u00e9ducatives mondiales de l'Aiglon"},"content":{"rendered":"<p>Aiglon College&#8217;s 2025 Cultural Learning Experience (CLE) and Experience Trips program exemplifies a progressive, tiered approach to global education. Beginning in the Junior School, students engage with local Swiss heritage, laying a foundational appreciation for cultural context and community. As they progress into the Senior School, the scope expands significantly across Europe, with language-based immersions designed to deepen linguistic proficiency and cultural fluency. These carefully structured European journeys are more than mere excursions; they are integral academic components that challenge students to apply classroom learning in authentic, dynamic environments. The program&#8217;s design reflects a core educational philosophy: that profound understanding and personal growth are catalyzed by direct experience and meaningful engagement with diverse peoples and places.<\/p>\n<p><img decoding=\"async\" src=\"\/wp-content\/uploads\/2025\/12\/2025-Cultural-Learning-Experience-Trips-Aiglons-Global-Education-Adventures-2025-12-08T150355.354Z.jpeg\" \/><br \/>\n<img decoding=\"async\" src=\"\/wp-content\/uploads\/2025\/12\/2025-Cultural-Learning-Experience-Trips-Aiglons-Global-Education-Adventures-2025-12-08T150401.455Z.jpeg\" \/><br \/>\n<img decoding=\"async\" src=\"\/wp-content\/uploads\/2025\/12\/2025-Cultural-Learning-Experience-Trips-Aiglons-Global-Education-Adventures-2025-12-08T150406.237Z.jpeg\" \/><br \/>\n<img decoding=\"async\" src=\"\/wp-content\/uploads\/2025\/12\/2025-Cultural-Learning-Experience-Trips-Aiglons-Global-Education-Adventures-2025-12-08T150411.915Z.jpeg\" \/><br \/>\n<img decoding=\"async\" src=\"\/wp-content\/uploads\/2025\/12\/2025-Cultural-Learning-Experience-Trips-Aiglons-Global-Education-Adventures-2025-12-08T150417.335Z.jpeg\" \/><br \/>\n<img decoding=\"async\" src=\"\/wp-content\/uploads\/2025\/12\/2025-Cultural-Learning-Experience-Trips-Aiglons-Global-Education-Adventures-2025-12-08T150422.110Z.jpeg\" \/><br \/>\n<img decoding=\"async\" src=\"\/wp-content\/uploads\/2025\/12\/2025-Cultural-Learning-Experience-Trips-Aiglons-Global-Education-Adventures-2025-12-08T150427.266Z.jpeg\" \/><br \/>\n<img decoding=\"async\" src=\"\/wp-content\/uploads\/2025\/12\/2025-Cultural-Learning-Experience-Trips-Aiglons-Global-Education-Adventures-2025-12-08T150432.527Z.jpeg\" \/><br \/>\n<img decoding=\"async\" src=\"\/wp-content\/uploads\/2025\/12\/2025-Cultural-Learning-Experience-Trips-Aiglons-Global-Education-Adventures-2025-12-08T150437.958Z.jpeg\" \/><br \/>\n<img decoding=\"async\" src=\"\/wp-content\/uploads\/2025\/12\/2025-Cultural-Learning-Experience-Trips-Aiglons-Global-Education-Adventures-2025-12-08T150443.121Z.jpeg\" \/><\/p>\n<p>The program&#8217;s most ambitious dimension unfolds on the global stage, with transformative international experiences to destinations such as Borneo, China, India, Mexico, and Thailand. These expeditions are meticulously crafted to move beyond tourism, embedding students in communities and ecosystems where they confront complex global issues firsthand. Through a blend of *adventure*, service, and cultural exchange, students develop resilience, empathy, and critical thinking. The overarching aim is the cultivation of **global citizenship**\u2014equipping young leaders with the perspective and skills to navigate and contribute positively to an interconnected world. This holistic model, championed by [Aiglon College](https:\/\/edelweiss-panorama.ch\/aiglon-college\/), demonstrates how experiential learning is not an extracurricular luxury but a vital pedagogical tool for shaping informed, compassionate, and capable individuals.<\/p>\n","protected":false},"excerpt":{"rendered":"<p>Cet article pr\u00e9sente les voyages d'apprentissage et d'exp\u00e9rience culturelle 2025 du Coll\u00e8ge Aiglon, en d\u00e9taillant leur structure \u00e0 plusieurs niveaux, des explorations du patrimoine local suisse aux immersions dans les langues europ\u00e9ennes et aux aventures mondiales transformatrices, toutes con\u00e7ues pour favoriser la compr\u00e9hension culturelle, stimuler les \u00e9tudiants et d\u00e9velopper des citoyens du monde responsables.<\/p>","protected":false},"author":10,"featured_media":49625,"comment_status":"open","ping_status":"open","sticky":false,"template":"","format":"standard","meta":{"footnotes":""},"categories":[13],"tags":[39],"class_list":["post-49635","post","type-post","status-publish","format-standard","has-post-thumbnail","hentry","category-education","tag-aiglon-college"],"yoast_head":"<!-- This site is optimized with the Yoast SEO plugin v27.5 - https:\/\/yoast.com\/product\/yoast-seo-wordpress\/ -->\n<title>2025 Cultural Learning &amp; Experience Trips: Aiglon&#039;s Global Education Adventures - Edelweiss Panorama International<\/title>\n<meta name=\"robots\" content=\"index, follow, max-snippet:-1, max-image-preview:large, max-video-preview:-1\" \/>\n<link rel=\"canonical\" href=\"https:\/\/edelweiss-panorama.ch\/fr\/2025-experience-dapprentissage-culturel-voyages-aiglons-education-globale-aventures\/\" \/>\n<meta property=\"og:locale\" content=\"fr_FR\" \/>\n<meta property=\"og:type\" content=\"article\" \/>\n<meta property=\"og:title\" content=\"2025 Cultural Learning &amp; Experience Trips: Aiglon&#039;s Global Education Adventures - Edelweiss Panorama International\" \/>\n<meta property=\"og:description\" content=\"This article outlines Aiglon College&#039;s 2025 Cultural Learning and Experience Trips, detailing their tiered structure from local Swiss heritage explorations to European language immersions and transformative global adventures, all designed to foster cultural understanding, challenge students, and develop responsible global citizens.\" \/>\n<meta property=\"og:url\" content=\"https:\/\/edelweiss-panorama.ch\/fr\/2025-experience-dapprentissage-culturel-voyages-aiglons-education-globale-aventures\/\" \/>\n<meta property=\"og:site_name\" content=\"Edelweiss Panorama International\" \/>\n<meta property=\"article:publisher\" content=\"https:\/\/www.facebook.com\/edelweisspanorama\" \/>\n<meta property=\"article:published_time\" content=\"2025-12-08T15:04:46+00:00\" \/>\n<meta name=\"author\" content=\"Frederic Tatu\" \/>\n<meta name=\"twitter:card\" content=\"summary_large_image\" \/>\n<meta name=\"twitter:creator\" content=\"@EPI_Swiss\" \/>\n<meta name=\"twitter:site\" content=\"@EPI_Swiss\" \/>\n<meta name=\"twitter:label1\" content=\"\u00c9crit par\" \/>\n\t<meta name=\"twitter:data1\" content=\"Frederic Tatu\" \/>\n\t<meta name=\"twitter:label2\" content=\"Dur\u00e9e de lecture estim\u00e9e\" \/>\n\t<meta name=\"twitter:data2\" content=\"1 minute\" \/>\n<script type=\"application\/ld+json\" class=\"yoast-schema-graph\">{\"@context\":\"https:\\\/\\\/schema.org\",\"@graph\":[{\"@type\":\"Article\",\"@id\":\"https:\\\/\\\/edelweiss-panorama.ch\\\/2025-cultural-learning-experience-trips-aiglons-global-education-adventures\\\/#article\",\"isPartOf\":{\"@id\":\"https:\\\/\\\/edelweiss-panorama.ch\\\/2025-cultural-learning-experience-trips-aiglons-global-education-adventures\\\/\"},\"author\":{\"name\":\"Frederic Tatu\",\"@id\":\"https:\\\/\\\/edelweiss-panorama.ch\\\/fr\\\/#\\\/schema\\\/person\\\/40f339557f1e3168761bba6377cb0829\"},\"headline\":\"2025 Cultural Learning &#038; Experience Trips: Aiglon&#8217;s Global Education Adventures\",\"datePublished\":\"2025-12-08T15:04:46+00:00\",\"mainEntityOfPage\":{\"@id\":\"https:\\\/\\\/edelweiss-panorama.ch\\\/2025-cultural-learning-experience-trips-aiglons-global-education-adventures\\\/\"},\"wordCount\":247,\"commentCount\":0,\"publisher\":{\"@id\":\"https:\\\/\\\/edelweiss-panorama.ch\\\/fr\\\/#organization\"},\"image\":{\"@id\":\"https:\\\/\\\/edelweiss-panorama.ch\\\/2025-cultural-learning-experience-trips-aiglons-global-education-adventures\\\/#primaryimage\"},\"thumbnailUrl\":\"https:\\\/\\\/edelweiss-panorama.ch\\\/wp-content\\\/uploads\\\/2025\\\/12\\\/2025-Cultural-Learning-Experience-Trips-Aiglons-Global-Education-Adventures-2025-12-08T150355.354Z.jpeg\",\"keywords\":[\"Aiglon\"],\"articleSection\":[\"Education\"],\"inLanguage\":\"fr-FR\",\"potentialAction\":[{\"@type\":\"CommentAction\",\"name\":\"Comment\",\"target\":[\"https:\\\/\\\/edelweiss-panorama.ch\\\/2025-cultural-learning-experience-trips-aiglons-global-education-adventures\\\/#respond\"]}]},{\"@type\":\"WebPage\",\"@id\":\"https:\\\/\\\/edelweiss-panorama.ch\\\/2025-cultural-learning-experience-trips-aiglons-global-education-adventures\\\/\",\"url\":\"https:\\\/\\\/edelweiss-panorama.ch\\\/2025-cultural-learning-experience-trips-aiglons-global-education-adventures\\\/\",\"name\":\"2025 Cultural Learning & Experience Trips: Aiglon's Global Education Adventures - Edelweiss Panorama International\",\"isPartOf\":{\"@id\":\"https:\\\/\\\/edelweiss-panorama.ch\\\/fr\\\/#website\"},\"primaryImageOfPage\":{\"@id\":\"https:\\\/\\\/edelweiss-panorama.ch\\\/2025-cultural-learning-experience-trips-aiglons-global-education-adventures\\\/#primaryimage\"},\"image\":{\"@id\":\"https:\\\/\\\/edelweiss-panorama.ch\\\/2025-cultural-learning-experience-trips-aiglons-global-education-adventures\\\/#primaryimage\"},\"thumbnailUrl\":\"https:\\\/\\\/edelweiss-panorama.ch\\\/wp-content\\\/uploads\\\/2025\\\/12\\\/2025-Cultural-Learning-Experience-Trips-Aiglons-Global-Education-Adventures-2025-12-08T150355.354Z.jpeg\",\"datePublished\":\"2025-12-08T15:04:46+00:00\",\"breadcrumb\":{\"@id\":\"https:\\\/\\\/edelweiss-panorama.ch\\\/2025-cultural-learning-experience-trips-aiglons-global-education-adventures\\\/#breadcrumb\"},\"inLanguage\":\"fr-FR\",\"potentialAction\":[{\"@type\":\"ReadAction\",\"target\":[\"https:\\\/\\\/edelweiss-panorama.ch\\\/2025-cultural-learning-experience-trips-aiglons-global-education-adventures\\\/\"]}]},{\"@type\":\"ImageObject\",\"inLanguage\":\"fr-FR\",\"@id\":\"https:\\\/\\\/edelweiss-panorama.ch\\\/2025-cultural-learning-experience-trips-aiglons-global-education-adventures\\\/#primaryimage\",\"url\":\"https:\\\/\\\/edelweiss-panorama.ch\\\/wp-content\\\/uploads\\\/2025\\\/12\\\/2025-Cultural-Learning-Experience-Trips-Aiglons-Global-Education-Adventures-2025-12-08T150355.354Z.jpeg\",\"contentUrl\":\"https:\\\/\\\/edelweiss-panorama.ch\\\/wp-content\\\/uploads\\\/2025\\\/12\\\/2025-Cultural-Learning-Experience-Trips-Aiglons-Global-Education-Adventures-2025-12-08T150355.354Z.jpeg\",\"width\":1344,\"height\":1008},{\"@type\":\"BreadcrumbList\",\"@id\":\"https:\\\/\\\/edelweiss-panorama.ch\\\/2025-cultural-learning-experience-trips-aiglons-global-education-adventures\\\/#breadcrumb\",\"itemListElement\":[{\"@type\":\"ListItem\",\"position\":1,\"name\":\"Home\",\"item\":\"https:\\\/\\\/edelweiss-panorama.ch\\\/\"},{\"@type\":\"ListItem\",\"position\":2,\"name\":\"2025 Cultural Learning &#038; Experience Trips: Aiglon&#8217;s Global Education Adventures\"}]},{\"@type\":\"WebSite\",\"@id\":\"https:\\\/\\\/edelweiss-panorama.ch\\\/fr\\\/#website\",\"url\":\"https:\\\/\\\/edelweiss-panorama.ch\\\/fr\\\/\",\"name\":\"Edelweiss Panorama International\",\"description\":\"Allows you to live and thrive every corner of the world.\",\"publisher\":{\"@id\":\"https:\\\/\\\/edelweiss-panorama.ch\\\/fr\\\/#organization\"},\"potentialAction\":[{\"@type\":\"SearchAction\",\"target\":{\"@type\":\"EntryPoint\",\"urlTemplate\":\"https:\\\/\\\/edelweiss-panorama.ch\\\/fr\\\/?s={search_term_string}\"},\"query-input\":{\"@type\":\"PropertyValueSpecification\",\"valueRequired\":true,\"valueName\":\"search_term_string\"}}],\"inLanguage\":\"fr-FR\"},{\"@type\":\"Organization\",\"@id\":\"https:\\\/\\\/edelweiss-panorama.ch\\\/fr\\\/#organization\",\"name\":\"Edelweiss Panorama International\",\"url\":\"https:\\\/\\\/edelweiss-panorama.ch\\\/fr\\\/\",\"logo\":{\"@type\":\"ImageObject\",\"inLanguage\":\"fr-FR\",\"@id\":\"https:\\\/\\\/edelweiss-panorama.ch\\\/fr\\\/#\\\/schema\\\/logo\\\/image\\\/\",\"url\":\"https:\\\/\\\/edelweiss-panorama.ch\\\/wp-content\\\/uploads\\\/2020\\\/04\\\/Untitled-design-1-1.png\",\"contentUrl\":\"https:\\\/\\\/edelweiss-panorama.ch\\\/wp-content\\\/uploads\\\/2020\\\/04\\\/Untitled-design-1-1.png\",\"width\":1080,\"height\":1080,\"caption\":\"Edelweiss Panorama International\"},\"image\":{\"@id\":\"https:\\\/\\\/edelweiss-panorama.ch\\\/fr\\\/#\\\/schema\\\/logo\\\/image\\\/\"},\"sameAs\":[\"https:\\\/\\\/www.facebook.com\\\/edelweisspanorama\",\"https:\\\/\\\/x.com\\\/EPI_Swiss\"]},{\"@type\":\"Person\",\"@id\":\"https:\\\/\\\/edelweiss-panorama.ch\\\/fr\\\/#\\\/schema\\\/person\\\/40f339557f1e3168761bba6377cb0829\",\"name\":\"Frederic Tatu\",\"image\":{\"@type\":\"ImageObject\",\"inLanguage\":\"fr-FR\",\"@id\":\"https:\\\/\\\/secure.gravatar.com\\\/avatar\\\/0fe323859f18731575cc1727306a418c1c06adb036da08a42ad58ee43321377e?s=96&d=mm&r=g\",\"url\":\"https:\\\/\\\/secure.gravatar.com\\\/avatar\\\/0fe323859f18731575cc1727306a418c1c06adb036da08a42ad58ee43321377e?s=96&d=mm&r=g\",\"contentUrl\":\"https:\\\/\\\/secure.gravatar.com\\\/avatar\\\/0fe323859f18731575cc1727306a418c1c06adb036da08a42ad58ee43321377e?s=96&d=mm&r=g\",\"caption\":\"Frederic Tatu\"}}]}<\/script>\n<!-- \/ Yoast SEO plugin. -->","yoast_head_json":{"title":"2025 Voyages d'apprentissage et d'exp\u00e9rience culturelle : Aventures \u00e9ducatives mondiales de l'Aiglon - Edelweiss Panorama International","robots":{"index":"index","follow":"follow","max-snippet":"max-snippet:-1","max-image-preview":"max-image-preview:large","max-video-preview":"max-video-preview:-1"},"canonical":"https:\/\/edelweiss-panorama.ch\/fr\/2025-experience-dapprentissage-culturel-voyages-aiglons-education-globale-aventures\/","og_locale":"fr_FR","og_type":"article","og_title":"2025 Cultural Learning & Experience Trips: Aiglon's Global Education Adventures - Edelweiss Panorama International","og_description":"This article outlines Aiglon College's 2025 Cultural Learning and Experience Trips, detailing their tiered structure from local Swiss heritage explorations to European language immersions and transformative global adventures, all designed to foster cultural understanding, challenge students, and develop responsible global citizens.","og_url":"https:\/\/edelweiss-panorama.ch\/fr\/2025-experience-dapprentissage-culturel-voyages-aiglons-education-globale-aventures\/","og_site_name":"Edelweiss Panorama International","article_publisher":"https:\/\/www.facebook.com\/edelweisspanorama","article_published_time":"2025-12-08T15:04:46+00:00","author":"Frederic Tatu","twitter_card":"summary_large_image","twitter_creator":"@EPI_Swiss","twitter_site":"@EPI_Swiss","twitter_misc":{"\u00c9crit par":"Frederic Tatu","Dur\u00e9e de lecture estim\u00e9e":"1 minute"},"schema":{"@context":"https:\/\/schema.org","@graph":[{"@type":"Article","@id":"https:\/\/edelweiss-panorama.ch\/2025-cultural-learning-experience-trips-aiglons-global-education-adventures\/#article","isPartOf":{"@id":"https:\/\/edelweiss-panorama.ch\/2025-cultural-learning-experience-trips-aiglons-global-education-adventures\/"},"author":{"name":"Frederic Tatu","@id":"https:\/\/edelweiss-panorama.ch\/fr\/#\/schema\/person\/40f339557f1e3168761bba6377cb0829"},"headline":"2025 Cultural Learning &#038; Experience Trips: Aiglon&#8217;s Global Education Adventures","datePublished":"2025-12-08T15:04:46+00:00","mainEntityOfPage":{"@id":"https:\/\/edelweiss-panorama.ch\/2025-cultural-learning-experience-trips-aiglons-global-education-adventures\/"},"wordCount":247,"commentCount":0,"publisher":{"@id":"https:\/\/edelweiss-panorama.ch\/fr\/#organization"},"image":{"@id":"https:\/\/edelweiss-panorama.ch\/2025-cultural-learning-experience-trips-aiglons-global-education-adventures\/#primaryimage"},"thumbnailUrl":"https:\/\/edelweiss-panorama.ch\/wp-content\/uploads\/2025\/12\/2025-Cultural-Learning-Experience-Trips-Aiglons-Global-Education-Adventures-2025-12-08T150355.354Z.jpeg","keywords":["Aiglon"],"articleSection":["Education"],"inLanguage":"fr-FR","potentialAction":[{"@type":"CommentAction","name":"Comment","target":["https:\/\/edelweiss-panorama.ch\/2025-cultural-learning-experience-trips-aiglons-global-education-adventures\/#respond"]}]},{"@type":"WebPage","@id":"https:\/\/edelweiss-panorama.ch\/2025-cultural-learning-experience-trips-aiglons-global-education-adventures\/","url":"https:\/\/edelweiss-panorama.ch\/2025-cultural-learning-experience-trips-aiglons-global-education-adventures\/","name":"2025 Voyages d'apprentissage et d'exp\u00e9rience culturelle : Aventures \u00e9ducatives mondiales de l'Aiglon - Edelweiss Panorama International","isPartOf":{"@id":"https:\/\/edelweiss-panorama.ch\/fr\/#website"},"primaryImageOfPage":{"@id":"https:\/\/edelweiss-panorama.ch\/2025-cultural-learning-experience-trips-aiglons-global-education-adventures\/#primaryimage"},"image":{"@id":"https:\/\/edelweiss-panorama.ch\/2025-cultural-learning-experience-trips-aiglons-global-education-adventures\/#primaryimage"},"thumbnailUrl":"https:\/\/edelweiss-panorama.ch\/wp-content\/uploads\/2025\/12\/2025-Cultural-Learning-Experience-Trips-Aiglons-Global-Education-Adventures-2025-12-08T150355.354Z.jpeg","datePublished":"2025-12-08T15:04:46+00:00","breadcrumb":{"@id":"https:\/\/edelweiss-panorama.ch\/2025-cultural-learning-experience-trips-aiglons-global-education-adventures\/#breadcrumb"},"inLanguage":"fr-FR","potentialAction":[{"@type":"ReadAction","target":["https:\/\/edelweiss-panorama.ch\/2025-cultural-learning-experience-trips-aiglons-global-education-adventures\/"]}]},{"@type":"ImageObject","inLanguage":"fr-FR","@id":"https:\/\/edelweiss-panorama.ch\/2025-cultural-learning-experience-trips-aiglons-global-education-adventures\/#primaryimage","url":"https:\/\/edelweiss-panorama.ch\/wp-content\/uploads\/2025\/12\/2025-Cultural-Learning-Experience-Trips-Aiglons-Global-Education-Adventures-2025-12-08T150355.354Z.jpeg","contentUrl":"https:\/\/edelweiss-panorama.ch\/wp-content\/uploads\/2025\/12\/2025-Cultural-Learning-Experience-Trips-Aiglons-Global-Education-Adventures-2025-12-08T150355.354Z.jpeg","width":1344,"height":1008},{"@type":"BreadcrumbList","@id":"https:\/\/edelweiss-panorama.ch\/2025-cultural-learning-experience-trips-aiglons-global-education-adventures\/#breadcrumb","itemListElement":[{"@type":"ListItem","position":1,"name":"Home","item":"https:\/\/edelweiss-panorama.ch\/"},{"@type":"ListItem","position":2,"name":"2025 Cultural Learning &#038; Experience Trips: Aiglon&#8217;s Global Education Adventures"}]},{"@type":"WebSite","@id":"https:\/\/edelweiss-panorama.ch\/fr\/#website","url":"https:\/\/edelweiss-panorama.ch\/fr\/","name":"Edelweiss Panorama International","description":"Il vous permet de vivre et de prosp\u00e9rer aux quatre coins du monde.","publisher":{"@id":"https:\/\/edelweiss-panorama.ch\/fr\/#organization"},"potentialAction":[{"@type":"SearchAction","target":{"@type":"EntryPoint","urlTemplate":"https:\/\/edelweiss-panorama.ch\/fr\/?s={search_term_string}"},"query-input":{"@type":"PropertyValueSpecification","valueRequired":true,"valueName":"search_term_string"}}],"inLanguage":"fr-FR"},{"@type":"Organization","@id":"https:\/\/edelweiss-panorama.ch\/fr\/#organization","name":"Edelweiss Panorama International","url":"https:\/\/edelweiss-panorama.ch\/fr\/","logo":{"@type":"ImageObject","inLanguage":"fr-FR","@id":"https:\/\/edelweiss-panorama.ch\/fr\/#\/schema\/logo\/image\/","url":"https:\/\/edelweiss-panorama.ch\/wp-content\/uploads\/2020\/04\/Untitled-design-1-1.png","contentUrl":"https:\/\/edelweiss-panorama.ch\/wp-content\/uploads\/2020\/04\/Untitled-design-1-1.png","width":1080,"height":1080,"caption":"Edelweiss Panorama International"},"image":{"@id":"https:\/\/edelweiss-panorama.ch\/fr\/#\/schema\/logo\/image\/"},"sameAs":["https:\/\/www.facebook.com\/edelweisspanorama","https:\/\/x.com\/EPI_Swiss"]},{"@type":"Person","@id":"https:\/\/edelweiss-panorama.ch\/fr\/#\/schema\/person\/40f339557f1e3168761bba6377cb0829","name":"Fr\u00e9d\u00e9ric Tatu","image":{"@type":"ImageObject","inLanguage":"fr-FR","@id":"https:\/\/secure.gravatar.com\/avatar\/0fe323859f18731575cc1727306a418c1c06adb036da08a42ad58ee43321377e?s=96&d=mm&r=g","url":"https:\/\/secure.gravatar.com\/avatar\/0fe323859f18731575cc1727306a418c1c06adb036da08a42ad58ee43321377e?s=96&d=mm&r=g","contentUrl":"https:\/\/secure.gravatar.com\/avatar\/0fe323859f18731575cc1727306a418c1c06adb036da08a42ad58ee43321377e?s=96&d=mm&r=g","caption":"Frederic Tatu"}}]}},"_links":{"self":[{"href":"https:\/\/edelweiss-panorama.ch\/fr\/wp-json\/wp\/v2\/posts\/49635","targetHints":{"allow":["GET"]}}],"collection":[{"href":"https:\/\/edelweiss-panorama.ch\/fr\/wp-json\/wp\/v2\/posts"}],"about":[{"href":"https:\/\/edelweiss-panorama.ch\/fr\/wp-json\/wp\/v2\/types\/post"}],"author":[{"embeddable":true,"href":"https:\/\/edelweiss-panorama.ch\/fr\/wp-json\/wp\/v2\/users\/10"}],"replies":[{"embeddable":true,"href":"https:\/\/edelweiss-panorama.ch\/fr\/wp-json\/wp\/v2\/comments?post=49635"}],"version-history":[{"count":0,"href":"https:\/\/edelweiss-panorama.ch\/fr\/wp-json\/wp\/v2\/posts\/49635\/revisions"}],"wp:featuredmedia":[{"embeddable":true,"href":"https:\/\/edelweiss-panorama.ch\/fr\/wp-json\/wp\/v2\/media\/49625"}],"wp:attachment":[{"href":"https:\/\/edelweiss-panorama.ch\/fr\/wp-json\/wp\/v2\/media?parent=49635"}],"wp:term":[{"taxonomy":"category","embeddable":true,"href":"https:\/\/edelweiss-panorama.ch\/fr\/wp-json\/wp\/v2\/categories?post=49635"},{"taxonomy":"post_tag","embeddable":true,"href":"https:\/\/edelweiss-panorama.ch\/fr\/wp-json\/wp\/v2\/tags?post=49635"}],"curies":[{"name":"wp","href":"https:\/\/api.w.org\/{rel}","templated":true}]}}