{"id":50073,"date":"2026-01-20T00:11:17","date_gmt":"2026-01-19T23:11:17","guid":{"rendered":"https:\/\/edelweiss-panorama.ch\/fete-de-noel\/"},"modified":"2026-01-20T00:11:17","modified_gmt":"2026-01-19T23:11:17","slug":"fete-de-noel","status":"publish","type":"post","link":"https:\/\/edelweiss-panorama.ch\/fr\/fete-de-noel\/","title":{"rendered":"F\u00eate de No\u00ebl"},"content":{"rendered":"<p>Lors de la F\u00eate de No\u00ebl, les Ros\u00e9ens du Rosey ont fi\u00e8rement pr\u00e9sent\u00e9 un magnifique programme artistique \u00e0 des centaines de parents r\u00e9unis \u00e0 Rolle. L'\u00e9v\u00e9nement a mis en \u00e9vidence l'engagement de l'\u00e9cole en faveur d'une \u00e9ducation holistique, alliant l'excellence acad\u00e9mique \u00e0 un riche d\u00e9veloppement artistique. Les \u00e9l\u00e8ves ont fait preuve d'un talent remarquable dans diverses disciplines, cr\u00e9ant ainsi une c\u00e9l\u00e9bration m\u00e9morable qui a mis en lumi\u00e8re l'esprit communautaire dynamique du Rosey. La soir\u00e9e a commenc\u00e9 par des repr\u00e9sentations th\u00e9\u00e2trales qui ont captiv\u00e9 le public, donnant un ton de sophistication et de cr\u00e9ativit\u00e9 qui s'est poursuivi tout au long de la soir\u00e9e. Les parents ont pu constater de visu que l'\u00e9cole favorise l'\u00e9panouissement intellectuel et artistique de ses \u00e9l\u00e8ves, renfor\u00e7ant ainsi la raison pour laquelle Le Rosey reste une institution \u00e9ducative de premier plan.<\/p>\n<p><img decoding=\"async\" src=\"\/wp-content\/uploads\/2026\/01\/Fete-de-Noel-2026-01-19T231055.871Z.jpeg\" \/><br \/>\n<img decoding=\"async\" src=\"\/wp-content\/uploads\/2026\/01\/Fete-de-Noel-2026-01-19T231058.273Z.jpeg\" \/><br \/>\n<img decoding=\"async\" src=\"\/wp-content\/uploads\/2026\/01\/Fete-de-Noel-2026-01-19T231100.454Z.jpeg\" \/><br \/>\n<img decoding=\"async\" src=\"\/wp-content\/uploads\/2026\/01\/Fete-de-Noel-2026-01-19T231102.750Z.jpeg\" \/><br \/>\n<img decoding=\"async\" src=\"\/wp-content\/uploads\/2026\/01\/Fete-de-Noel-2026-01-19T231104.988Z.jpeg\" \/><br \/>\n<img decoding=\"async\" src=\"\/wp-content\/uploads\/2026\/01\/Fete-de-Noel-2026-01-19T231107.261Z.jpeg\" \/><br \/>\n<img decoding=\"async\" src=\"\/wp-content\/uploads\/2026\/01\/Fete-de-Noel-2026-01-19T231109.516Z.jpeg\" \/><br \/>\n<img decoding=\"async\" src=\"\/wp-content\/uploads\/2026\/01\/Fete-de-Noel-2026-01-19T231111.679Z.jpeg\" \/><br \/>\n<img decoding=\"async\" src=\"\/wp-content\/uploads\/2026\/01\/Fete-de-Noel-2026-01-19T231113.849Z.jpeg\" \/><\/p>\n<p>Parmi les moments forts de la soir\u00e9e, citons une impressionnante production de 'Our Town' jou\u00e9e par la troupe de th\u00e9\u00e2tre, suivie de 'Casse-Noisette' pr\u00e9sent\u00e9 par le groupe de th\u00e9\u00e2tre Juniors. Des concerts classiques ont offert d'\u00e9l\u00e9gants interm\u00e8des musicaux, d\u00e9montrant la comp\u00e9tence technique et la profondeur \u00e9motionnelle des \u00e9l\u00e8ves. Les c\u00e9l\u00e9brations se sont termin\u00e9es de mani\u00e8re \u00e9nergique avec la School of Rock, qui a mis en valeur les talents musicaux contemporains. Ce programme vari\u00e9 refl\u00e9tait l'\u00e9ducation artistique compl\u00e8te dispens\u00e9e au Rosey, o\u00f9 les \u00e9l\u00e8ves explorent tous les domaines, du th\u00e9\u00e2tre traditionnel aux arts de la sc\u00e8ne modernes. Le succ\u00e8s de la F\u00eate de No\u00ebl souligne la mani\u00e8re dont l'\u00e9cole cr\u00e9e des opportunit\u00e9s significatives pour que les \u00e9l\u00e8ves d\u00e9veloppent leur confiance, leur capacit\u00e9 de collaboration et leur expression cr\u00e9ative. De tels \u00e9v\u00e9nements font partie int\u00e9grante de la philosophie \u00e9ducative de l'\u00e9cole Le Rosey, qui pr\u00e9pare les \u00e9l\u00e8ves non seulement sur le plan acad\u00e9mique, mais aussi en tant qu'individus \u00e9quilibr\u00e9s pr\u00eats \u00e0 contribuer \u00e0 la soci\u00e9t\u00e9 mondiale.<\/p>","protected":false},"excerpt":{"rendered":"<p>L'article d\u00e9crit le succ\u00e8s de la F\u00eate de No\u00ebl du Rosey, au cours de laquelle les \u00e9l\u00e8ves ont pr\u00e9sent\u00e9 aux parents de Rolle un programme artistique vari\u00e9 comprenant des productions th\u00e9\u00e2trales, des concerts classiques et des performances contemporaines, soulignant ainsi l'engagement de l'\u00e9cole en faveur d'une \u00e9ducation artistique compl\u00e8te et d'un engagement communautaire.<\/p>","protected":false},"author":10,"featured_media":50064,"comment_status":"open","ping_status":"open","sticky":false,"template":"","format":"standard","meta":{"footnotes":""},"categories":[13],"tags":[],"class_list":["post-50073","post","type-post","status-publish","format-standard","has-post-thumbnail","hentry","category-education"],"yoast_head":"<!-- This site is optimized with the Yoast SEO plugin v27.5 - https:\/\/yoast.com\/product\/yoast-seo-wordpress\/ -->\n<title>F\u00eate de No\u00ebl - Edelweiss Panorama International<\/title>\n<meta name=\"robots\" content=\"index, follow, max-snippet:-1, max-image-preview:large, max-video-preview:-1\" \/>\n<link rel=\"canonical\" href=\"https:\/\/edelweiss-panorama.ch\/fr\/fete-de-noel\/\" \/>\n<meta property=\"og:locale\" content=\"fr_FR\" \/>\n<meta property=\"og:type\" content=\"article\" \/>\n<meta property=\"og:title\" content=\"F\u00eate de No\u00ebl - Edelweiss Panorama International\" \/>\n<meta property=\"og:description\" content=\"The article describes Le Rosey&#039;s successful F\u00eate de No\u00ebl event where students presented a diverse artistic programme including theatrical productions, classical concerts, and contemporary performances to parents in Rolle, highlighting the school&#039;s commitment to comprehensive arts education and community engagement.\" \/>\n<meta property=\"og:url\" content=\"https:\/\/edelweiss-panorama.ch\/fr\/fete-de-noel\/\" \/>\n<meta property=\"og:site_name\" content=\"Edelweiss Panorama International\" \/>\n<meta property=\"article:publisher\" content=\"https:\/\/www.facebook.com\/edelweisspanorama\" \/>\n<meta property=\"article:published_time\" content=\"2026-01-19T23:11:17+00:00\" \/>\n<meta name=\"author\" content=\"Frederic Tatu\" \/>\n<meta name=\"twitter:card\" content=\"summary_large_image\" \/>\n<meta name=\"twitter:creator\" content=\"@EPI_Swiss\" \/>\n<meta name=\"twitter:site\" content=\"@EPI_Swiss\" \/>\n<meta name=\"twitter:label1\" content=\"\u00c9crit par\" \/>\n\t<meta name=\"twitter:data1\" content=\"Frederic Tatu\" \/>\n\t<meta name=\"twitter:label2\" content=\"Dur\u00e9e de lecture estim\u00e9e\" \/>\n\t<meta name=\"twitter:data2\" content=\"1 minute\" \/>\n<script type=\"application\/ld+json\" class=\"yoast-schema-graph\">{\"@context\":\"https:\\\/\\\/schema.org\",\"@graph\":[{\"@type\":\"Article\",\"@id\":\"https:\\\/\\\/edelweiss-panorama.ch\\\/fete-de-noel\\\/#article\",\"isPartOf\":{\"@id\":\"https:\\\/\\\/edelweiss-panorama.ch\\\/fete-de-noel\\\/\"},\"author\":{\"name\":\"Frederic Tatu\",\"@id\":\"https:\\\/\\\/edelweiss-panorama.ch\\\/fr\\\/#\\\/schema\\\/person\\\/40f339557f1e3168761bba6377cb0829\"},\"headline\":\"F\u00eate de No\u00ebl\",\"datePublished\":\"2026-01-19T23:11:17+00:00\",\"mainEntityOfPage\":{\"@id\":\"https:\\\/\\\/edelweiss-panorama.ch\\\/fete-de-noel\\\/\"},\"wordCount\":243,\"commentCount\":0,\"publisher\":{\"@id\":\"https:\\\/\\\/edelweiss-panorama.ch\\\/fr\\\/#organization\"},\"image\":{\"@id\":\"https:\\\/\\\/edelweiss-panorama.ch\\\/fete-de-noel\\\/#primaryimage\"},\"thumbnailUrl\":\"https:\\\/\\\/edelweiss-panorama.ch\\\/wp-content\\\/uploads\\\/2026\\\/01\\\/Fete-de-Noel-2026-01-19T231055.871Z.jpeg\",\"articleSection\":[\"Education\"],\"inLanguage\":\"fr-FR\",\"potentialAction\":[{\"@type\":\"CommentAction\",\"name\":\"Comment\",\"target\":[\"https:\\\/\\\/edelweiss-panorama.ch\\\/fete-de-noel\\\/#respond\"]}]},{\"@type\":\"WebPage\",\"@id\":\"https:\\\/\\\/edelweiss-panorama.ch\\\/fete-de-noel\\\/\",\"url\":\"https:\\\/\\\/edelweiss-panorama.ch\\\/fete-de-noel\\\/\",\"name\":\"F\u00eate de No\u00ebl - Edelweiss Panorama International\",\"isPartOf\":{\"@id\":\"https:\\\/\\\/edelweiss-panorama.ch\\\/fr\\\/#website\"},\"primaryImageOfPage\":{\"@id\":\"https:\\\/\\\/edelweiss-panorama.ch\\\/fete-de-noel\\\/#primaryimage\"},\"image\":{\"@id\":\"https:\\\/\\\/edelweiss-panorama.ch\\\/fete-de-noel\\\/#primaryimage\"},\"thumbnailUrl\":\"https:\\\/\\\/edelweiss-panorama.ch\\\/wp-content\\\/uploads\\\/2026\\\/01\\\/Fete-de-Noel-2026-01-19T231055.871Z.jpeg\",\"datePublished\":\"2026-01-19T23:11:17+00:00\",\"breadcrumb\":{\"@id\":\"https:\\\/\\\/edelweiss-panorama.ch\\\/fete-de-noel\\\/#breadcrumb\"},\"inLanguage\":\"fr-FR\",\"potentialAction\":[{\"@type\":\"ReadAction\",\"target\":[\"https:\\\/\\\/edelweiss-panorama.ch\\\/fete-de-noel\\\/\"]}]},{\"@type\":\"ImageObject\",\"inLanguage\":\"fr-FR\",\"@id\":\"https:\\\/\\\/edelweiss-panorama.ch\\\/fete-de-noel\\\/#primaryimage\",\"url\":\"https:\\\/\\\/edelweiss-panorama.ch\\\/wp-content\\\/uploads\\\/2026\\\/01\\\/Fete-de-Noel-2026-01-19T231055.871Z.jpeg\",\"contentUrl\":\"https:\\\/\\\/edelweiss-panorama.ch\\\/wp-content\\\/uploads\\\/2026\\\/01\\\/Fete-de-Noel-2026-01-19T231055.871Z.jpeg\",\"width\":651,\"height\":434},{\"@type\":\"BreadcrumbList\",\"@id\":\"https:\\\/\\\/edelweiss-panorama.ch\\\/fete-de-noel\\\/#breadcrumb\",\"itemListElement\":[{\"@type\":\"ListItem\",\"position\":1,\"name\":\"Home\",\"item\":\"https:\\\/\\\/edelweiss-panorama.ch\\\/\"},{\"@type\":\"ListItem\",\"position\":2,\"name\":\"F\u00eate de No\u00ebl\"}]},{\"@type\":\"WebSite\",\"@id\":\"https:\\\/\\\/edelweiss-panorama.ch\\\/fr\\\/#website\",\"url\":\"https:\\\/\\\/edelweiss-panorama.ch\\\/fr\\\/\",\"name\":\"Edelweiss Panorama International\",\"description\":\"Allows you to live and thrive every corner of the world.\",\"publisher\":{\"@id\":\"https:\\\/\\\/edelweiss-panorama.ch\\\/fr\\\/#organization\"},\"potentialAction\":[{\"@type\":\"SearchAction\",\"target\":{\"@type\":\"EntryPoint\",\"urlTemplate\":\"https:\\\/\\\/edelweiss-panorama.ch\\\/fr\\\/?s={search_term_string}\"},\"query-input\":{\"@type\":\"PropertyValueSpecification\",\"valueRequired\":true,\"valueName\":\"search_term_string\"}}],\"inLanguage\":\"fr-FR\"},{\"@type\":\"Organization\",\"@id\":\"https:\\\/\\\/edelweiss-panorama.ch\\\/fr\\\/#organization\",\"name\":\"Edelweiss Panorama International\",\"url\":\"https:\\\/\\\/edelweiss-panorama.ch\\\/fr\\\/\",\"logo\":{\"@type\":\"ImageObject\",\"inLanguage\":\"fr-FR\",\"@id\":\"https:\\\/\\\/edelweiss-panorama.ch\\\/fr\\\/#\\\/schema\\\/logo\\\/image\\\/\",\"url\":\"https:\\\/\\\/edelweiss-panorama.ch\\\/wp-content\\\/uploads\\\/2020\\\/04\\\/Untitled-design-1-1.png\",\"contentUrl\":\"https:\\\/\\\/edelweiss-panorama.ch\\\/wp-content\\\/uploads\\\/2020\\\/04\\\/Untitled-design-1-1.png\",\"width\":1080,\"height\":1080,\"caption\":\"Edelweiss Panorama International\"},\"image\":{\"@id\":\"https:\\\/\\\/edelweiss-panorama.ch\\\/fr\\\/#\\\/schema\\\/logo\\\/image\\\/\"},\"sameAs\":[\"https:\\\/\\\/www.facebook.com\\\/edelweisspanorama\",\"https:\\\/\\\/x.com\\\/EPI_Swiss\"]},{\"@type\":\"Person\",\"@id\":\"https:\\\/\\\/edelweiss-panorama.ch\\\/fr\\\/#\\\/schema\\\/person\\\/40f339557f1e3168761bba6377cb0829\",\"name\":\"Frederic Tatu\",\"image\":{\"@type\":\"ImageObject\",\"inLanguage\":\"fr-FR\",\"@id\":\"https:\\\/\\\/secure.gravatar.com\\\/avatar\\\/0fe323859f18731575cc1727306a418c1c06adb036da08a42ad58ee43321377e?s=96&d=mm&r=g\",\"url\":\"https:\\\/\\\/secure.gravatar.com\\\/avatar\\\/0fe323859f18731575cc1727306a418c1c06adb036da08a42ad58ee43321377e?s=96&d=mm&r=g\",\"contentUrl\":\"https:\\\/\\\/secure.gravatar.com\\\/avatar\\\/0fe323859f18731575cc1727306a418c1c06adb036da08a42ad58ee43321377e?s=96&d=mm&r=g\",\"caption\":\"Frederic Tatu\"}}]}<\/script>\n<!-- \/ Yoast SEO plugin. -->","yoast_head_json":{"title":"F\u00eate de No\u00ebl - Edelweiss Panorama International","robots":{"index":"index","follow":"follow","max-snippet":"max-snippet:-1","max-image-preview":"max-image-preview:large","max-video-preview":"max-video-preview:-1"},"canonical":"https:\/\/edelweiss-panorama.ch\/fr\/fete-de-noel\/","og_locale":"fr_FR","og_type":"article","og_title":"F\u00eate de No\u00ebl - Edelweiss Panorama International","og_description":"The article describes Le Rosey's successful F\u00eate de No\u00ebl event where students presented a diverse artistic programme including theatrical productions, classical concerts, and contemporary performances to parents in Rolle, highlighting the school's commitment to comprehensive arts education and community engagement.","og_url":"https:\/\/edelweiss-panorama.ch\/fr\/fete-de-noel\/","og_site_name":"Edelweiss Panorama International","article_publisher":"https:\/\/www.facebook.com\/edelweisspanorama","article_published_time":"2026-01-19T23:11:17+00:00","author":"Frederic Tatu","twitter_card":"summary_large_image","twitter_creator":"@EPI_Swiss","twitter_site":"@EPI_Swiss","twitter_misc":{"\u00c9crit par":"Frederic Tatu","Dur\u00e9e de lecture estim\u00e9e":"1 minute"},"schema":{"@context":"https:\/\/schema.org","@graph":[{"@type":"Article","@id":"https:\/\/edelweiss-panorama.ch\/fete-de-noel\/#article","isPartOf":{"@id":"https:\/\/edelweiss-panorama.ch\/fete-de-noel\/"},"author":{"name":"Frederic Tatu","@id":"https:\/\/edelweiss-panorama.ch\/fr\/#\/schema\/person\/40f339557f1e3168761bba6377cb0829"},"headline":"F\u00eate de No\u00ebl","datePublished":"2026-01-19T23:11:17+00:00","mainEntityOfPage":{"@id":"https:\/\/edelweiss-panorama.ch\/fete-de-noel\/"},"wordCount":243,"commentCount":0,"publisher":{"@id":"https:\/\/edelweiss-panorama.ch\/fr\/#organization"},"image":{"@id":"https:\/\/edelweiss-panorama.ch\/fete-de-noel\/#primaryimage"},"thumbnailUrl":"https:\/\/edelweiss-panorama.ch\/wp-content\/uploads\/2026\/01\/Fete-de-Noel-2026-01-19T231055.871Z.jpeg","articleSection":["Education"],"inLanguage":"fr-FR","potentialAction":[{"@type":"CommentAction","name":"Comment","target":["https:\/\/edelweiss-panorama.ch\/fete-de-noel\/#respond"]}]},{"@type":"WebPage","@id":"https:\/\/edelweiss-panorama.ch\/fete-de-noel\/","url":"https:\/\/edelweiss-panorama.ch\/fete-de-noel\/","name":"F\u00eate de No\u00ebl - Edelweiss Panorama International","isPartOf":{"@id":"https:\/\/edelweiss-panorama.ch\/fr\/#website"},"primaryImageOfPage":{"@id":"https:\/\/edelweiss-panorama.ch\/fete-de-noel\/#primaryimage"},"image":{"@id":"https:\/\/edelweiss-panorama.ch\/fete-de-noel\/#primaryimage"},"thumbnailUrl":"https:\/\/edelweiss-panorama.ch\/wp-content\/uploads\/2026\/01\/Fete-de-Noel-2026-01-19T231055.871Z.jpeg","datePublished":"2026-01-19T23:11:17+00:00","breadcrumb":{"@id":"https:\/\/edelweiss-panorama.ch\/fete-de-noel\/#breadcrumb"},"inLanguage":"fr-FR","potentialAction":[{"@type":"ReadAction","target":["https:\/\/edelweiss-panorama.ch\/fete-de-noel\/"]}]},{"@type":"ImageObject","inLanguage":"fr-FR","@id":"https:\/\/edelweiss-panorama.ch\/fete-de-noel\/#primaryimage","url":"https:\/\/edelweiss-panorama.ch\/wp-content\/uploads\/2026\/01\/Fete-de-Noel-2026-01-19T231055.871Z.jpeg","contentUrl":"https:\/\/edelweiss-panorama.ch\/wp-content\/uploads\/2026\/01\/Fete-de-Noel-2026-01-19T231055.871Z.jpeg","width":651,"height":434},{"@type":"BreadcrumbList","@id":"https:\/\/edelweiss-panorama.ch\/fete-de-noel\/#breadcrumb","itemListElement":[{"@type":"ListItem","position":1,"name":"Home","item":"https:\/\/edelweiss-panorama.ch\/"},{"@type":"ListItem","position":2,"name":"F\u00eate de No\u00ebl"}]},{"@type":"WebSite","@id":"https:\/\/edelweiss-panorama.ch\/fr\/#website","url":"https:\/\/edelweiss-panorama.ch\/fr\/","name":"Edelweiss Panorama International","description":"Il vous permet de vivre et de prosp\u00e9rer aux quatre coins du monde.","publisher":{"@id":"https:\/\/edelweiss-panorama.ch\/fr\/#organization"},"potentialAction":[{"@type":"SearchAction","target":{"@type":"EntryPoint","urlTemplate":"https:\/\/edelweiss-panorama.ch\/fr\/?s={search_term_string}"},"query-input":{"@type":"PropertyValueSpecification","valueRequired":true,"valueName":"search_term_string"}}],"inLanguage":"fr-FR"},{"@type":"Organization","@id":"https:\/\/edelweiss-panorama.ch\/fr\/#organization","name":"Edelweiss Panorama International","url":"https:\/\/edelweiss-panorama.ch\/fr\/","logo":{"@type":"ImageObject","inLanguage":"fr-FR","@id":"https:\/\/edelweiss-panorama.ch\/fr\/#\/schema\/logo\/image\/","url":"https:\/\/edelweiss-panorama.ch\/wp-content\/uploads\/2020\/04\/Untitled-design-1-1.png","contentUrl":"https:\/\/edelweiss-panorama.ch\/wp-content\/uploads\/2020\/04\/Untitled-design-1-1.png","width":1080,"height":1080,"caption":"Edelweiss Panorama International"},"image":{"@id":"https:\/\/edelweiss-panorama.ch\/fr\/#\/schema\/logo\/image\/"},"sameAs":["https:\/\/www.facebook.com\/edelweisspanorama","https:\/\/x.com\/EPI_Swiss"]},{"@type":"Person","@id":"https:\/\/edelweiss-panorama.ch\/fr\/#\/schema\/person\/40f339557f1e3168761bba6377cb0829","name":"Fr\u00e9d\u00e9ric Tatu","image":{"@type":"ImageObject","inLanguage":"fr-FR","@id":"https:\/\/secure.gravatar.com\/avatar\/0fe323859f18731575cc1727306a418c1c06adb036da08a42ad58ee43321377e?s=96&d=mm&r=g","url":"https:\/\/secure.gravatar.com\/avatar\/0fe323859f18731575cc1727306a418c1c06adb036da08a42ad58ee43321377e?s=96&d=mm&r=g","contentUrl":"https:\/\/secure.gravatar.com\/avatar\/0fe323859f18731575cc1727306a418c1c06adb036da08a42ad58ee43321377e?s=96&d=mm&r=g","caption":"Frederic Tatu"}}]}},"_links":{"self":[{"href":"https:\/\/edelweiss-panorama.ch\/fr\/wp-json\/wp\/v2\/posts\/50073","targetHints":{"allow":["GET"]}}],"collection":[{"href":"https:\/\/edelweiss-panorama.ch\/fr\/wp-json\/wp\/v2\/posts"}],"about":[{"href":"https:\/\/edelweiss-panorama.ch\/fr\/wp-json\/wp\/v2\/types\/post"}],"author":[{"embeddable":true,"href":"https:\/\/edelweiss-panorama.ch\/fr\/wp-json\/wp\/v2\/users\/10"}],"replies":[{"embeddable":true,"href":"https:\/\/edelweiss-panorama.ch\/fr\/wp-json\/wp\/v2\/comments?post=50073"}],"version-history":[{"count":0,"href":"https:\/\/edelweiss-panorama.ch\/fr\/wp-json\/wp\/v2\/posts\/50073\/revisions"}],"wp:featuredmedia":[{"embeddable":true,"href":"https:\/\/edelweiss-panorama.ch\/fr\/wp-json\/wp\/v2\/media\/50064"}],"wp:attachment":[{"href":"https:\/\/edelweiss-panorama.ch\/fr\/wp-json\/wp\/v2\/media?parent=50073"}],"wp:term":[{"taxonomy":"category","embeddable":true,"href":"https:\/\/edelweiss-panorama.ch\/fr\/wp-json\/wp\/v2\/categories?post=50073"},{"taxonomy":"post_tag","embeddable":true,"href":"https:\/\/edelweiss-panorama.ch\/fr\/wp-json\/wp\/v2\/tags?post=50073"}],"curies":[{"name":"wp","href":"https:\/\/api.w.org\/{rel}","templated":true}]}}