{"id":50438,"date":"2026-02-16T00:07:09","date_gmt":"2026-02-15T23:07:09","guid":{"rendered":"https:\/\/edelweiss-panorama.ch\/troisieme-concours-deloquence\/"},"modified":"2026-02-16T00:07:09","modified_gmt":"2026-02-15T23:07:09","slug":"troisieme-concours-deloquence","status":"publish","type":"post","link":"https:\/\/edelweiss-panorama.ch\/fr\/troisieme-concours-deloquence\/","title":{"rendered":"Troisi\u00e8me concours d'\u00e9loquence"},"content":{"rendered":"<p>La troisi\u00e8me \u00e9dition du concours d'\u00e9loquence <a href=\"https:\/\/edelweiss-panorama.ch\/fr\/institut-le-rosey\/\">Le Rosey<\/a> a pr\u00e9sent\u00e9 une remarquable diversit\u00e9 de th\u00e8mes, tous unis par un fil conducteur : l'empathie. Cette qualit\u00e9 humaine essentielle - la capacit\u00e9 \u00e0 se mettre dans la peau d'une autre personne - a servi de base \u00e0 chaque pr\u00e9sentation, \u00e9levant le discours au-del\u00e0 de la simple rh\u00e9torique pour cr\u00e9er une v\u00e9ritable connexion. Les \u00e9tudiants ont d\u00e9montr\u00e9 non seulement leurs talents d'orateurs, mais aussi un engagement profond \u00e0 parler avec pr\u00e9cision et authenticit\u00e9, refl\u00e9tant les normes \u00e9lev\u00e9es d'engagement intellectuel encourag\u00e9es \u00e0 l'\u00e9cole de l'Union europ\u00e9enne. <a href=\"https:\/\/edelweiss-panorama.ch\/fr\/institut-le-rosey\/\">Rosey<\/a>. L'\u00e9v\u00e9nement a mis en lumi\u00e8re la fa\u00e7on dont l'\u00e9loquence, associ\u00e9e \u00e0 l'empathie, devient un outil puissant pour comprendre et articuler des exp\u00e9riences humaines complexes, un principe profond\u00e9ment ancr\u00e9 dans la philosophie \u00e9ducative de l'institution.<\/p>\n<p><img decoding=\"async\" src=\"\/wp-content\/uploads\/2026\/02\/Troisieme-Concours-dEloquence-2026-02-15T230658.652Z.jpeg\" \/><br \/>\n<img decoding=\"async\" src=\"\/wp-content\/uploads\/2026\/02\/Troisieme-Concours-dEloquence-2026-02-15T230702.032Z.jpeg\" \/><br \/>\n<img decoding=\"async\" src=\"\/wp-content\/uploads\/2026\/02\/Troisieme-Concours-dEloquence-2026-02-15T230704.183Z.jpeg\" \/><br \/>\n<img decoding=\"async\" src=\"\/wp-content\/uploads\/2026\/02\/Troisieme-Concours-dEloquence-2026-02-15T230706.370Z.jpeg\" \/><\/p>\n<p>Emmelyne a captiv\u00e9 le public en explorant la relation complexe entre la m\u00e9moire et l'identit\u00e9, rappelant \u00e0 tous \u00e0 quel point les exp\u00e9riences personnelles fa\u00e7onnent ce que nous devenons. Alexandre a ensuite remis en question des certitudes bien ancr\u00e9es, encourageant une r\u00e9flexion critique sur des v\u00e9rit\u00e9s suppos\u00e9es. Aaria s'est ensuite pench\u00e9e sur le rythme des soci\u00e9t\u00e9s modernes, offrant un aper\u00e7u de leurs structures dynamiques. Le clou du spectacle a \u00e9t\u00e9 Imane, qui a parl\u00e9 de mani\u00e8re poignante de la jeunesse, de la libert\u00e9 et du poids des attentes pr\u00e9coces, m\u00e9ritant le prix de cette ann\u00e9e pour son expression sinc\u00e8re et engag\u00e9e. Sa prestation a incarn\u00e9 l'esprit libre des Ros\u00e9ens, mettant en valeur la culture intellectuelle vibrante de l'\u00e9cole. <a href=\"https:\/\/edelweiss-panorama.ch\/fr\/institut-le-rosey\/\">Le Rosey<\/a>. Ce concours n'a pas seulement c\u00e9l\u00e9br\u00e9 la r\u00e9ussite individuelle, il a \u00e9galement renforc\u00e9 l'engagement de l'\u00e9cole \u00e0 former des leaders \u00e9loquents et empathiques, pr\u00eats \u00e0 s'engager dans les complexit\u00e9s du monde.<\/p>","protected":false},"excerpt":{"rendered":"<p>Le troisi\u00e8me concours d'\u00e9loquence du Rosey a mis l'accent sur l'empathie et la pr\u00e9cision de la communication, avec des pr\u00e9sentations sur la m\u00e9moire, la remise en question des certitudes, les rythmes soci\u00e9taux et les attentes des jeunes, Imane remportant le prix pour son discours r\u00e9fl\u00e9chi sur la libert\u00e9 et les pressions pr\u00e9coces.<\/p>","protected":false},"author":10,"featured_media":50434,"comment_status":"open","ping_status":"open","sticky":false,"template":"","format":"standard","meta":{"footnotes":""},"categories":[13],"tags":[],"class_list":["post-50438","post","type-post","status-publish","format-standard","has-post-thumbnail","hentry","category-education"],"yoast_head":"<!-- This site is optimized with the Yoast SEO plugin v27.5 - https:\/\/yoast.com\/product\/yoast-seo-wordpress\/ -->\n<title>Troisi\u00e8me Concours d\u2019\u00c9loquence - Edelweiss Panorama International<\/title>\n<meta name=\"robots\" content=\"index, follow, max-snippet:-1, max-image-preview:large, max-video-preview:-1\" \/>\n<link rel=\"canonical\" href=\"https:\/\/edelweiss-panorama.ch\/fr\/troisieme-concours-deloquence\/\" \/>\n<meta property=\"og:locale\" content=\"fr_FR\" \/>\n<meta property=\"og:type\" content=\"article\" \/>\n<meta property=\"og:title\" content=\"Troisi\u00e8me Concours d\u2019\u00c9loquence - Edelweiss Panorama International\" \/>\n<meta property=\"og:description\" content=\"The third Concours d\u2019\u00c9loquence at Le Rosey emphasized empathy and precise communication, featuring presentations on memory, challenging certainties, societal rhythms, and youth expectations, with Imane winning the prize for her reflective discourse on freedom and early pressures.\" \/>\n<meta property=\"og:url\" content=\"https:\/\/edelweiss-panorama.ch\/fr\/troisieme-concours-deloquence\/\" \/>\n<meta property=\"og:site_name\" content=\"Edelweiss Panorama International\" \/>\n<meta property=\"article:publisher\" content=\"https:\/\/www.facebook.com\/edelweisspanorama\" \/>\n<meta property=\"article:published_time\" content=\"2026-02-15T23:07:09+00:00\" \/>\n<meta name=\"author\" content=\"Frederic Tatu\" \/>\n<meta name=\"twitter:card\" content=\"summary_large_image\" \/>\n<meta name=\"twitter:creator\" content=\"@EPI_Swiss\" \/>\n<meta name=\"twitter:site\" content=\"@EPI_Swiss\" \/>\n<meta name=\"twitter:label1\" content=\"\u00c9crit par\" \/>\n\t<meta name=\"twitter:data1\" content=\"Frederic Tatu\" \/>\n\t<meta name=\"twitter:label2\" content=\"Dur\u00e9e de lecture estim\u00e9e\" \/>\n\t<meta name=\"twitter:data2\" content=\"1 minute\" \/>\n<script type=\"application\/ld+json\" class=\"yoast-schema-graph\">{\"@context\":\"https:\\\/\\\/schema.org\",\"@graph\":[{\"@type\":\"Article\",\"@id\":\"https:\\\/\\\/edelweiss-panorama.ch\\\/troisieme-concours-deloquence\\\/#article\",\"isPartOf\":{\"@id\":\"https:\\\/\\\/edelweiss-panorama.ch\\\/troisieme-concours-deloquence\\\/\"},\"author\":{\"name\":\"Frederic Tatu\",\"@id\":\"https:\\\/\\\/edelweiss-panorama.ch\\\/fr\\\/#\\\/schema\\\/person\\\/40f339557f1e3168761bba6377cb0829\"},\"headline\":\"Troisi\u00e8me Concours d\u2019\u00c9loquence\",\"datePublished\":\"2026-02-15T23:07:09+00:00\",\"mainEntityOfPage\":{\"@id\":\"https:\\\/\\\/edelweiss-panorama.ch\\\/troisieme-concours-deloquence\\\/\"},\"wordCount\":234,\"commentCount\":0,\"publisher\":{\"@id\":\"https:\\\/\\\/edelweiss-panorama.ch\\\/fr\\\/#organization\"},\"image\":{\"@id\":\"https:\\\/\\\/edelweiss-panorama.ch\\\/troisieme-concours-deloquence\\\/#primaryimage\"},\"thumbnailUrl\":\"https:\\\/\\\/edelweiss-panorama.ch\\\/wp-content\\\/uploads\\\/2026\\\/02\\\/Troisieme-Concours-dEloquence-2026-02-15T230658.652Z.jpeg\",\"articleSection\":[\"Education\"],\"inLanguage\":\"fr-FR\",\"potentialAction\":[{\"@type\":\"CommentAction\",\"name\":\"Comment\",\"target\":[\"https:\\\/\\\/edelweiss-panorama.ch\\\/troisieme-concours-deloquence\\\/#respond\"]}]},{\"@type\":\"WebPage\",\"@id\":\"https:\\\/\\\/edelweiss-panorama.ch\\\/troisieme-concours-deloquence\\\/\",\"url\":\"https:\\\/\\\/edelweiss-panorama.ch\\\/troisieme-concours-deloquence\\\/\",\"name\":\"Troisi\u00e8me Concours d\u2019\u00c9loquence - Edelweiss Panorama International\",\"isPartOf\":{\"@id\":\"https:\\\/\\\/edelweiss-panorama.ch\\\/fr\\\/#website\"},\"primaryImageOfPage\":{\"@id\":\"https:\\\/\\\/edelweiss-panorama.ch\\\/troisieme-concours-deloquence\\\/#primaryimage\"},\"image\":{\"@id\":\"https:\\\/\\\/edelweiss-panorama.ch\\\/troisieme-concours-deloquence\\\/#primaryimage\"},\"thumbnailUrl\":\"https:\\\/\\\/edelweiss-panorama.ch\\\/wp-content\\\/uploads\\\/2026\\\/02\\\/Troisieme-Concours-dEloquence-2026-02-15T230658.652Z.jpeg\",\"datePublished\":\"2026-02-15T23:07:09+00:00\",\"breadcrumb\":{\"@id\":\"https:\\\/\\\/edelweiss-panorama.ch\\\/troisieme-concours-deloquence\\\/#breadcrumb\"},\"inLanguage\":\"fr-FR\",\"potentialAction\":[{\"@type\":\"ReadAction\",\"target\":[\"https:\\\/\\\/edelweiss-panorama.ch\\\/troisieme-concours-deloquence\\\/\"]}]},{\"@type\":\"ImageObject\",\"inLanguage\":\"fr-FR\",\"@id\":\"https:\\\/\\\/edelweiss-panorama.ch\\\/troisieme-concours-deloquence\\\/#primaryimage\",\"url\":\"https:\\\/\\\/edelweiss-panorama.ch\\\/wp-content\\\/uploads\\\/2026\\\/02\\\/Troisieme-Concours-dEloquence-2026-02-15T230658.652Z.jpeg\",\"contentUrl\":\"https:\\\/\\\/edelweiss-panorama.ch\\\/wp-content\\\/uploads\\\/2026\\\/02\\\/Troisieme-Concours-dEloquence-2026-02-15T230658.652Z.jpeg\",\"width\":651,\"height\":434},{\"@type\":\"BreadcrumbList\",\"@id\":\"https:\\\/\\\/edelweiss-panorama.ch\\\/troisieme-concours-deloquence\\\/#breadcrumb\",\"itemListElement\":[{\"@type\":\"ListItem\",\"position\":1,\"name\":\"Home\",\"item\":\"https:\\\/\\\/edelweiss-panorama.ch\\\/\"},{\"@type\":\"ListItem\",\"position\":2,\"name\":\"Troisi\u00e8me Concours d\u2019\u00c9loquence\"}]},{\"@type\":\"WebSite\",\"@id\":\"https:\\\/\\\/edelweiss-panorama.ch\\\/fr\\\/#website\",\"url\":\"https:\\\/\\\/edelweiss-panorama.ch\\\/fr\\\/\",\"name\":\"Edelweiss Panorama International\",\"description\":\"Allows you to live and thrive every corner of the world.\",\"publisher\":{\"@id\":\"https:\\\/\\\/edelweiss-panorama.ch\\\/fr\\\/#organization\"},\"potentialAction\":[{\"@type\":\"SearchAction\",\"target\":{\"@type\":\"EntryPoint\",\"urlTemplate\":\"https:\\\/\\\/edelweiss-panorama.ch\\\/fr\\\/?s={search_term_string}\"},\"query-input\":{\"@type\":\"PropertyValueSpecification\",\"valueRequired\":true,\"valueName\":\"search_term_string\"}}],\"inLanguage\":\"fr-FR\"},{\"@type\":\"Organization\",\"@id\":\"https:\\\/\\\/edelweiss-panorama.ch\\\/fr\\\/#organization\",\"name\":\"Edelweiss Panorama International\",\"url\":\"https:\\\/\\\/edelweiss-panorama.ch\\\/fr\\\/\",\"logo\":{\"@type\":\"ImageObject\",\"inLanguage\":\"fr-FR\",\"@id\":\"https:\\\/\\\/edelweiss-panorama.ch\\\/fr\\\/#\\\/schema\\\/logo\\\/image\\\/\",\"url\":\"https:\\\/\\\/edelweiss-panorama.ch\\\/wp-content\\\/uploads\\\/2020\\\/04\\\/Untitled-design-1-1.png\",\"contentUrl\":\"https:\\\/\\\/edelweiss-panorama.ch\\\/wp-content\\\/uploads\\\/2020\\\/04\\\/Untitled-design-1-1.png\",\"width\":1080,\"height\":1080,\"caption\":\"Edelweiss Panorama International\"},\"image\":{\"@id\":\"https:\\\/\\\/edelweiss-panorama.ch\\\/fr\\\/#\\\/schema\\\/logo\\\/image\\\/\"},\"sameAs\":[\"https:\\\/\\\/www.facebook.com\\\/edelweisspanorama\",\"https:\\\/\\\/x.com\\\/EPI_Swiss\"]},{\"@type\":\"Person\",\"@id\":\"https:\\\/\\\/edelweiss-panorama.ch\\\/fr\\\/#\\\/schema\\\/person\\\/40f339557f1e3168761bba6377cb0829\",\"name\":\"Frederic Tatu\",\"image\":{\"@type\":\"ImageObject\",\"inLanguage\":\"fr-FR\",\"@id\":\"https:\\\/\\\/secure.gravatar.com\\\/avatar\\\/0fe323859f18731575cc1727306a418c1c06adb036da08a42ad58ee43321377e?s=96&d=mm&r=g\",\"url\":\"https:\\\/\\\/secure.gravatar.com\\\/avatar\\\/0fe323859f18731575cc1727306a418c1c06adb036da08a42ad58ee43321377e?s=96&d=mm&r=g\",\"contentUrl\":\"https:\\\/\\\/secure.gravatar.com\\\/avatar\\\/0fe323859f18731575cc1727306a418c1c06adb036da08a42ad58ee43321377e?s=96&d=mm&r=g\",\"caption\":\"Frederic Tatu\"}}]}<\/script>\n<!-- \/ Yoast SEO plugin. -->","yoast_head_json":{"title":"Troisi\u00e8me Concours d'\u00c9loquence - Edelweiss Panorama International","robots":{"index":"index","follow":"follow","max-snippet":"max-snippet:-1","max-image-preview":"max-image-preview:large","max-video-preview":"max-video-preview:-1"},"canonical":"https:\/\/edelweiss-panorama.ch\/fr\/troisieme-concours-deloquence\/","og_locale":"fr_FR","og_type":"article","og_title":"Troisi\u00e8me Concours d\u2019\u00c9loquence - Edelweiss Panorama International","og_description":"The third Concours d\u2019\u00c9loquence at Le Rosey emphasized empathy and precise communication, featuring presentations on memory, challenging certainties, societal rhythms, and youth expectations, with Imane winning the prize for her reflective discourse on freedom and early pressures.","og_url":"https:\/\/edelweiss-panorama.ch\/fr\/troisieme-concours-deloquence\/","og_site_name":"Edelweiss Panorama International","article_publisher":"https:\/\/www.facebook.com\/edelweisspanorama","article_published_time":"2026-02-15T23:07:09+00:00","author":"Frederic Tatu","twitter_card":"summary_large_image","twitter_creator":"@EPI_Swiss","twitter_site":"@EPI_Swiss","twitter_misc":{"\u00c9crit par":"Frederic Tatu","Dur\u00e9e de lecture estim\u00e9e":"1 minute"},"schema":{"@context":"https:\/\/schema.org","@graph":[{"@type":"Article","@id":"https:\/\/edelweiss-panorama.ch\/troisieme-concours-deloquence\/#article","isPartOf":{"@id":"https:\/\/edelweiss-panorama.ch\/troisieme-concours-deloquence\/"},"author":{"name":"Frederic Tatu","@id":"https:\/\/edelweiss-panorama.ch\/fr\/#\/schema\/person\/40f339557f1e3168761bba6377cb0829"},"headline":"Troisi\u00e8me Concours d\u2019\u00c9loquence","datePublished":"2026-02-15T23:07:09+00:00","mainEntityOfPage":{"@id":"https:\/\/edelweiss-panorama.ch\/troisieme-concours-deloquence\/"},"wordCount":234,"commentCount":0,"publisher":{"@id":"https:\/\/edelweiss-panorama.ch\/fr\/#organization"},"image":{"@id":"https:\/\/edelweiss-panorama.ch\/troisieme-concours-deloquence\/#primaryimage"},"thumbnailUrl":"https:\/\/edelweiss-panorama.ch\/wp-content\/uploads\/2026\/02\/Troisieme-Concours-dEloquence-2026-02-15T230658.652Z.jpeg","articleSection":["Education"],"inLanguage":"fr-FR","potentialAction":[{"@type":"CommentAction","name":"Comment","target":["https:\/\/edelweiss-panorama.ch\/troisieme-concours-deloquence\/#respond"]}]},{"@type":"WebPage","@id":"https:\/\/edelweiss-panorama.ch\/troisieme-concours-deloquence\/","url":"https:\/\/edelweiss-panorama.ch\/troisieme-concours-deloquence\/","name":"Troisi\u00e8me Concours d'\u00c9loquence - Edelweiss Panorama International","isPartOf":{"@id":"https:\/\/edelweiss-panorama.ch\/fr\/#website"},"primaryImageOfPage":{"@id":"https:\/\/edelweiss-panorama.ch\/troisieme-concours-deloquence\/#primaryimage"},"image":{"@id":"https:\/\/edelweiss-panorama.ch\/troisieme-concours-deloquence\/#primaryimage"},"thumbnailUrl":"https:\/\/edelweiss-panorama.ch\/wp-content\/uploads\/2026\/02\/Troisieme-Concours-dEloquence-2026-02-15T230658.652Z.jpeg","datePublished":"2026-02-15T23:07:09+00:00","breadcrumb":{"@id":"https:\/\/edelweiss-panorama.ch\/troisieme-concours-deloquence\/#breadcrumb"},"inLanguage":"fr-FR","potentialAction":[{"@type":"ReadAction","target":["https:\/\/edelweiss-panorama.ch\/troisieme-concours-deloquence\/"]}]},{"@type":"ImageObject","inLanguage":"fr-FR","@id":"https:\/\/edelweiss-panorama.ch\/troisieme-concours-deloquence\/#primaryimage","url":"https:\/\/edelweiss-panorama.ch\/wp-content\/uploads\/2026\/02\/Troisieme-Concours-dEloquence-2026-02-15T230658.652Z.jpeg","contentUrl":"https:\/\/edelweiss-panorama.ch\/wp-content\/uploads\/2026\/02\/Troisieme-Concours-dEloquence-2026-02-15T230658.652Z.jpeg","width":651,"height":434},{"@type":"BreadcrumbList","@id":"https:\/\/edelweiss-panorama.ch\/troisieme-concours-deloquence\/#breadcrumb","itemListElement":[{"@type":"ListItem","position":1,"name":"Home","item":"https:\/\/edelweiss-panorama.ch\/"},{"@type":"ListItem","position":2,"name":"Troisi\u00e8me Concours d\u2019\u00c9loquence"}]},{"@type":"WebSite","@id":"https:\/\/edelweiss-panorama.ch\/fr\/#website","url":"https:\/\/edelweiss-panorama.ch\/fr\/","name":"Edelweiss Panorama International","description":"Il vous permet de vivre et de prosp\u00e9rer aux quatre coins du monde.","publisher":{"@id":"https:\/\/edelweiss-panorama.ch\/fr\/#organization"},"potentialAction":[{"@type":"SearchAction","target":{"@type":"EntryPoint","urlTemplate":"https:\/\/edelweiss-panorama.ch\/fr\/?s={search_term_string}"},"query-input":{"@type":"PropertyValueSpecification","valueRequired":true,"valueName":"search_term_string"}}],"inLanguage":"fr-FR"},{"@type":"Organization","@id":"https:\/\/edelweiss-panorama.ch\/fr\/#organization","name":"Edelweiss Panorama International","url":"https:\/\/edelweiss-panorama.ch\/fr\/","logo":{"@type":"ImageObject","inLanguage":"fr-FR","@id":"https:\/\/edelweiss-panorama.ch\/fr\/#\/schema\/logo\/image\/","url":"https:\/\/edelweiss-panorama.ch\/wp-content\/uploads\/2020\/04\/Untitled-design-1-1.png","contentUrl":"https:\/\/edelweiss-panorama.ch\/wp-content\/uploads\/2020\/04\/Untitled-design-1-1.png","width":1080,"height":1080,"caption":"Edelweiss Panorama International"},"image":{"@id":"https:\/\/edelweiss-panorama.ch\/fr\/#\/schema\/logo\/image\/"},"sameAs":["https:\/\/www.facebook.com\/edelweisspanorama","https:\/\/x.com\/EPI_Swiss"]},{"@type":"Person","@id":"https:\/\/edelweiss-panorama.ch\/fr\/#\/schema\/person\/40f339557f1e3168761bba6377cb0829","name":"Fr\u00e9d\u00e9ric Tatu","image":{"@type":"ImageObject","inLanguage":"fr-FR","@id":"https:\/\/secure.gravatar.com\/avatar\/0fe323859f18731575cc1727306a418c1c06adb036da08a42ad58ee43321377e?s=96&d=mm&r=g","url":"https:\/\/secure.gravatar.com\/avatar\/0fe323859f18731575cc1727306a418c1c06adb036da08a42ad58ee43321377e?s=96&d=mm&r=g","contentUrl":"https:\/\/secure.gravatar.com\/avatar\/0fe323859f18731575cc1727306a418c1c06adb036da08a42ad58ee43321377e?s=96&d=mm&r=g","caption":"Frederic Tatu"}}]}},"_links":{"self":[{"href":"https:\/\/edelweiss-panorama.ch\/fr\/wp-json\/wp\/v2\/posts\/50438","targetHints":{"allow":["GET"]}}],"collection":[{"href":"https:\/\/edelweiss-panorama.ch\/fr\/wp-json\/wp\/v2\/posts"}],"about":[{"href":"https:\/\/edelweiss-panorama.ch\/fr\/wp-json\/wp\/v2\/types\/post"}],"author":[{"embeddable":true,"href":"https:\/\/edelweiss-panorama.ch\/fr\/wp-json\/wp\/v2\/users\/10"}],"replies":[{"embeddable":true,"href":"https:\/\/edelweiss-panorama.ch\/fr\/wp-json\/wp\/v2\/comments?post=50438"}],"version-history":[{"count":0,"href":"https:\/\/edelweiss-panorama.ch\/fr\/wp-json\/wp\/v2\/posts\/50438\/revisions"}],"wp:featuredmedia":[{"embeddable":true,"href":"https:\/\/edelweiss-panorama.ch\/fr\/wp-json\/wp\/v2\/media\/50434"}],"wp:attachment":[{"href":"https:\/\/edelweiss-panorama.ch\/fr\/wp-json\/wp\/v2\/media?parent=50438"}],"wp:term":[{"taxonomy":"category","embeddable":true,"href":"https:\/\/edelweiss-panorama.ch\/fr\/wp-json\/wp\/v2\/categories?post=50438"},{"taxonomy":"post_tag","embeddable":true,"href":"https:\/\/edelweiss-panorama.ch\/fr\/wp-json\/wp\/v2\/tags?post=50438"}],"curies":[{"name":"wp","href":"https:\/\/api.w.org\/{rel}","templated":true}]}}