{"id":51922,"date":"2026-04-27T10:42:50","date_gmt":"2026-04-27T08:42:50","guid":{"rendered":"https:\/\/edelweiss-panorama.ch\/caldecott-medalist-jason-chin-inspires-young-readers-at-tasis-elementary-book-week\/"},"modified":"2026-04-27T10:42:50","modified_gmt":"2026-04-27T08:42:50","slug":"le-medaille-caldecott-jason-chin-inspire-les-jeunes-lecteurs-lors-de-la-semaine-du-livre-a-lecole-elementaire-tasis","status":"publish","type":"post","link":"https:\/\/edelweiss-panorama.ch\/fr\/caldecott-medalist-jason-chin-inspires-young-readers-at-tasis-elementary-book-week\/","title":{"rendered":"Le laur\u00e9at de la m\u00e9daille Caldecott Jason Chin inspire les jeunes lecteurs lors de la Semaine du livre de l'\u00e9cole \u00e9l\u00e9mentaire de la TASIS"},"content":{"rendered":"<p>The TASIS Elementary School has celebrated Book Week each spring since 2016, hosting distinguished authors and illustrators of children\u2019s literature, organizing book-themed activities, and encouraging students to discover new kinds of books. This year\u2019s Book Week, held from April 20\u201324, was coordinated by Elementary School Librarian Erin Fitzgerald alongside a committee that included Language and Literacy Leader Melissa Fogal, Language and Literacy Teacher Elizabeth Zanecchia, First-Grade Homeroom Teacher Tia Zanecchia, and Elementary School Italian Teacher Sissi Stolz. The theme was \u201cBe Curious! Dive into Nonfiction,\u201d which dovetailed perfectly with a three-day visit from award-winning author and illustrator Jason Chin, whose specialty is nonfiction books focusing on science and nature. Throughout the week, students explored the power of curiosity and discovered how nonfiction books help them learn about the world. Ms. Fitzgerald noted that while Book Week is fun, there is always an important learning component: the overarching goal is to celebrate reading and writing and ensure students associate books with happy memories and joyful feelings. Each year, a new theme is chosen to broaden students\u2019 understanding of different book types, and a comprehensive program is designed around it.<\/p>\n<p>This year marked the first time the focus was on nonfiction, which sparked curiosity and appealed to a new group of readers. Ms. Fogal emphasized that pairing joy with curiosity is key to engaging students. The literacy team\u2019s ultimate goal, as stated by Ms. Fitzgerald, is to give students the tools to believe they are \u201ca reader\u201d or \u201ca kid who likes books,\u201d and to ensure they carry that feeling with them when they leave the Elementary School. The week\u2019s activities were designed to reinforce this identity, encouraging students to dive into nonfiction and explore topics ranging from science to nature. The visit from Jason Chin, a Caldecott Medal winner, provided a unique opportunity for students to interact with an author whose work exemplifies the power of nonfiction to inspire learning. The committee\u2019s careful planning ensured that every activity aligned with the theme, fostering a love for reading that extends beyond the week itself. [TASIS](https:\/\/edelweiss-panorama.ch\/tasis-the-american-school-in-switzerland\/) Elementary School\u2019s commitment to literacy is evident in the thoughtful integration of themes and author visits, making Book Week a highlight of the academic year.<\/p>\n","protected":false},"excerpt":{"rendered":"<p>En r\u00e9sum\u00e9, la Semaine du Livre de l'\u00e9cole \u00e9l\u00e9mentaire de TASIS, ax\u00e9e sur le th\u00e8me \u201c Soyez curieux ! Plongez dans le documentaire \u201d, a r\u00e9ussi \u00e0 allier plaisir et apprentissage en accueillant l'auteur Jason Chin et une s\u00e9rie d'activit\u00e9s con\u00e7ues pour \u00e9largir les horizons de lecture des \u00e9l\u00e8ves. L'\u00e9v\u00e9nement a soulign\u00e9 l'engagement de l'\u00e9cole \u00e0 favoriser un amour de la lecture tout au long de la vie et \u00e0 aider les \u00e9l\u00e8ves \u00e0 se consid\u00e9rer comme des lecteurs, tout en leur faisant d\u00e9couvrir la valeur de la litt\u00e9rature documentaire.<\/p>","protected":false},"author":10,"featured_media":51921,"comment_status":"open","ping_status":"open","sticky":false,"template":"","format":"standard","meta":{"footnotes":""},"categories":[13],"tags":[363],"class_list":["post-51922","post","type-post","status-publish","format-standard","has-post-thumbnail","hentry","category-education","tag-tasis-the-american-school-in-switzerland"],"yoast_head":"<!-- This site is optimized with the Yoast SEO plugin v27.4 - https:\/\/yoast.com\/product\/yoast-seo-wordpress\/ -->\n<title>Caldecott Medalist Jason Chin Inspires Young Readers at TASIS Elementary Book Week - Edelweiss Panorama International<\/title>\n<meta name=\"robots\" content=\"index, follow, max-snippet:-1, max-image-preview:large, max-video-preview:-1\" \/>\n<link rel=\"canonical\" href=\"https:\/\/edelweiss-panorama.ch\/fr\/le-medaille-caldecott-jason-chin-inspire-les-jeunes-lecteurs-lors-de-la-semaine-du-livre-a-lecole-elementaire-tasis\/\" \/>\n<meta property=\"og:locale\" content=\"fr_FR\" \/>\n<meta property=\"og:type\" content=\"article\" \/>\n<meta property=\"og:title\" content=\"Caldecott Medalist Jason Chin Inspires Young Readers at TASIS Elementary Book Week - Edelweiss Panorama International\" \/>\n<meta property=\"og:description\" content=\"In summary, the TASIS Elementary School\u2019s Book Week, centered on the theme \u201cBe Curious! Dive into Nonfiction,\u201d successfully combined fun with learning by featuring author Jason Chin and a range of activities designed to broaden students\u2019 reading horizons. The event underscored the school\u2019s dedication to fostering a lifelong love of reading and helping students see themselves as readers, while also introducing them to the value of nonfiction literature.\" \/>\n<meta property=\"og:url\" content=\"https:\/\/edelweiss-panorama.ch\/fr\/le-medaille-caldecott-jason-chin-inspire-les-jeunes-lecteurs-lors-de-la-semaine-du-livre-a-lecole-elementaire-tasis\/\" \/>\n<meta property=\"og:site_name\" content=\"Edelweiss Panorama International\" \/>\n<meta property=\"article:publisher\" content=\"https:\/\/www.facebook.com\/edelweisspanorama\" \/>\n<meta property=\"article:published_time\" content=\"2026-04-27T08:42:50+00:00\" \/>\n<meta name=\"author\" content=\"Frederic Tatu\" \/>\n<meta name=\"twitter:card\" content=\"summary_large_image\" \/>\n<meta name=\"twitter:creator\" content=\"@EPI_Swiss\" \/>\n<meta name=\"twitter:site\" content=\"@EPI_Swiss\" \/>\n<meta name=\"twitter:label1\" content=\"\u00c9crit par\" \/>\n\t<meta name=\"twitter:data1\" content=\"Frederic Tatu\" \/>\n\t<meta name=\"twitter:label2\" content=\"Dur\u00e9e de lecture estim\u00e9e\" \/>\n\t<meta name=\"twitter:data2\" content=\"2 minutes\" \/>\n<script type=\"application\/ld+json\" class=\"yoast-schema-graph\">{\"@context\":\"https:\\\/\\\/schema.org\",\"@graph\":[{\"@type\":\"Article\",\"@id\":\"https:\\\/\\\/edelweiss-panorama.ch\\\/caldecott-medalist-jason-chin-inspires-young-readers-at-tasis-elementary-book-week\\\/#article\",\"isPartOf\":{\"@id\":\"https:\\\/\\\/edelweiss-panorama.ch\\\/caldecott-medalist-jason-chin-inspires-young-readers-at-tasis-elementary-book-week\\\/\"},\"author\":{\"name\":\"Frederic Tatu\",\"@id\":\"https:\\\/\\\/edelweiss-panorama.ch\\\/fr\\\/#\\\/schema\\\/person\\\/40f339557f1e3168761bba6377cb0829\"},\"headline\":\"Caldecott Medalist Jason Chin Inspires Young Readers at TASIS Elementary Book Week\",\"datePublished\":\"2026-04-27T08:42:50+00:00\",\"mainEntityOfPage\":{\"@id\":\"https:\\\/\\\/edelweiss-panorama.ch\\\/caldecott-medalist-jason-chin-inspires-young-readers-at-tasis-elementary-book-week\\\/\"},\"wordCount\":388,\"commentCount\":0,\"publisher\":{\"@id\":\"https:\\\/\\\/edelweiss-panorama.ch\\\/fr\\\/#organization\"},\"image\":{\"@id\":\"https:\\\/\\\/edelweiss-panorama.ch\\\/caldecott-medalist-jason-chin-inspires-young-readers-at-tasis-elementary-book-week\\\/#primaryimage\"},\"thumbnailUrl\":\"https:\\\/\\\/edelweiss-panorama.ch\\\/wp-content\\\/uploads\\\/2026\\\/04\\\/Caldecott-Medalist-Jason-Chin-Inspires-Young-Readers-at-TASIS-Elementary-Book-Week-2026-04-27T084237.482Z.jpg\",\"keywords\":[\"TASIS The American School In Switzerland\"],\"articleSection\":[\"Education\"],\"inLanguage\":\"fr-FR\",\"potentialAction\":[{\"@type\":\"CommentAction\",\"name\":\"Comment\",\"target\":[\"https:\\\/\\\/edelweiss-panorama.ch\\\/caldecott-medalist-jason-chin-inspires-young-readers-at-tasis-elementary-book-week\\\/#respond\"]}]},{\"@type\":\"WebPage\",\"@id\":\"https:\\\/\\\/edelweiss-panorama.ch\\\/caldecott-medalist-jason-chin-inspires-young-readers-at-tasis-elementary-book-week\\\/\",\"url\":\"https:\\\/\\\/edelweiss-panorama.ch\\\/caldecott-medalist-jason-chin-inspires-young-readers-at-tasis-elementary-book-week\\\/\",\"name\":\"Caldecott Medalist Jason Chin Inspires Young Readers at TASIS Elementary Book Week - Edelweiss Panorama International\",\"isPartOf\":{\"@id\":\"https:\\\/\\\/edelweiss-panorama.ch\\\/fr\\\/#website\"},\"primaryImageOfPage\":{\"@id\":\"https:\\\/\\\/edelweiss-panorama.ch\\\/caldecott-medalist-jason-chin-inspires-young-readers-at-tasis-elementary-book-week\\\/#primaryimage\"},\"image\":{\"@id\":\"https:\\\/\\\/edelweiss-panorama.ch\\\/caldecott-medalist-jason-chin-inspires-young-readers-at-tasis-elementary-book-week\\\/#primaryimage\"},\"thumbnailUrl\":\"https:\\\/\\\/edelweiss-panorama.ch\\\/wp-content\\\/uploads\\\/2026\\\/04\\\/Caldecott-Medalist-Jason-Chin-Inspires-Young-Readers-at-TASIS-Elementary-Book-Week-2026-04-27T084237.482Z.jpg\",\"datePublished\":\"2026-04-27T08:42:50+00:00\",\"breadcrumb\":{\"@id\":\"https:\\\/\\\/edelweiss-panorama.ch\\\/caldecott-medalist-jason-chin-inspires-young-readers-at-tasis-elementary-book-week\\\/#breadcrumb\"},\"inLanguage\":\"fr-FR\",\"potentialAction\":[{\"@type\":\"ReadAction\",\"target\":[\"https:\\\/\\\/edelweiss-panorama.ch\\\/caldecott-medalist-jason-chin-inspires-young-readers-at-tasis-elementary-book-week\\\/\"]}]},{\"@type\":\"ImageObject\",\"inLanguage\":\"fr-FR\",\"@id\":\"https:\\\/\\\/edelweiss-panorama.ch\\\/caldecott-medalist-jason-chin-inspires-young-readers-at-tasis-elementary-book-week\\\/#primaryimage\",\"url\":\"https:\\\/\\\/edelweiss-panorama.ch\\\/wp-content\\\/uploads\\\/2026\\\/04\\\/Caldecott-Medalist-Jason-Chin-Inspires-Young-Readers-at-TASIS-Elementary-Book-Week-2026-04-27T084237.482Z.jpg\",\"contentUrl\":\"https:\\\/\\\/edelweiss-panorama.ch\\\/wp-content\\\/uploads\\\/2026\\\/04\\\/Caldecott-Medalist-Jason-Chin-Inspires-Young-Readers-at-TASIS-Elementary-Book-Week-2026-04-27T084237.482Z.jpg\",\"width\":2200,\"height\":1467},{\"@type\":\"BreadcrumbList\",\"@id\":\"https:\\\/\\\/edelweiss-panorama.ch\\\/caldecott-medalist-jason-chin-inspires-young-readers-at-tasis-elementary-book-week\\\/#breadcrumb\",\"itemListElement\":[{\"@type\":\"ListItem\",\"position\":1,\"name\":\"Home\",\"item\":\"https:\\\/\\\/edelweiss-panorama.ch\\\/\"},{\"@type\":\"ListItem\",\"position\":2,\"name\":\"Caldecott Medalist Jason Chin Inspires Young Readers at TASIS Elementary Book Week\"}]},{\"@type\":\"WebSite\",\"@id\":\"https:\\\/\\\/edelweiss-panorama.ch\\\/fr\\\/#website\",\"url\":\"https:\\\/\\\/edelweiss-panorama.ch\\\/fr\\\/\",\"name\":\"Edelweiss Panorama International\",\"description\":\"Allows you to live and thrive every corner of the world.\",\"publisher\":{\"@id\":\"https:\\\/\\\/edelweiss-panorama.ch\\\/fr\\\/#organization\"},\"potentialAction\":[{\"@type\":\"SearchAction\",\"target\":{\"@type\":\"EntryPoint\",\"urlTemplate\":\"https:\\\/\\\/edelweiss-panorama.ch\\\/fr\\\/?s={search_term_string}\"},\"query-input\":{\"@type\":\"PropertyValueSpecification\",\"valueRequired\":true,\"valueName\":\"search_term_string\"}}],\"inLanguage\":\"fr-FR\"},{\"@type\":\"Organization\",\"@id\":\"https:\\\/\\\/edelweiss-panorama.ch\\\/fr\\\/#organization\",\"name\":\"Edelweiss Panorama International\",\"url\":\"https:\\\/\\\/edelweiss-panorama.ch\\\/fr\\\/\",\"logo\":{\"@type\":\"ImageObject\",\"inLanguage\":\"fr-FR\",\"@id\":\"https:\\\/\\\/edelweiss-panorama.ch\\\/fr\\\/#\\\/schema\\\/logo\\\/image\\\/\",\"url\":\"https:\\\/\\\/edelweiss-panorama.ch\\\/wp-content\\\/uploads\\\/2020\\\/04\\\/Untitled-design-1-1.png\",\"contentUrl\":\"https:\\\/\\\/edelweiss-panorama.ch\\\/wp-content\\\/uploads\\\/2020\\\/04\\\/Untitled-design-1-1.png\",\"width\":1080,\"height\":1080,\"caption\":\"Edelweiss Panorama International\"},\"image\":{\"@id\":\"https:\\\/\\\/edelweiss-panorama.ch\\\/fr\\\/#\\\/schema\\\/logo\\\/image\\\/\"},\"sameAs\":[\"https:\\\/\\\/www.facebook.com\\\/edelweisspanorama\",\"https:\\\/\\\/x.com\\\/EPI_Swiss\"]},{\"@type\":\"Person\",\"@id\":\"https:\\\/\\\/edelweiss-panorama.ch\\\/fr\\\/#\\\/schema\\\/person\\\/40f339557f1e3168761bba6377cb0829\",\"name\":\"Frederic Tatu\",\"image\":{\"@type\":\"ImageObject\",\"inLanguage\":\"fr-FR\",\"@id\":\"https:\\\/\\\/secure.gravatar.com\\\/avatar\\\/0fe323859f18731575cc1727306a418c1c06adb036da08a42ad58ee43321377e?s=96&d=mm&r=g\",\"url\":\"https:\\\/\\\/secure.gravatar.com\\\/avatar\\\/0fe323859f18731575cc1727306a418c1c06adb036da08a42ad58ee43321377e?s=96&d=mm&r=g\",\"contentUrl\":\"https:\\\/\\\/secure.gravatar.com\\\/avatar\\\/0fe323859f18731575cc1727306a418c1c06adb036da08a42ad58ee43321377e?s=96&d=mm&r=g\",\"caption\":\"Frederic Tatu\"}}]}<\/script>\n<!-- \/ Yoast SEO plugin. -->","yoast_head_json":{"title":"Caldecott Medalist Jason Chin Inspires Young Readers at TASIS Elementary Book Week - Edelweiss Panorama International","robots":{"index":"index","follow":"follow","max-snippet":"max-snippet:-1","max-image-preview":"max-image-preview:large","max-video-preview":"max-video-preview:-1"},"canonical":"https:\/\/edelweiss-panorama.ch\/fr\/le-medaille-caldecott-jason-chin-inspire-les-jeunes-lecteurs-lors-de-la-semaine-du-livre-a-lecole-elementaire-tasis\/","og_locale":"fr_FR","og_type":"article","og_title":"Caldecott Medalist Jason Chin Inspires Young Readers at TASIS Elementary Book Week - Edelweiss Panorama International","og_description":"In summary, the TASIS Elementary School\u2019s Book Week, centered on the theme \u201cBe Curious! Dive into Nonfiction,\u201d successfully combined fun with learning by featuring author Jason Chin and a range of activities designed to broaden students\u2019 reading horizons. The event underscored the school\u2019s dedication to fostering a lifelong love of reading and helping students see themselves as readers, while also introducing them to the value of nonfiction literature.","og_url":"https:\/\/edelweiss-panorama.ch\/fr\/le-medaille-caldecott-jason-chin-inspire-les-jeunes-lecteurs-lors-de-la-semaine-du-livre-a-lecole-elementaire-tasis\/","og_site_name":"Edelweiss Panorama International","article_publisher":"https:\/\/www.facebook.com\/edelweisspanorama","article_published_time":"2026-04-27T08:42:50+00:00","author":"Frederic Tatu","twitter_card":"summary_large_image","twitter_creator":"@EPI_Swiss","twitter_site":"@EPI_Swiss","twitter_misc":{"\u00c9crit par":"Frederic Tatu","Dur\u00e9e de lecture estim\u00e9e":"2 minutes"},"schema":{"@context":"https:\/\/schema.org","@graph":[{"@type":"Article","@id":"https:\/\/edelweiss-panorama.ch\/caldecott-medalist-jason-chin-inspires-young-readers-at-tasis-elementary-book-week\/#article","isPartOf":{"@id":"https:\/\/edelweiss-panorama.ch\/caldecott-medalist-jason-chin-inspires-young-readers-at-tasis-elementary-book-week\/"},"author":{"name":"Frederic Tatu","@id":"https:\/\/edelweiss-panorama.ch\/fr\/#\/schema\/person\/40f339557f1e3168761bba6377cb0829"},"headline":"Caldecott Medalist Jason Chin Inspires Young Readers at TASIS Elementary Book Week","datePublished":"2026-04-27T08:42:50+00:00","mainEntityOfPage":{"@id":"https:\/\/edelweiss-panorama.ch\/caldecott-medalist-jason-chin-inspires-young-readers-at-tasis-elementary-book-week\/"},"wordCount":388,"commentCount":0,"publisher":{"@id":"https:\/\/edelweiss-panorama.ch\/fr\/#organization"},"image":{"@id":"https:\/\/edelweiss-panorama.ch\/caldecott-medalist-jason-chin-inspires-young-readers-at-tasis-elementary-book-week\/#primaryimage"},"thumbnailUrl":"https:\/\/edelweiss-panorama.ch\/wp-content\/uploads\/2026\/04\/Caldecott-Medalist-Jason-Chin-Inspires-Young-Readers-at-TASIS-Elementary-Book-Week-2026-04-27T084237.482Z.jpg","keywords":["TASIS The American School In Switzerland"],"articleSection":["Education"],"inLanguage":"fr-FR","potentialAction":[{"@type":"CommentAction","name":"Comment","target":["https:\/\/edelweiss-panorama.ch\/caldecott-medalist-jason-chin-inspires-young-readers-at-tasis-elementary-book-week\/#respond"]}]},{"@type":"WebPage","@id":"https:\/\/edelweiss-panorama.ch\/caldecott-medalist-jason-chin-inspires-young-readers-at-tasis-elementary-book-week\/","url":"https:\/\/edelweiss-panorama.ch\/caldecott-medalist-jason-chin-inspires-young-readers-at-tasis-elementary-book-week\/","name":"Caldecott Medalist Jason Chin Inspires Young Readers at TASIS Elementary Book Week - Edelweiss Panorama International","isPartOf":{"@id":"https:\/\/edelweiss-panorama.ch\/fr\/#website"},"primaryImageOfPage":{"@id":"https:\/\/edelweiss-panorama.ch\/caldecott-medalist-jason-chin-inspires-young-readers-at-tasis-elementary-book-week\/#primaryimage"},"image":{"@id":"https:\/\/edelweiss-panorama.ch\/caldecott-medalist-jason-chin-inspires-young-readers-at-tasis-elementary-book-week\/#primaryimage"},"thumbnailUrl":"https:\/\/edelweiss-panorama.ch\/wp-content\/uploads\/2026\/04\/Caldecott-Medalist-Jason-Chin-Inspires-Young-Readers-at-TASIS-Elementary-Book-Week-2026-04-27T084237.482Z.jpg","datePublished":"2026-04-27T08:42:50+00:00","breadcrumb":{"@id":"https:\/\/edelweiss-panorama.ch\/caldecott-medalist-jason-chin-inspires-young-readers-at-tasis-elementary-book-week\/#breadcrumb"},"inLanguage":"fr-FR","potentialAction":[{"@type":"ReadAction","target":["https:\/\/edelweiss-panorama.ch\/caldecott-medalist-jason-chin-inspires-young-readers-at-tasis-elementary-book-week\/"]}]},{"@type":"ImageObject","inLanguage":"fr-FR","@id":"https:\/\/edelweiss-panorama.ch\/caldecott-medalist-jason-chin-inspires-young-readers-at-tasis-elementary-book-week\/#primaryimage","url":"https:\/\/edelweiss-panorama.ch\/wp-content\/uploads\/2026\/04\/Caldecott-Medalist-Jason-Chin-Inspires-Young-Readers-at-TASIS-Elementary-Book-Week-2026-04-27T084237.482Z.jpg","contentUrl":"https:\/\/edelweiss-panorama.ch\/wp-content\/uploads\/2026\/04\/Caldecott-Medalist-Jason-Chin-Inspires-Young-Readers-at-TASIS-Elementary-Book-Week-2026-04-27T084237.482Z.jpg","width":2200,"height":1467},{"@type":"BreadcrumbList","@id":"https:\/\/edelweiss-panorama.ch\/caldecott-medalist-jason-chin-inspires-young-readers-at-tasis-elementary-book-week\/#breadcrumb","itemListElement":[{"@type":"ListItem","position":1,"name":"Home","item":"https:\/\/edelweiss-panorama.ch\/"},{"@type":"ListItem","position":2,"name":"Caldecott Medalist Jason Chin Inspires Young Readers at TASIS Elementary Book Week"}]},{"@type":"WebSite","@id":"https:\/\/edelweiss-panorama.ch\/fr\/#website","url":"https:\/\/edelweiss-panorama.ch\/fr\/","name":"Edelweiss Panorama International","description":"Il vous permet de vivre et de prosp\u00e9rer aux quatre coins du monde.","publisher":{"@id":"https:\/\/edelweiss-panorama.ch\/fr\/#organization"},"potentialAction":[{"@type":"SearchAction","target":{"@type":"EntryPoint","urlTemplate":"https:\/\/edelweiss-panorama.ch\/fr\/?s={search_term_string}"},"query-input":{"@type":"PropertyValueSpecification","valueRequired":true,"valueName":"search_term_string"}}],"inLanguage":"fr-FR"},{"@type":"Organization","@id":"https:\/\/edelweiss-panorama.ch\/fr\/#organization","name":"Edelweiss Panorama International","url":"https:\/\/edelweiss-panorama.ch\/fr\/","logo":{"@type":"ImageObject","inLanguage":"fr-FR","@id":"https:\/\/edelweiss-panorama.ch\/fr\/#\/schema\/logo\/image\/","url":"https:\/\/edelweiss-panorama.ch\/wp-content\/uploads\/2020\/04\/Untitled-design-1-1.png","contentUrl":"https:\/\/edelweiss-panorama.ch\/wp-content\/uploads\/2020\/04\/Untitled-design-1-1.png","width":1080,"height":1080,"caption":"Edelweiss Panorama International"},"image":{"@id":"https:\/\/edelweiss-panorama.ch\/fr\/#\/schema\/logo\/image\/"},"sameAs":["https:\/\/www.facebook.com\/edelweisspanorama","https:\/\/x.com\/EPI_Swiss"]},{"@type":"Person","@id":"https:\/\/edelweiss-panorama.ch\/fr\/#\/schema\/person\/40f339557f1e3168761bba6377cb0829","name":"Fr\u00e9d\u00e9ric Tatu","image":{"@type":"ImageObject","inLanguage":"fr-FR","@id":"https:\/\/secure.gravatar.com\/avatar\/0fe323859f18731575cc1727306a418c1c06adb036da08a42ad58ee43321377e?s=96&d=mm&r=g","url":"https:\/\/secure.gravatar.com\/avatar\/0fe323859f18731575cc1727306a418c1c06adb036da08a42ad58ee43321377e?s=96&d=mm&r=g","contentUrl":"https:\/\/secure.gravatar.com\/avatar\/0fe323859f18731575cc1727306a418c1c06adb036da08a42ad58ee43321377e?s=96&d=mm&r=g","caption":"Frederic Tatu"}}]}},"_links":{"self":[{"href":"https:\/\/edelweiss-panorama.ch\/fr\/wp-json\/wp\/v2\/posts\/51922","targetHints":{"allow":["GET"]}}],"collection":[{"href":"https:\/\/edelweiss-panorama.ch\/fr\/wp-json\/wp\/v2\/posts"}],"about":[{"href":"https:\/\/edelweiss-panorama.ch\/fr\/wp-json\/wp\/v2\/types\/post"}],"author":[{"embeddable":true,"href":"https:\/\/edelweiss-panorama.ch\/fr\/wp-json\/wp\/v2\/users\/10"}],"replies":[{"embeddable":true,"href":"https:\/\/edelweiss-panorama.ch\/fr\/wp-json\/wp\/v2\/comments?post=51922"}],"version-history":[{"count":0,"href":"https:\/\/edelweiss-panorama.ch\/fr\/wp-json\/wp\/v2\/posts\/51922\/revisions"}],"wp:featuredmedia":[{"embeddable":true,"href":"https:\/\/edelweiss-panorama.ch\/fr\/wp-json\/wp\/v2\/media\/51921"}],"wp:attachment":[{"href":"https:\/\/edelweiss-panorama.ch\/fr\/wp-json\/wp\/v2\/media?parent=51922"}],"wp:term":[{"taxonomy":"category","embeddable":true,"href":"https:\/\/edelweiss-panorama.ch\/fr\/wp-json\/wp\/v2\/categories?post=51922"},{"taxonomy":"post_tag","embeddable":true,"href":"https:\/\/edelweiss-panorama.ch\/fr\/wp-json\/wp\/v2\/tags?post=51922"}],"curies":[{"name":"wp","href":"https:\/\/api.w.org\/{rel}","templated":true}]}}