{"id":51925,"date":"2026-04-27T10:43:08","date_gmt":"2026-04-27T08:43:08","guid":{"rendered":"https:\/\/edelweiss-panorama.ch\/tasis-honors-junior-class-with-annual-academic-and-leadership-awards\/"},"modified":"2026-04-27T10:43:08","modified_gmt":"2026-04-27T08:43:08","slug":"tasis-honore-la-classe-de-troisieme-annee-avec-des-prix-annuels-de-reussite-scolaire-et-de-leadership","status":"publish","type":"post","link":"https:\/\/edelweiss-panorama.ch\/fr\/tasis-honors-junior-class-with-annual-academic-and-leadership-awards\/","title":{"rendered":"TASIS honore la classe de premi\u00e8re avec ses prix annuels de m\u00e9rite acad\u00e9mique et de leadership"},"content":{"rendered":"<p>The Junior Awards Assembly at [TASIS](https:\/\/edelweiss-panorama.ch\/tasis-the-american-school-in-switzerland\/) is a cherished tradition that celebrates the academic, artistic, and athletic achievements of students in the junior class. Held annually, this event recognizes the hard work and dedication of students who have excelled in their studies, demonstrated leadership, and contributed positively to the school community. The assembly features presentations of certificates and awards across various disciplines, including the prestigious Headmaster\u2019s Award for outstanding overall performance. Faculty members and administrators take the stage to commend students for their perseverance and growth, highlighting the importance of a well-rounded education. The ceremony also includes musical performances and speeches from student representatives, fostering a sense of pride and camaraderie among the junior class. Parents and guardians are invited to attend, making it a community-wide celebration of student success. This event underscores TASIS\u2019s commitment to nurturing excellence in all areas of student life, from rigorous academics to creative expression and teamwork.<\/p>\n<p>Beyond the awards themselves, the Junior Awards Assembly serves as a motivational milestone for students as they prepare for their final year of high school. It provides an opportunity for reflection on past achievements and sets a positive tone for future endeavors, including college applications and senior leadership roles. The assembly also emphasizes the values of integrity, resilience, and collaboration that are central to the TASIS mission. Teachers and advisors often share personal anecdotes about students\u2019 growth, reinforcing the supportive environment that defines the school. Additionally, the event highlights the diverse talents within the junior class, from science fair winners to varsity athletes and community service leaders. By recognizing a broad range of accomplishments, the assembly encourages all students to pursue their passions and strive for personal bests. The ceremony concludes with a reception where students, families, and faculty can mingle and celebrate together, strengthening the bonds that make the TASIS community unique.<\/p>\n<p><img decoding=\"async\" src=\"\/wp-content\/uploads\/2026\/04\/TASIS-Honors-Junior-Class-with-Annual-Academic-and-Leadership-Awards-2026-04-27T084304.424Z.jpg \" \/><\/p>\n","protected":false},"excerpt":{"rendered":"<p>L'assembl\u00e9e des prix Junior de la TASIS c\u00e9l\u00e8bre les r\u00e9alisations des \u00e9l\u00e8ves dans les domaines acad\u00e9mique, artistique et sportif, tout en servant d'\u00e9tape de motivation qui renforce les valeurs de l'\u00e9cole : excellence, int\u00e9grit\u00e9 et communaut\u00e9, alors que les juniors se pr\u00e9parent pour leur derni\u00e8re ann\u00e9e.<\/p>","protected":false},"author":10,"featured_media":51923,"comment_status":"open","ping_status":"open","sticky":false,"template":"","format":"standard","meta":{"footnotes":""},"categories":[13],"tags":[363],"class_list":["post-51925","post","type-post","status-publish","format-standard","has-post-thumbnail","hentry","category-education","tag-tasis-the-american-school-in-switzerland"],"yoast_head":"<!-- This site is optimized with the Yoast SEO plugin v27.4 - https:\/\/yoast.com\/product\/yoast-seo-wordpress\/ -->\n<title>TASIS Honors Junior Class with Annual Academic and Leadership Awards - Edelweiss Panorama International<\/title>\n<meta name=\"robots\" content=\"index, follow, max-snippet:-1, max-image-preview:large, max-video-preview:-1\" \/>\n<link rel=\"canonical\" href=\"https:\/\/edelweiss-panorama.ch\/fr\/tasis-honore-la-classe-de-troisieme-annee-avec-des-prix-annuels-de-reussite-scolaire-et-de-leadership\/\" \/>\n<meta property=\"og:locale\" content=\"fr_FR\" \/>\n<meta property=\"og:type\" content=\"article\" \/>\n<meta property=\"og:title\" content=\"TASIS Honors Junior Class with Annual Academic and Leadership Awards - Edelweiss Panorama International\" \/>\n<meta property=\"og:description\" content=\"The Junior Awards Assembly at TASIS celebrates student achievements across academics, arts, and athletics, while also serving as a motivational milestone that reinforces the school\u2019s values of excellence, integrity, and community as juniors prepare for their senior year.\" \/>\n<meta property=\"og:url\" content=\"https:\/\/edelweiss-panorama.ch\/fr\/tasis-honore-la-classe-de-troisieme-annee-avec-des-prix-annuels-de-reussite-scolaire-et-de-leadership\/\" \/>\n<meta property=\"og:site_name\" content=\"Edelweiss Panorama International\" \/>\n<meta property=\"article:publisher\" content=\"https:\/\/www.facebook.com\/edelweisspanorama\" \/>\n<meta property=\"article:published_time\" content=\"2026-04-27T08:43:08+00:00\" \/>\n<meta name=\"author\" content=\"Frederic Tatu\" \/>\n<meta name=\"twitter:card\" content=\"summary_large_image\" \/>\n<meta name=\"twitter:creator\" content=\"@EPI_Swiss\" \/>\n<meta name=\"twitter:site\" content=\"@EPI_Swiss\" \/>\n<meta name=\"twitter:label1\" content=\"\u00c9crit par\" \/>\n\t<meta name=\"twitter:data1\" content=\"Frederic Tatu\" \/>\n\t<meta name=\"twitter:label2\" content=\"Dur\u00e9e de lecture estim\u00e9e\" \/>\n\t<meta name=\"twitter:data2\" content=\"2 minutes\" \/>\n<script type=\"application\/ld+json\" class=\"yoast-schema-graph\">{\"@context\":\"https:\\\/\\\/schema.org\",\"@graph\":[{\"@type\":\"Article\",\"@id\":\"https:\\\/\\\/edelweiss-panorama.ch\\\/tasis-honors-junior-class-with-annual-academic-and-leadership-awards\\\/#article\",\"isPartOf\":{\"@id\":\"https:\\\/\\\/edelweiss-panorama.ch\\\/tasis-honors-junior-class-with-annual-academic-and-leadership-awards\\\/\"},\"author\":{\"name\":\"Frederic Tatu\",\"@id\":\"https:\\\/\\\/edelweiss-panorama.ch\\\/fr\\\/#\\\/schema\\\/person\\\/40f339557f1e3168761bba6377cb0829\"},\"headline\":\"TASIS Honors Junior Class with Annual Academic and Leadership Awards\",\"datePublished\":\"2026-04-27T08:43:08+00:00\",\"mainEntityOfPage\":{\"@id\":\"https:\\\/\\\/edelweiss-panorama.ch\\\/tasis-honors-junior-class-with-annual-academic-and-leadership-awards\\\/\"},\"wordCount\":321,\"commentCount\":0,\"publisher\":{\"@id\":\"https:\\\/\\\/edelweiss-panorama.ch\\\/fr\\\/#organization\"},\"image\":{\"@id\":\"https:\\\/\\\/edelweiss-panorama.ch\\\/tasis-honors-junior-class-with-annual-academic-and-leadership-awards\\\/#primaryimage\"},\"thumbnailUrl\":\"https:\\\/\\\/edelweiss-panorama.ch\\\/wp-content\\\/uploads\\\/2026\\\/04\\\/TASIS-Honors-Junior-Class-with-Annual-Academic-and-Leadership-Awards-2026-04-27T084254.202Z.jpg\",\"keywords\":[\"TASIS The American School In Switzerland\"],\"articleSection\":[\"Education\"],\"inLanguage\":\"fr-FR\",\"potentialAction\":[{\"@type\":\"CommentAction\",\"name\":\"Comment\",\"target\":[\"https:\\\/\\\/edelweiss-panorama.ch\\\/tasis-honors-junior-class-with-annual-academic-and-leadership-awards\\\/#respond\"]}]},{\"@type\":\"WebPage\",\"@id\":\"https:\\\/\\\/edelweiss-panorama.ch\\\/tasis-honors-junior-class-with-annual-academic-and-leadership-awards\\\/\",\"url\":\"https:\\\/\\\/edelweiss-panorama.ch\\\/tasis-honors-junior-class-with-annual-academic-and-leadership-awards\\\/\",\"name\":\"TASIS Honors Junior Class with Annual Academic and Leadership Awards - Edelweiss Panorama International\",\"isPartOf\":{\"@id\":\"https:\\\/\\\/edelweiss-panorama.ch\\\/fr\\\/#website\"},\"primaryImageOfPage\":{\"@id\":\"https:\\\/\\\/edelweiss-panorama.ch\\\/tasis-honors-junior-class-with-annual-academic-and-leadership-awards\\\/#primaryimage\"},\"image\":{\"@id\":\"https:\\\/\\\/edelweiss-panorama.ch\\\/tasis-honors-junior-class-with-annual-academic-and-leadership-awards\\\/#primaryimage\"},\"thumbnailUrl\":\"https:\\\/\\\/edelweiss-panorama.ch\\\/wp-content\\\/uploads\\\/2026\\\/04\\\/TASIS-Honors-Junior-Class-with-Annual-Academic-and-Leadership-Awards-2026-04-27T084254.202Z.jpg\",\"datePublished\":\"2026-04-27T08:43:08+00:00\",\"breadcrumb\":{\"@id\":\"https:\\\/\\\/edelweiss-panorama.ch\\\/tasis-honors-junior-class-with-annual-academic-and-leadership-awards\\\/#breadcrumb\"},\"inLanguage\":\"fr-FR\",\"potentialAction\":[{\"@type\":\"ReadAction\",\"target\":[\"https:\\\/\\\/edelweiss-panorama.ch\\\/tasis-honors-junior-class-with-annual-academic-and-leadership-awards\\\/\"]}]},{\"@type\":\"ImageObject\",\"inLanguage\":\"fr-FR\",\"@id\":\"https:\\\/\\\/edelweiss-panorama.ch\\\/tasis-honors-junior-class-with-annual-academic-and-leadership-awards\\\/#primaryimage\",\"url\":\"https:\\\/\\\/edelweiss-panorama.ch\\\/wp-content\\\/uploads\\\/2026\\\/04\\\/TASIS-Honors-Junior-Class-with-Annual-Academic-and-Leadership-Awards-2026-04-27T084254.202Z.jpg\",\"contentUrl\":\"https:\\\/\\\/edelweiss-panorama.ch\\\/wp-content\\\/uploads\\\/2026\\\/04\\\/TASIS-Honors-Junior-Class-with-Annual-Academic-and-Leadership-Awards-2026-04-27T084254.202Z.jpg\",\"width\":1200,\"height\":800},{\"@type\":\"BreadcrumbList\",\"@id\":\"https:\\\/\\\/edelweiss-panorama.ch\\\/tasis-honors-junior-class-with-annual-academic-and-leadership-awards\\\/#breadcrumb\",\"itemListElement\":[{\"@type\":\"ListItem\",\"position\":1,\"name\":\"Home\",\"item\":\"https:\\\/\\\/edelweiss-panorama.ch\\\/\"},{\"@type\":\"ListItem\",\"position\":2,\"name\":\"TASIS Honors Junior Class with Annual Academic and Leadership Awards\"}]},{\"@type\":\"WebSite\",\"@id\":\"https:\\\/\\\/edelweiss-panorama.ch\\\/fr\\\/#website\",\"url\":\"https:\\\/\\\/edelweiss-panorama.ch\\\/fr\\\/\",\"name\":\"Edelweiss Panorama International\",\"description\":\"Allows you to live and thrive every corner of the world.\",\"publisher\":{\"@id\":\"https:\\\/\\\/edelweiss-panorama.ch\\\/fr\\\/#organization\"},\"potentialAction\":[{\"@type\":\"SearchAction\",\"target\":{\"@type\":\"EntryPoint\",\"urlTemplate\":\"https:\\\/\\\/edelweiss-panorama.ch\\\/fr\\\/?s={search_term_string}\"},\"query-input\":{\"@type\":\"PropertyValueSpecification\",\"valueRequired\":true,\"valueName\":\"search_term_string\"}}],\"inLanguage\":\"fr-FR\"},{\"@type\":\"Organization\",\"@id\":\"https:\\\/\\\/edelweiss-panorama.ch\\\/fr\\\/#organization\",\"name\":\"Edelweiss Panorama International\",\"url\":\"https:\\\/\\\/edelweiss-panorama.ch\\\/fr\\\/\",\"logo\":{\"@type\":\"ImageObject\",\"inLanguage\":\"fr-FR\",\"@id\":\"https:\\\/\\\/edelweiss-panorama.ch\\\/fr\\\/#\\\/schema\\\/logo\\\/image\\\/\",\"url\":\"https:\\\/\\\/edelweiss-panorama.ch\\\/wp-content\\\/uploads\\\/2020\\\/04\\\/Untitled-design-1-1.png\",\"contentUrl\":\"https:\\\/\\\/edelweiss-panorama.ch\\\/wp-content\\\/uploads\\\/2020\\\/04\\\/Untitled-design-1-1.png\",\"width\":1080,\"height\":1080,\"caption\":\"Edelweiss Panorama International\"},\"image\":{\"@id\":\"https:\\\/\\\/edelweiss-panorama.ch\\\/fr\\\/#\\\/schema\\\/logo\\\/image\\\/\"},\"sameAs\":[\"https:\\\/\\\/www.facebook.com\\\/edelweisspanorama\",\"https:\\\/\\\/x.com\\\/EPI_Swiss\"]},{\"@type\":\"Person\",\"@id\":\"https:\\\/\\\/edelweiss-panorama.ch\\\/fr\\\/#\\\/schema\\\/person\\\/40f339557f1e3168761bba6377cb0829\",\"name\":\"Frederic Tatu\",\"image\":{\"@type\":\"ImageObject\",\"inLanguage\":\"fr-FR\",\"@id\":\"https:\\\/\\\/secure.gravatar.com\\\/avatar\\\/0fe323859f18731575cc1727306a418c1c06adb036da08a42ad58ee43321377e?s=96&d=mm&r=g\",\"url\":\"https:\\\/\\\/secure.gravatar.com\\\/avatar\\\/0fe323859f18731575cc1727306a418c1c06adb036da08a42ad58ee43321377e?s=96&d=mm&r=g\",\"contentUrl\":\"https:\\\/\\\/secure.gravatar.com\\\/avatar\\\/0fe323859f18731575cc1727306a418c1c06adb036da08a42ad58ee43321377e?s=96&d=mm&r=g\",\"caption\":\"Frederic Tatu\"}}]}<\/script>\n<!-- \/ Yoast SEO plugin. -->","yoast_head_json":{"title":"TASIS Honors Junior Class with Annual Academic and Leadership Awards - Edelweiss Panorama International","robots":{"index":"index","follow":"follow","max-snippet":"max-snippet:-1","max-image-preview":"max-image-preview:large","max-video-preview":"max-video-preview:-1"},"canonical":"https:\/\/edelweiss-panorama.ch\/fr\/tasis-honore-la-classe-de-troisieme-annee-avec-des-prix-annuels-de-reussite-scolaire-et-de-leadership\/","og_locale":"fr_FR","og_type":"article","og_title":"TASIS Honors Junior Class with Annual Academic and Leadership Awards - Edelweiss Panorama International","og_description":"The Junior Awards Assembly at TASIS celebrates student achievements across academics, arts, and athletics, while also serving as a motivational milestone that reinforces the school\u2019s values of excellence, integrity, and community as juniors prepare for their senior year.","og_url":"https:\/\/edelweiss-panorama.ch\/fr\/tasis-honore-la-classe-de-troisieme-annee-avec-des-prix-annuels-de-reussite-scolaire-et-de-leadership\/","og_site_name":"Edelweiss Panorama International","article_publisher":"https:\/\/www.facebook.com\/edelweisspanorama","article_published_time":"2026-04-27T08:43:08+00:00","author":"Frederic Tatu","twitter_card":"summary_large_image","twitter_creator":"@EPI_Swiss","twitter_site":"@EPI_Swiss","twitter_misc":{"\u00c9crit par":"Frederic Tatu","Dur\u00e9e de lecture estim\u00e9e":"2 minutes"},"schema":{"@context":"https:\/\/schema.org","@graph":[{"@type":"Article","@id":"https:\/\/edelweiss-panorama.ch\/tasis-honors-junior-class-with-annual-academic-and-leadership-awards\/#article","isPartOf":{"@id":"https:\/\/edelweiss-panorama.ch\/tasis-honors-junior-class-with-annual-academic-and-leadership-awards\/"},"author":{"name":"Frederic Tatu","@id":"https:\/\/edelweiss-panorama.ch\/fr\/#\/schema\/person\/40f339557f1e3168761bba6377cb0829"},"headline":"TASIS Honors Junior Class with Annual Academic and Leadership Awards","datePublished":"2026-04-27T08:43:08+00:00","mainEntityOfPage":{"@id":"https:\/\/edelweiss-panorama.ch\/tasis-honors-junior-class-with-annual-academic-and-leadership-awards\/"},"wordCount":321,"commentCount":0,"publisher":{"@id":"https:\/\/edelweiss-panorama.ch\/fr\/#organization"},"image":{"@id":"https:\/\/edelweiss-panorama.ch\/tasis-honors-junior-class-with-annual-academic-and-leadership-awards\/#primaryimage"},"thumbnailUrl":"https:\/\/edelweiss-panorama.ch\/wp-content\/uploads\/2026\/04\/TASIS-Honors-Junior-Class-with-Annual-Academic-and-Leadership-Awards-2026-04-27T084254.202Z.jpg","keywords":["TASIS The American School In Switzerland"],"articleSection":["Education"],"inLanguage":"fr-FR","potentialAction":[{"@type":"CommentAction","name":"Comment","target":["https:\/\/edelweiss-panorama.ch\/tasis-honors-junior-class-with-annual-academic-and-leadership-awards\/#respond"]}]},{"@type":"WebPage","@id":"https:\/\/edelweiss-panorama.ch\/tasis-honors-junior-class-with-annual-academic-and-leadership-awards\/","url":"https:\/\/edelweiss-panorama.ch\/tasis-honors-junior-class-with-annual-academic-and-leadership-awards\/","name":"TASIS Honors Junior Class with Annual Academic and Leadership Awards - Edelweiss Panorama International","isPartOf":{"@id":"https:\/\/edelweiss-panorama.ch\/fr\/#website"},"primaryImageOfPage":{"@id":"https:\/\/edelweiss-panorama.ch\/tasis-honors-junior-class-with-annual-academic-and-leadership-awards\/#primaryimage"},"image":{"@id":"https:\/\/edelweiss-panorama.ch\/tasis-honors-junior-class-with-annual-academic-and-leadership-awards\/#primaryimage"},"thumbnailUrl":"https:\/\/edelweiss-panorama.ch\/wp-content\/uploads\/2026\/04\/TASIS-Honors-Junior-Class-with-Annual-Academic-and-Leadership-Awards-2026-04-27T084254.202Z.jpg","datePublished":"2026-04-27T08:43:08+00:00","breadcrumb":{"@id":"https:\/\/edelweiss-panorama.ch\/tasis-honors-junior-class-with-annual-academic-and-leadership-awards\/#breadcrumb"},"inLanguage":"fr-FR","potentialAction":[{"@type":"ReadAction","target":["https:\/\/edelweiss-panorama.ch\/tasis-honors-junior-class-with-annual-academic-and-leadership-awards\/"]}]},{"@type":"ImageObject","inLanguage":"fr-FR","@id":"https:\/\/edelweiss-panorama.ch\/tasis-honors-junior-class-with-annual-academic-and-leadership-awards\/#primaryimage","url":"https:\/\/edelweiss-panorama.ch\/wp-content\/uploads\/2026\/04\/TASIS-Honors-Junior-Class-with-Annual-Academic-and-Leadership-Awards-2026-04-27T084254.202Z.jpg","contentUrl":"https:\/\/edelweiss-panorama.ch\/wp-content\/uploads\/2026\/04\/TASIS-Honors-Junior-Class-with-Annual-Academic-and-Leadership-Awards-2026-04-27T084254.202Z.jpg","width":1200,"height":800},{"@type":"BreadcrumbList","@id":"https:\/\/edelweiss-panorama.ch\/tasis-honors-junior-class-with-annual-academic-and-leadership-awards\/#breadcrumb","itemListElement":[{"@type":"ListItem","position":1,"name":"Home","item":"https:\/\/edelweiss-panorama.ch\/"},{"@type":"ListItem","position":2,"name":"TASIS Honors Junior Class with Annual Academic and Leadership Awards"}]},{"@type":"WebSite","@id":"https:\/\/edelweiss-panorama.ch\/fr\/#website","url":"https:\/\/edelweiss-panorama.ch\/fr\/","name":"Edelweiss Panorama International","description":"Il vous permet de vivre et de prosp\u00e9rer aux quatre coins du monde.","publisher":{"@id":"https:\/\/edelweiss-panorama.ch\/fr\/#organization"},"potentialAction":[{"@type":"SearchAction","target":{"@type":"EntryPoint","urlTemplate":"https:\/\/edelweiss-panorama.ch\/fr\/?s={search_term_string}"},"query-input":{"@type":"PropertyValueSpecification","valueRequired":true,"valueName":"search_term_string"}}],"inLanguage":"fr-FR"},{"@type":"Organization","@id":"https:\/\/edelweiss-panorama.ch\/fr\/#organization","name":"Edelweiss Panorama International","url":"https:\/\/edelweiss-panorama.ch\/fr\/","logo":{"@type":"ImageObject","inLanguage":"fr-FR","@id":"https:\/\/edelweiss-panorama.ch\/fr\/#\/schema\/logo\/image\/","url":"https:\/\/edelweiss-panorama.ch\/wp-content\/uploads\/2020\/04\/Untitled-design-1-1.png","contentUrl":"https:\/\/edelweiss-panorama.ch\/wp-content\/uploads\/2020\/04\/Untitled-design-1-1.png","width":1080,"height":1080,"caption":"Edelweiss Panorama International"},"image":{"@id":"https:\/\/edelweiss-panorama.ch\/fr\/#\/schema\/logo\/image\/"},"sameAs":["https:\/\/www.facebook.com\/edelweisspanorama","https:\/\/x.com\/EPI_Swiss"]},{"@type":"Person","@id":"https:\/\/edelweiss-panorama.ch\/fr\/#\/schema\/person\/40f339557f1e3168761bba6377cb0829","name":"Fr\u00e9d\u00e9ric Tatu","image":{"@type":"ImageObject","inLanguage":"fr-FR","@id":"https:\/\/secure.gravatar.com\/avatar\/0fe323859f18731575cc1727306a418c1c06adb036da08a42ad58ee43321377e?s=96&d=mm&r=g","url":"https:\/\/secure.gravatar.com\/avatar\/0fe323859f18731575cc1727306a418c1c06adb036da08a42ad58ee43321377e?s=96&d=mm&r=g","contentUrl":"https:\/\/secure.gravatar.com\/avatar\/0fe323859f18731575cc1727306a418c1c06adb036da08a42ad58ee43321377e?s=96&d=mm&r=g","caption":"Frederic Tatu"}}]}},"_links":{"self":[{"href":"https:\/\/edelweiss-panorama.ch\/fr\/wp-json\/wp\/v2\/posts\/51925","targetHints":{"allow":["GET"]}}],"collection":[{"href":"https:\/\/edelweiss-panorama.ch\/fr\/wp-json\/wp\/v2\/posts"}],"about":[{"href":"https:\/\/edelweiss-panorama.ch\/fr\/wp-json\/wp\/v2\/types\/post"}],"author":[{"embeddable":true,"href":"https:\/\/edelweiss-panorama.ch\/fr\/wp-json\/wp\/v2\/users\/10"}],"replies":[{"embeddable":true,"href":"https:\/\/edelweiss-panorama.ch\/fr\/wp-json\/wp\/v2\/comments?post=51925"}],"version-history":[{"count":0,"href":"https:\/\/edelweiss-panorama.ch\/fr\/wp-json\/wp\/v2\/posts\/51925\/revisions"}],"wp:featuredmedia":[{"embeddable":true,"href":"https:\/\/edelweiss-panorama.ch\/fr\/wp-json\/wp\/v2\/media\/51923"}],"wp:attachment":[{"href":"https:\/\/edelweiss-panorama.ch\/fr\/wp-json\/wp\/v2\/media?parent=51925"}],"wp:term":[{"taxonomy":"category","embeddable":true,"href":"https:\/\/edelweiss-panorama.ch\/fr\/wp-json\/wp\/v2\/categories?post=51925"},{"taxonomy":"post_tag","embeddable":true,"href":"https:\/\/edelweiss-panorama.ch\/fr\/wp-json\/wp\/v2\/tags?post=51925"}],"curies":[{"name":"wp","href":"https:\/\/api.w.org\/{rel}","templated":true}]}}